{"id":2960,"date":"2022-10-06T21:37:11","date_gmt":"2022-10-06T19:37:11","guid":{"rendered":"https:\/\/www.kosmetikkaufhaus.de\/neues\/?p=2960"},"modified":"2022-11-06T18:43:08","modified_gmt":"2022-11-06T17:43:08","slug":"hautpflege-im-herbst","status":"publish","type":"post","link":"https:\/\/www.kosmetikkaufhaus.de\/neues\/hautpflege-im-herbst\/","title":{"rendered":"Hautpflege im Herbst &#8211; darauf kommt es an:"},"content":{"rendered":"\t\t<div data-elementor-type=\"wp-post\" data-elementor-id=\"2960\" class=\"elementor elementor-2960\" data-elementor-post-type=\"post\">\n\t\t\t\t\t\t<section class=\"elementor-section elementor-top-section elementor-element elementor-element-69e708b7 elementor-section-boxed elementor-section-height-default elementor-section-height-default\" data-id=\"69e708b7\" data-element_type=\"section\" data-e-type=\"section\">\n\t\t\t\t\t\t<div class=\"elementor-container elementor-column-gap-default\">\n\t\t\t\t\t<div class=\"elementor-column elementor-col-100 elementor-top-column elementor-element elementor-element-c9bcc80\" data-id=\"c9bcc80\" data-element_type=\"column\" data-e-type=\"column\">\n\t\t\t<div class=\"elementor-widget-wrap elementor-element-populated\">\n\t\t\t\t\t\t<div class=\"elementor-element elementor-element-685b0e82 elementor-widget-divider--view-line_text elementor-widget elementor-widget-divider\" data-id=\"685b0e82\" data-element_type=\"widget\" data-e-type=\"widget\" data-widget_type=\"divider.default\">\n\t\t\t\t<div class=\"elementor-widget-container\">\n\t\t\t\t\t\t\t<div class=\"elementor-divider\">\n\t\t\t<span class=\"elementor-divider-separator\">\n\t\t\t\t\t\t\t<span class=\"elementor-divider__text elementor-divider__element\">\n\t\t\t\tGesichtspflege\t\t\t\t<\/span>\n\t\t\t\t\t\t<\/span>\n\t\t<\/div>\n\t\t\t\t\t\t<\/div>\n\t\t\t\t<\/div>\n\t\t\t\t\t<\/div>\n\t\t<\/div>\n\t\t\t\t\t<\/div>\n\t\t<\/section>\n\t\t\t\t<section class=\"elementor-section elementor-top-section elementor-element elementor-element-431f7294 elementor-section-height-min-height elementor-section-full_width elementor-section-height-default elementor-section-items-middle\" data-id=\"431f7294\" data-element_type=\"section\" data-e-type=\"section\" data-settings=\"{&quot;background_background&quot;:&quot;classic&quot;}\">\n\t\t\t\t\t\t\t<div class=\"elementor-background-overlay\"><\/div>\n\t\t\t\t\t\t\t<div class=\"elementor-container elementor-column-gap-no\">\n\t\t\t\t\t<div class=\"elementor-column elementor-col-100 elementor-top-column elementor-element elementor-element-5473e59\" data-id=\"5473e59\" data-element_type=\"column\" data-e-type=\"column\">\n\t\t\t<div class=\"elementor-widget-wrap\">\n\t\t\t\t\t\t\t<\/div>\n\t\t<\/div>\n\t\t\t\t\t<\/div>\n\t\t<\/section>\n\t\t\t\t<section class=\"elementor-section elementor-top-section elementor-element elementor-element-77bcc6b9 elementor-section-boxed elementor-section-height-default elementor-section-height-default\" data-id=\"77bcc6b9\" data-element_type=\"section\" data-e-type=\"section\">\n\t\t\t\t\t\t<div class=\"elementor-container elementor-column-gap-default\">\n\t\t\t\t\t<div class=\"elementor-column elementor-col-100 elementor-top-column elementor-element elementor-element-2e8254f9\" data-id=\"2e8254f9\" data-element_type=\"column\" data-e-type=\"column\">\n\t\t\t<div class=\"elementor-widget-wrap elementor-element-populated\">\n\t\t\t\t\t\t<div class=\"elementor-element elementor-element-d2eded7 elementor-widget elementor-widget-text-editor\" data-id=\"d2eded7\" data-element_type=\"widget\" data-e-type=\"widget\" data-widget_type=\"text-editor.default\">\n\t\t\t\t<div class=\"elementor-widget-container\">\n\t\t\t\t\t\t\t\t\t<p>\u00a9<span class=\"blue science-text\" data-t=\"detail-panel-content-author-name\">deniskomarov <\/span><span style=\"font-size: 16px; color: var( --e-global-color-secondary );\">&#8211; stock.adobe.com<\/span><\/p>\t\t\t\t\t\t\t\t<\/div>\n\t\t\t\t<\/div>\n\t\t\t\t<div class=\"elementor-element elementor-element-4b91191 elementor-widget elementor-widget-heading\" data-id=\"4b91191\" data-element_type=\"widget\" data-e-type=\"widget\" data-widget_type=\"heading.default\">\n\t\t\t\t<div class=\"elementor-widget-container\">\n\t\t\t\t\t<h1 class=\"elementor-heading-title elementor-size-default\">Hautpflege im Herbst<\/h1>\t\t\t\t<\/div>\n\t\t\t\t<\/div>\n\t\t\t\t<div class=\"elementor-element elementor-element-2e844490 elementor-widget elementor-widget-heading\" data-id=\"2e844490\" data-element_type=\"widget\" data-e-type=\"widget\" data-widget_type=\"heading.default\">\n\t\t\t\t<div class=\"elementor-widget-container\">\n\t\t\t\t\t<h2 class=\"elementor-heading-title elementor-size-default\">Auf diese 4 Dinge kommt es wirklich an<\/h2>\t\t\t\t<\/div>\n\t\t\t\t<\/div>\n\t\t\t\t<div class=\"elementor-element elementor-element-73614b1f elementor-widget-divider--view-line elementor-widget elementor-widget-divider\" data-id=\"73614b1f\" data-element_type=\"widget\" data-e-type=\"widget\" data-widget_type=\"divider.default\">\n\t\t\t\t<div class=\"elementor-widget-container\">\n\t\t\t\t\t\t\t<div class=\"elementor-divider\">\n\t\t\t<span class=\"elementor-divider-separator\">\n\t\t\t\t\t\t<\/span>\n\t\t<\/div>\n\t\t\t\t\t\t<\/div>\n\t\t\t\t<\/div>\n\t\t\t\t<div class=\"elementor-element elementor-element-663b57e1 elementor-drop-cap-yes elementor-drop-cap-view-default elementor-widget elementor-widget-text-editor\" data-id=\"663b57e1\" data-element_type=\"widget\" data-e-type=\"widget\" data-settings=\"{&quot;drop_cap&quot;:&quot;yes&quot;}\" data-widget_type=\"text-editor.default\">\n\t\t\t\t<div class=\"elementor-widget-container\">\n\t\t\t\t\t\t\t\t\t<p>Der Herbst ist da und der Wechsel zwischen den Jahreszeiten bedeutet auch eine Umstellung in unserem Alltag. Wie unseren Kleiderschrank sollten wir nun auch unsere Beauty-Routine umr\u00fcsten. W\u00e4hrend wir immer Sommer auf leichte Texturen wie Gele, Fluids oder Seren setzen, darf es bei unserer Hautpflege nun reichhaltiger werden. Denn die k\u00fchleren Temperaturen verlangen unserer Haut und unseren Haaren einiges ab. Der Teint wirkt fahl, Trockenheitsf\u00e4ltchen bilden sich ab und die Haare werden glanzlos. Mit diesen Tipps starten Sie mit strahlend sch\u00f6ner Haut in die neue Saison:<\/p>\t\t\t\t\t\t\t\t<\/div>\n\t\t\t\t<\/div>\n\t\t\t\t<div class=\"elementor-element elementor-element-291ed81e elementor-widget-divider--view-line elementor-widget elementor-widget-divider\" data-id=\"291ed81e\" data-element_type=\"widget\" data-e-type=\"widget\" data-widget_type=\"divider.default\">\n\t\t\t\t<div class=\"elementor-widget-container\">\n\t\t\t\t\t\t\t<div class=\"elementor-divider\">\n\t\t\t<span class=\"elementor-divider-separator\">\n\t\t\t\t\t\t<\/span>\n\t\t<\/div>\n\t\t\t\t\t\t<\/div>\n\t\t\t\t<\/div>\n\t\t\t\t<div class=\"elementor-element elementor-element-2e3940e2 elementor-widget elementor-widget-heading\" data-id=\"2e3940e2\" data-element_type=\"widget\" data-e-type=\"widget\" data-widget_type=\"heading.default\">\n\t\t\t\t<div class=\"elementor-widget-container\">\n\t\t\t\t\t<h6 class=\"elementor-heading-title elementor-size-default\">Trockene Haut<\/h6>\t\t\t\t<\/div>\n\t\t\t\t<\/div>\n\t\t\t\t<div class=\"elementor-element elementor-element-131c90ce elementor-widget elementor-widget-text-editor\" data-id=\"131c90ce\" data-element_type=\"widget\" data-e-type=\"widget\" data-widget_type=\"text-editor.default\">\n\t\t\t\t<div class=\"elementor-widget-container\">\n\t\t\t\t\t\t\t\t\t<p>Ihre Haut spannt auf einmal und f\u00fchlt sich insgesamt einfach trocken an? Das liegt an den k\u00fchleren Temperaturen. Sobald es k\u00e4lter wird, verringern unsere Talgdr\u00fcsen ihre Aktivit\u00e4t. Daher darf unsere Pflege ab jetzt gerne etwas <b>fettreicher<\/b> sein. Die gute Nachricht: Wer <b>fr\u00fchzeitig<\/b> mit der Umstellung der Hautpflege beginnt, <b>erspart<\/b> sich die typischen Symptome.<\/p>\t\t\t\t\t\t\t\t<\/div>\n\t\t\t\t<\/div>\n\t\t\t\t<div class=\"elementor-element elementor-element-48a2d5f0 elementor-position-inline-start elementor-view-default elementor-mobile-position-block-start elementor-widget elementor-widget-icon-box\" data-id=\"48a2d5f0\" data-element_type=\"widget\" data-e-type=\"widget\" data-widget_type=\"icon-box.default\">\n\t\t\t\t<div class=\"elementor-widget-container\">\n\t\t\t\t\t\t\t<div class=\"elementor-icon-box-wrapper\">\n\n\t\t\t\t\t\t<div class=\"elementor-icon-box-icon\">\n\t\t\t\t<span  class=\"elementor-icon\">\n\t\t\t\t<i aria-hidden=\"true\" class=\"fas fa-exclamation\"><\/i>\t\t\t\t<\/span>\n\t\t\t<\/div>\n\t\t\t\n\t\t\t\t\t\t<div class=\"elementor-icon-box-content\">\n\n\t\t\t\t\t\t\t\t\t<h3 class=\"elementor-icon-box-title\">\n\t\t\t\t\t\t<span  >\n\t\t\t\t\t\t\tWichtig:\t\t\t\t\t\t<\/span>\n\t\t\t\t\t<\/h3>\n\t\t\t\t\n\t\t\t\t\t\t\t\t\t<p class=\"elementor-icon-box-description\">\n\t\t\t\t\t\tGehen Sie die Umstellung langsam an. Gew\u00f6hnen Sie Ihre Haut an die reichhaltigeren Tagescremes und wenden diese erst mal nachts an. Bei zu schneller Umstellung kann die Haut schnell \u00fcberreagieren.\t\t\t\t\t<\/p>\n\t\t\t\t\n\t\t\t<\/div>\n\t\t\t\n\t\t<\/div>\n\t\t\t\t\t\t<\/div>\n\t\t\t\t<\/div>\n\t\t\t\t<div class=\"elementor-element elementor-element-2acb56df elementor-skin-carousel elementor-arrows-yes elementor-widget elementor-widget-media-carousel\" data-id=\"2acb56df\" data-element_type=\"widget\" data-e-type=\"widget\" data-settings=\"{&quot;slides_per_view&quot;:&quot;3&quot;,&quot;_animation&quot;:&quot;none&quot;,&quot;slides_per_view_tablet&quot;:&quot;3&quot;,&quot;slides_to_scroll&quot;:&quot;1&quot;,&quot;slides_to_scroll_tablet&quot;:&quot;1&quot;,&quot;slides_per_view_mobile&quot;:&quot;2&quot;,&quot;speed&quot;:649,&quot;skin&quot;:&quot;carousel&quot;,&quot;effect&quot;:&quot;slide&quot;,&quot;show_arrows&quot;:&quot;yes&quot;,&quot;space_between&quot;:{&quot;unit&quot;:&quot;px&quot;,&quot;size&quot;:10,&quot;sizes&quot;:[]},&quot;space_between_tablet&quot;:{&quot;unit&quot;:&quot;px&quot;,&quot;size&quot;:10,&quot;sizes&quot;:[]},&quot;space_between_mobile&quot;:{&quot;unit&quot;:&quot;px&quot;,&quot;size&quot;:10,&quot;sizes&quot;:[]}}\" data-widget_type=\"media-carousel.default\">\n\t\t\t\t<div class=\"elementor-widget-container\">\n\t\t\t\t\t\t\t\t\t<div class=\"elementor-swiper\">\n\t\t\t\t\t<div class=\"elementor-main-swiper swiper\" role=\"region\" aria-roledescription=\"carousel\" aria-label=\"Slider\">\n\t\t\t\t<div class=\"swiper-wrapper\">\n\t\t\t\t\t\t\t\t\t\t\t<div class=\"swiper-slide\" role=\"group\" aria-roledescription=\"slide\">\n\t\t\t\t\t\t\t<a href=\"https:\/\/www.kosmetikkaufhaus.de\/detail=275=DECE30877=Decleor=Neroli-Bigarade-Creme-Cocoon.php\">\t\t<div class=\"elementor-carousel-image\" role=\"img\" aria-label=\"DECE30877_d\" style=\"background-image: url(&#039;https:\/\/www.kosmetikkaufhaus.de\/neues\/wp-content\/uploads\/2022\/10\/DECE30877_d.jpg&#039;)\">\n\n\t\t\t\n\t\t\t\t\t<\/div>\n\t\t<\/a>\t\t\t\t\t\t<\/div>\n\t\t\t\t\t\t\t\t\t\t\t<div class=\"swiper-slide\" role=\"group\" aria-roledescription=\"slide\">\n\t\t\t\t\t\t\t<a href=\"https:\/\/www.kosmetikkaufhaus.de\/detail=774=DSP00113105=Dr-Spiller-Pure-SkinCare-Solutions=Aprikosen-Balm.php\">\t\t<div class=\"elementor-carousel-image\" role=\"img\" aria-label=\"DSP00113105_d\" style=\"background-image: url(&#039;https:\/\/www.kosmetikkaufhaus.de\/neues\/wp-content\/uploads\/2022\/10\/DSP00113105_d.jpg&#039;)\">\n\n\t\t\t\n\t\t\t\t\t<\/div>\n\t\t<\/a>\t\t\t\t\t\t<\/div>\n\t\t\t\t\t\t\t\t\t\t\t<div class=\"swiper-slide\" role=\"group\" aria-roledescription=\"slide\">\n\t\t\t\t\t\t\t<a href=\"https:\/\/www.kosmetikkaufhaus.de\/detail=21=KLAP1954=Klapp=X-TREME-Super-Lipid-24h-Creme.php\">\t\t<div class=\"elementor-carousel-image\" role=\"img\" aria-label=\"klap1954_d\" style=\"background-image: url(&#039;https:\/\/www.kosmetikkaufhaus.de\/neues\/wp-content\/uploads\/2022\/10\/klap1954_d.jpg&#039;)\">\n\n\t\t\t\n\t\t\t\t\t<\/div>\n\t\t<\/a>\t\t\t\t\t\t<\/div>\n\t\t\t\t\t\t\t\t\t<\/div>\n\t\t\t\t\t\t\t\t\t\t\t\t\t\t\t<div class=\"elementor-swiper-button elementor-swiper-button-prev\" role=\"button\" tabindex=\"0\" aria-label=\"Voriger\">\n\t\t\t\t\t\t\t<i aria-hidden=\"true\" class=\"eicon-chevron-left\"><\/i>\t\t\t\t\t\t<\/div>\n\t\t\t\t\t\t<div class=\"elementor-swiper-button elementor-swiper-button-next\" role=\"button\" tabindex=\"0\" aria-label=\"N\u00e4chster\">\n\t\t\t\t\t\t\t<i aria-hidden=\"true\" class=\"eicon-chevron-right\"><\/i>\t\t\t\t\t\t<\/div>\n\t\t\t\t\t\t\t\t\t\t\t\t\t\t\t\t\t<\/div>\n\t\t\t\t<\/div>\n\t\t\t\t\t\t\t\t<\/div>\n\t\t\t\t<\/div>\n\t\t\t\t<div class=\"elementor-element elementor-element-14970068 elementor-align-justify elementor-widget elementor-widget-button\" data-id=\"14970068\" data-element_type=\"widget\" data-e-type=\"widget\" data-widget_type=\"button.default\">\n\t\t\t\t<div class=\"elementor-widget-container\">\n\t\t\t\t\t\t\t\t\t<div class=\"elementor-button-wrapper\">\n\t\t\t\t\t<a class=\"elementor-button elementor-button-link elementor-size-xs\" href=\"https:\/\/www.kosmetikkaufhaus.de\/kategorie=10228=102=Gesicht-Gesichtspflege-Wintercreme-besonders-reichhaltig.php\">\n\t\t\t\t\t\t<span class=\"elementor-button-content-wrapper\">\n\t\t\t\t\t\t\t\t\t<span class=\"elementor-button-text\">Alle Produkte<\/span>\n\t\t\t\t\t<\/span>\n\t\t\t\t\t<\/a>\n\t\t\t\t<\/div>\n\t\t\t\t\t\t\t\t<\/div>\n\t\t\t\t<\/div>\n\t\t\t\t<div class=\"elementor-element elementor-element-22619489 elementor-widget elementor-widget-heading\" data-id=\"22619489\" data-element_type=\"widget\" data-e-type=\"widget\" data-widget_type=\"heading.default\">\n\t\t\t\t<div class=\"elementor-widget-container\">\n\t\t\t\t\t<h6 class=\"elementor-heading-title elementor-size-default\">Lippenpflege nicht vergessen<\/h6>\t\t\t\t<\/div>\n\t\t\t\t<\/div>\n\t\t\t\t<div class=\"elementor-element elementor-element-7dec463 elementor-widget elementor-widget-text-editor\" data-id=\"7dec463\" data-element_type=\"widget\" data-e-type=\"widget\" data-widget_type=\"text-editor.default\">\n\t\t\t\t<div class=\"elementor-widget-container\">\n\t\t\t\t\t\t\t\t\t<p>Der Klassiker der Hautbeschwerden im Herbst &amp; Winter: spr\u00f6de Lippen. Die Haut unserer Lippen ist besonders sensibel und braucht eine extra Portion Pflege. Erst recht, wenn Sie sich l\u00e4nger drau\u00dfen aufhalten. Vor dem n\u00e4chsten Herbstspaziergang unbedingt an einen reichhaltigen Lippenbalm denken.<\/p>\t\t\t\t\t\t\t\t<\/div>\n\t\t\t\t<\/div>\n\t\t\t\t<div class=\"elementor-element elementor-element-0cb7381 elementor-position-inline-start elementor-view-default elementor-mobile-position-block-start elementor-widget elementor-widget-icon-box\" data-id=\"0cb7381\" data-element_type=\"widget\" data-e-type=\"widget\" data-widget_type=\"icon-box.default\">\n\t\t\t\t<div class=\"elementor-widget-container\">\n\t\t\t\t\t\t\t<div class=\"elementor-icon-box-wrapper\">\n\n\t\t\t\t\t\t<div class=\"elementor-icon-box-icon\">\n\t\t\t\t<span  class=\"elementor-icon\">\n\t\t\t\t<i aria-hidden=\"true\" class=\"far fa-lightbulb\"><\/i>\t\t\t\t<\/span>\n\t\t\t<\/div>\n\t\t\t\n\t\t\t\t\t\t<div class=\"elementor-icon-box-content\">\n\n\t\t\t\t\t\t\t\t\t<h3 class=\"elementor-icon-box-title\">\n\t\t\t\t\t\t<span  >\n\t\t\t\t\t\t\tSchon gewusst?\t\t\t\t\t\t<\/span>\n\t\t\t\t\t<\/h3>\n\t\t\t\t\n\t\t\t\t\t\t\t\t\t<p class=\"elementor-icon-box-description\">\n\t\t\t\t\t\tAuch f\u00fcr unsere Lippen gibt es spezielle Peelings! Diese sorgen f\u00fcr einen extra geschmeidigen und weichen Kussmund.\t\t\t\t\t<\/p>\n\t\t\t\t\n\t\t\t<\/div>\n\t\t\t\n\t\t<\/div>\n\t\t\t\t\t\t<\/div>\n\t\t\t\t<\/div>\n\t\t\t\t<div class=\"elementor-element elementor-element-7c119e77 elementor-skin-carousel elementor-arrows-yes elementor-widget elementor-widget-media-carousel\" data-id=\"7c119e77\" data-element_type=\"widget\" data-e-type=\"widget\" data-settings=\"{&quot;slides_per_view&quot;:&quot;4&quot;,&quot;_animation&quot;:&quot;none&quot;,&quot;slides_per_view_tablet&quot;:&quot;3&quot;,&quot;slides_to_scroll&quot;:&quot;1&quot;,&quot;slides_to_scroll_tablet&quot;:&quot;1&quot;,&quot;slides_per_view_mobile&quot;:&quot;2&quot;,&quot;speed&quot;:649,&quot;skin&quot;:&quot;carousel&quot;,&quot;effect&quot;:&quot;slide&quot;,&quot;show_arrows&quot;:&quot;yes&quot;,&quot;space_between&quot;:{&quot;unit&quot;:&quot;px&quot;,&quot;size&quot;:10,&quot;sizes&quot;:[]},&quot;space_between_tablet&quot;:{&quot;unit&quot;:&quot;px&quot;,&quot;size&quot;:10,&quot;sizes&quot;:[]},&quot;space_between_mobile&quot;:{&quot;unit&quot;:&quot;px&quot;,&quot;size&quot;:10,&quot;sizes&quot;:[]}}\" data-widget_type=\"media-carousel.default\">\n\t\t\t\t<div class=\"elementor-widget-container\">\n\t\t\t\t\t\t\t\t\t<div class=\"elementor-swiper\">\n\t\t\t\t\t<div class=\"elementor-main-swiper swiper\" role=\"region\" aria-roledescription=\"carousel\" aria-label=\"Slider\">\n\t\t\t\t<div class=\"swiper-wrapper\">\n\t\t\t\t\t\t\t\t\t\t\t<div class=\"swiper-slide\" role=\"group\" aria-roledescription=\"slide\">\n\t\t\t\t\t\t\t<a href=\"https:\/\/www.kosmetikkaufhaus.de\/detail=816=NUX18173391=Nuxe=Reve-de-Miel-Honig-Lippenpflegeoel.php\">\t\t<div class=\"elementor-carousel-image\" role=\"img\" aria-label=\"NUX18173391\" style=\"background-image: url(&#039;https:\/\/www.kosmetikkaufhaus.de\/neues\/wp-content\/uploads\/2022\/10\/NUX18173391.jpg&#039;)\">\n\n\t\t\t\n\t\t\t\t\t<\/div>\n\t\t<\/a>\t\t\t\t\t\t<\/div>\n\t\t\t\t\t\t\t\t\t\t\t<div class=\"swiper-slide\" role=\"group\" aria-roledescription=\"slide\">\n\t\t\t\t\t\t\t<a href=\"https:\/\/www.kosmetikkaufhaus.de\/detail=79=CNC101520=CNC-cosmetic=MicroSilver-BG-Lip-Balm-SPF30.php\">\t\t<div class=\"elementor-carousel-image\" role=\"img\" aria-label=\"CNC101520_d\" style=\"background-image: url(&#039;https:\/\/www.kosmetikkaufhaus.de\/neues\/wp-content\/uploads\/2022\/10\/CNC101520_d.jpg&#039;)\">\n\n\t\t\t\n\t\t\t\t\t<\/div>\n\t\t<\/a>\t\t\t\t\t\t<\/div>\n\t\t\t\t\t\t\t\t\t\t\t<div class=\"swiper-slide\" role=\"group\" aria-roledescription=\"slide\">\n\t\t\t\t\t\t\t<a href=\"https:\/\/www.kosmetikkaufhaus.de\/detail=223=AMB600080=Annemarie-Boerlind=NatuRoyale-Augen-und-Lippenpflege.php\">\t\t<div class=\"elementor-carousel-image\" role=\"img\" aria-label=\"AMB600080_d\" style=\"background-image: url(&#039;https:\/\/www.kosmetikkaufhaus.de\/neues\/wp-content\/uploads\/2022\/10\/AMB600080_d.jpg&#039;)\">\n\n\t\t\t\n\t\t\t\t\t<\/div>\n\t\t<\/a>\t\t\t\t\t\t<\/div>\n\t\t\t\t\t\t\t\t\t<\/div>\n\t\t\t\t\t\t\t\t\t\t\t\t\t\t\t<div class=\"elementor-swiper-button elementor-swiper-button-prev\" role=\"button\" tabindex=\"0\" aria-label=\"Voriger\">\n\t\t\t\t\t\t\t<i aria-hidden=\"true\" class=\"eicon-chevron-left\"><\/i>\t\t\t\t\t\t<\/div>\n\t\t\t\t\t\t<div class=\"elementor-swiper-button elementor-swiper-button-next\" role=\"button\" tabindex=\"0\" aria-label=\"N\u00e4chster\">\n\t\t\t\t\t\t\t<i aria-hidden=\"true\" class=\"eicon-chevron-right\"><\/i>\t\t\t\t\t\t<\/div>\n\t\t\t\t\t\t\t\t\t\t\t\t\t\t\t\t\t<\/div>\n\t\t\t\t<\/div>\n\t\t\t\t\t\t\t\t<\/div>\n\t\t\t\t<\/div>\n\t\t\t\t<div class=\"elementor-element elementor-element-2d4a4857 elementor-align-justify elementor-widget elementor-widget-button\" data-id=\"2d4a4857\" data-element_type=\"widget\" data-e-type=\"widget\" data-widget_type=\"button.default\">\n\t\t\t\t<div class=\"elementor-widget-container\">\n\t\t\t\t\t\t\t\t\t<div class=\"elementor-button-wrapper\">\n\t\t\t\t\t<a class=\"elementor-button elementor-button-link elementor-size-xs\" href=\"https:\/\/www.kosmetikkaufhaus.de\/kategorie=520=102=Gesicht-Lippenpflege.php\">\n\t\t\t\t\t\t<span class=\"elementor-button-content-wrapper\">\n\t\t\t\t\t\t\t\t\t<span class=\"elementor-button-text\">Alle Produkte<\/span>\n\t\t\t\t\t<\/span>\n\t\t\t\t\t<\/a>\n\t\t\t\t<\/div>\n\t\t\t\t\t\t\t\t<\/div>\n\t\t\t\t<\/div>\n\t\t\t\t<div class=\"elementor-element elementor-element-47faafea elementor-widget elementor-widget-heading\" data-id=\"47faafea\" data-element_type=\"widget\" data-e-type=\"widget\" data-widget_type=\"heading.default\">\n\t\t\t\t<div class=\"elementor-widget-container\">\n\t\t\t\t\t<h6 class=\"elementor-heading-title elementor-size-default\">Glanzloses Haar<\/h6>\t\t\t\t<\/div>\n\t\t\t\t<\/div>\n\t\t\t\t<div class=\"elementor-element elementor-element-4a022a5 elementor-widget elementor-widget-text-editor\" data-id=\"4a022a5\" data-element_type=\"widget\" data-e-type=\"widget\" data-widget_type=\"text-editor.default\">\n\t\t\t\t<div class=\"elementor-widget-container\">\n\t\t\t\t\t\t\t\t\t<p>Trockene Heizungsluft, nasskaltes Wetter, M\u00fctze auf und absetzten. Das m\u00f6gen unsere Haare gar nicht! Auch hier ist die richtige Pflege Gold wert. Leichte Leave \u2013 In Conditioner k\u00f6nnen Abhilfe schaffen, ersetzen aber nicht die Haarmaske. Diese kann je nach Bedarf ab jetzt 1\u20132-mal pro Woche angewendet werden. Und ja, auch f\u00fcr feines Haar gibt\u00b4s die richtige Haarmaske.<\/p>\t\t\t\t\t\t\t\t<\/div>\n\t\t\t\t<\/div>\n\t\t\t\t<div class=\"elementor-element elementor-element-b8c981c elementor-position-inline-start elementor-view-default elementor-mobile-position-block-start elementor-widget elementor-widget-icon-box\" data-id=\"b8c981c\" data-element_type=\"widget\" data-e-type=\"widget\" data-widget_type=\"icon-box.default\">\n\t\t\t\t<div class=\"elementor-widget-container\">\n\t\t\t\t\t\t\t<div class=\"elementor-icon-box-wrapper\">\n\n\t\t\t\t\t\t<div class=\"elementor-icon-box-icon\">\n\t\t\t\t<span  class=\"elementor-icon\">\n\t\t\t\t<i aria-hidden=\"true\" class=\"far fa-arrow-alt-circle-right\"><\/i>\t\t\t\t<\/span>\n\t\t\t<\/div>\n\t\t\t\n\t\t\t\t\t\t<div class=\"elementor-icon-box-content\">\n\n\t\t\t\t\t\t\t\t\t<h3 class=\"elementor-icon-box-title\">\n\t\t\t\t\t\t<span  >\n\t\t\t\t\t\t\tTipp\t\t\t\t\t\t<\/span>\n\t\t\t\t\t<\/h3>\n\t\t\t\t\n\t\t\t\t\t\t\t\t\t<p class=\"elementor-icon-box-description\">\n\t\t\t\t\t\tSie w\u00fcnschen sich gl\u00e4nzenderes Haar? Dann hei\u00dft es k\u00fchl aussp\u00fclen! Ja Sie haben richtig gelesen. Nach der regul\u00e4ren Haarw\u00e4sche sollten Sie Ihr Haar mit k\u00fchlem Wasser aussp\u00fclen. \n\n<b>Der Grund<\/b>: unsere Haarstruktur gleicht der eines Tannenzapfens. Bei W\u00e4rme \u00f6ffnet sich die sogenannte Schuppenschicht und bei K\u00e4lte zieht sie sich zusammen. Es entsteht eine glattere Oberfl\u00e4che und somit mehr Glanz. Au\u00dferdem verringert es die Talgproduktion und die Haare fetten nicht so schnell nach. \t\t\t\t\t<\/p>\n\t\t\t\t\n\t\t\t<\/div>\n\t\t\t\n\t\t<\/div>\n\t\t\t\t\t\t<\/div>\n\t\t\t\t<\/div>\n\t\t\t\t<div class=\"elementor-element elementor-element-285f957a elementor-skin-carousel elementor-arrows-yes elementor-widget elementor-widget-media-carousel\" data-id=\"285f957a\" data-element_type=\"widget\" data-e-type=\"widget\" data-settings=\"{&quot;slides_per_view&quot;:&quot;3&quot;,&quot;_animation&quot;:&quot;none&quot;,&quot;slides_per_view_tablet&quot;:&quot;3&quot;,&quot;slides_to_scroll&quot;:&quot;1&quot;,&quot;slides_to_scroll_tablet&quot;:&quot;1&quot;,&quot;slides_per_view_mobile&quot;:&quot;2&quot;,&quot;speed&quot;:649,&quot;skin&quot;:&quot;carousel&quot;,&quot;effect&quot;:&quot;slide&quot;,&quot;show_arrows&quot;:&quot;yes&quot;,&quot;space_between&quot;:{&quot;unit&quot;:&quot;px&quot;,&quot;size&quot;:10,&quot;sizes&quot;:[]},&quot;space_between_tablet&quot;:{&quot;unit&quot;:&quot;px&quot;,&quot;size&quot;:10,&quot;sizes&quot;:[]},&quot;space_between_mobile&quot;:{&quot;unit&quot;:&quot;px&quot;,&quot;size&quot;:10,&quot;sizes&quot;:[]}}\" data-widget_type=\"media-carousel.default\">\n\t\t\t\t<div class=\"elementor-widget-container\">\n\t\t\t\t\t\t\t\t\t<div class=\"elementor-swiper\">\n\t\t\t\t\t<div class=\"elementor-main-swiper swiper\" role=\"region\" aria-roledescription=\"carousel\" aria-label=\"Slider\">\n\t\t\t\t<div class=\"swiper-wrapper\">\n\t\t\t\t\t\t\t\t\t\t\t<div class=\"swiper-slide\" role=\"group\" aria-roledescription=\"slide\">\n\t\t\t\t\t\t\t<a href=\"https:\/\/www.kosmetikkaufhaus.de\/detail=794=IOBISST001=Innersense-Organic-Beauty=Hydrating-Hair-Mask.php\">\t\t<div class=\"elementor-carousel-image\" role=\"img\" aria-label=\"IOBISST001\" style=\"background-image: url(&#039;https:\/\/www.kosmetikkaufhaus.de\/neues\/wp-content\/uploads\/2022\/10\/IOBISST001.jpg&#039;)\">\n\n\t\t\t\n\t\t\t\t\t<\/div>\n\t\t<\/a>\t\t\t\t\t\t<\/div>\n\t\t\t\t\t\t\t\t\t\t\t<div class=\"swiper-slide\" role=\"group\" aria-roledescription=\"slide\">\n\t\t\t\t\t\t\t<a href=\"https:\/\/www.kosmetikkaufhaus.de\/detail=242=MOR3113=Moroccanoil=Weightless-Hydrating-Mask-75-ml.php\">\t\t<div class=\"elementor-carousel-image\" role=\"img\" aria-label=\"MOR3113\" style=\"background-image: url(&#039;https:\/\/www.kosmetikkaufhaus.de\/neues\/wp-content\/uploads\/2022\/10\/MOR3113.jpg&#039;)\">\n\n\t\t\t\n\t\t\t\t\t<\/div>\n\t\t<\/a>\t\t\t\t\t\t<\/div>\n\t\t\t\t\t\t\t\t\t\t\t<div class=\"swiper-slide\" role=\"group\" aria-roledescription=\"slide\">\n\t\t\t\t\t\t\t<a href=\"https:\/\/www.kosmetikkaufhaus.de\/detail=504=KHA577532=Khadi=Deep-Shine-Shikakai-Haarmaske.php\">\t\t<div class=\"elementor-carousel-image\" role=\"img\" aria-label=\"KHA577532\" style=\"background-image: url(&#039;https:\/\/www.kosmetikkaufhaus.de\/neues\/wp-content\/uploads\/2022\/10\/KHA577532.jpg&#039;)\">\n\n\t\t\t\n\t\t\t\t\t<\/div>\n\t\t<\/a>\t\t\t\t\t\t<\/div>\n\t\t\t\t\t\t\t\t\t<\/div>\n\t\t\t\t\t\t\t\t\t\t\t\t\t\t\t<div class=\"elementor-swiper-button elementor-swiper-button-prev\" role=\"button\" tabindex=\"0\" aria-label=\"Voriger\">\n\t\t\t\t\t\t\t<i aria-hidden=\"true\" class=\"eicon-chevron-left\"><\/i>\t\t\t\t\t\t<\/div>\n\t\t\t\t\t\t<div class=\"elementor-swiper-button elementor-swiper-button-next\" role=\"button\" tabindex=\"0\" aria-label=\"N\u00e4chster\">\n\t\t\t\t\t\t\t<i aria-hidden=\"true\" class=\"eicon-chevron-right\"><\/i>\t\t\t\t\t\t<\/div>\n\t\t\t\t\t\t\t\t\t\t\t\t\t\t\t\t\t<\/div>\n\t\t\t\t<\/div>\n\t\t\t\t\t\t\t\t<\/div>\n\t\t\t\t<\/div>\n\t\t\t\t<div class=\"elementor-element elementor-element-d051191 elementor-align-justify elementor-widget elementor-widget-button\" data-id=\"d051191\" data-element_type=\"widget\" data-e-type=\"widget\" data-widget_type=\"button.default\">\n\t\t\t\t<div class=\"elementor-widget-container\">\n\t\t\t\t\t\t\t\t\t<div class=\"elementor-button-wrapper\">\n\t\t\t\t\t<a class=\"elementor-button elementor-button-link elementor-size-xs\" href=\"https:\/\/www.kosmetikkaufhaus.de\/kategorie=27=121=Haare-Haar-Kur.php\">\n\t\t\t\t\t\t<span class=\"elementor-button-content-wrapper\">\n\t\t\t\t\t\t\t\t\t<span class=\"elementor-button-text\">Alle Produkte<\/span>\n\t\t\t\t\t<\/span>\n\t\t\t\t\t<\/a>\n\t\t\t\t<\/div>\n\t\t\t\t\t\t\t\t<\/div>\n\t\t\t\t<\/div>\n\t\t\t\t<div class=\"elementor-element elementor-element-48670003 elementor-widget elementor-widget-heading\" data-id=\"48670003\" data-element_type=\"widget\" data-e-type=\"widget\" data-widget_type=\"heading.default\">\n\t\t\t\t<div class=\"elementor-widget-container\">\n\t\t\t\t\t<h6 class=\"elementor-heading-title elementor-size-default\">Rissige H\u00e4nde<\/h6>\t\t\t\t<\/div>\n\t\t\t\t<\/div>\n\t\t\t\t<div class=\"elementor-element elementor-element-57c8bc46 elementor-widget elementor-widget-text-editor\" data-id=\"57c8bc46\" data-element_type=\"widget\" data-e-type=\"widget\" data-widget_type=\"text-editor.default\">\n\t\t\t\t<div class=\"elementor-widget-container\">\n\t\t\t\t\t\t\t\t\t<p>Handpflege f\u00e4ngt schon beim H\u00e4ndewaschen an. Die Auswahl der Seife ist dabei entscheidend. Achten Sie beim Seifenkauf auf sogenannte R\u00fcckfettende Inhaltsstoffe wie Oliven\u00f6l, Aloe Vera, Aprikosenkern\u00f6l oder Argan\u00f6l. Hautirritationen k\u00f6nnen dadurch vorgebeugt werden.<\/p><p>Am besten verwenden Sie zwei Handcremes: Eine etwas leichtere, die schnell einzieht f\u00fcr tags\u00fcber und eine sehr reichhaltige f\u00fcr die Nacht.<\/p>\t\t\t\t\t\t\t\t<\/div>\n\t\t\t\t<\/div>\n\t\t\t\t<div class=\"elementor-element elementor-element-2f6a204 elementor-position-inline-start elementor-view-default elementor-mobile-position-block-start elementor-widget elementor-widget-icon-box\" data-id=\"2f6a204\" data-element_type=\"widget\" data-e-type=\"widget\" data-widget_type=\"icon-box.default\">\n\t\t\t\t<div class=\"elementor-widget-container\">\n\t\t\t\t\t\t\t<div class=\"elementor-icon-box-wrapper\">\n\n\t\t\t\t\t\t<div class=\"elementor-icon-box-icon\">\n\t\t\t\t<span  class=\"elementor-icon\">\n\t\t\t\t<i aria-hidden=\"true\" class=\"far fa-arrow-alt-circle-right\"><\/i>\t\t\t\t<\/span>\n\t\t\t<\/div>\n\t\t\t\n\t\t\t\t\t\t<div class=\"elementor-icon-box-content\">\n\n\t\t\t\t\t\t\t\t\t<h3 class=\"elementor-icon-box-title\">\n\t\t\t\t\t\t<span  >\n\t\t\t\t\t\t\tTipp\t\t\t\t\t\t<\/span>\n\t\t\t\t\t<\/h3>\n\t\t\t\t\n\t\t\t\t\t\t\t\t\t<p class=\"elementor-icon-box-description\">\n\t\t\t\t\t\tBei besonders spr\u00f6den, trockenen H\u00e4nden eignet sich eine n\u00e4hrende Handmaske, die Sie \u00fcber Nacht unter Handschuhen einwirken lassen.\t\t\t\t\t<\/p>\n\t\t\t\t\n\t\t\t<\/div>\n\t\t\t\n\t\t<\/div>\n\t\t\t\t\t\t<\/div>\n\t\t\t\t<\/div>\n\t\t\t\t<div class=\"elementor-element elementor-element-576ea735 elementor-skin-carousel elementor-arrows-yes elementor-widget elementor-widget-media-carousel\" data-id=\"576ea735\" data-element_type=\"widget\" data-e-type=\"widget\" data-settings=\"{&quot;slides_per_view&quot;:&quot;3&quot;,&quot;_animation&quot;:&quot;none&quot;,&quot;slides_per_view_tablet&quot;:&quot;3&quot;,&quot;slides_to_scroll&quot;:&quot;1&quot;,&quot;slides_to_scroll_tablet&quot;:&quot;1&quot;,&quot;slides_per_view_mobile&quot;:&quot;2&quot;,&quot;speed&quot;:649,&quot;skin&quot;:&quot;carousel&quot;,&quot;effect&quot;:&quot;slide&quot;,&quot;show_arrows&quot;:&quot;yes&quot;,&quot;space_between&quot;:{&quot;unit&quot;:&quot;px&quot;,&quot;size&quot;:10,&quot;sizes&quot;:[]},&quot;space_between_tablet&quot;:{&quot;unit&quot;:&quot;px&quot;,&quot;size&quot;:10,&quot;sizes&quot;:[]},&quot;space_between_mobile&quot;:{&quot;unit&quot;:&quot;px&quot;,&quot;size&quot;:10,&quot;sizes&quot;:[]}}\" data-widget_type=\"media-carousel.default\">\n\t\t\t\t<div class=\"elementor-widget-container\">\n\t\t\t\t\t\t\t\t\t<div class=\"elementor-swiper\">\n\t\t\t\t\t<div class=\"elementor-main-swiper swiper\" role=\"region\" aria-roledescription=\"carousel\" aria-label=\"Slider\">\n\t\t\t\t<div class=\"swiper-wrapper\">\n\t\t\t\t\t\t\t\t\t\t\t<div class=\"swiper-slide\" role=\"group\" aria-roledescription=\"slide\">\n\t\t\t\t\t\t\t<a href=\"https:\/\/www.kosmetikkaufhaus.de\/detail=250=LCN91251=LCN=Reposan.php\">\t\t<div class=\"elementor-carousel-image\" role=\"img\" aria-label=\"LCN91251_d\" style=\"background-image: url(&#039;https:\/\/www.kosmetikkaufhaus.de\/neues\/wp-content\/uploads\/2022\/10\/LCN91251_d.jpg&#039;)\">\n\n\t\t\t\n\t\t\t\t\t<\/div>\n\t\t<\/a>\t\t\t\t\t\t<\/div>\n\t\t\t\t\t\t\t\t\t\t\t<div class=\"swiper-slide\" role=\"group\" aria-roledescription=\"slide\">\n\t\t\t\t\t\t\t<a href=\"https:\/\/www.kosmetikkaufhaus.de\/detail=53=AHA84816065=Ahava=Probiotic-Hand-Cream.php\">\t\t<div class=\"elementor-carousel-image\" role=\"img\" aria-label=\"AHA84816065\" style=\"background-image: url(&#039;https:\/\/www.kosmetikkaufhaus.de\/neues\/wp-content\/uploads\/2022\/10\/AHA84816065.jpg&#039;)\">\n\n\t\t\t\n\t\t\t\t\t<\/div>\n\t\t<\/a>\t\t\t\t\t\t<\/div>\n\t\t\t\t\t\t\t\t\t\t\t<div class=\"swiper-slide\" role=\"group\" aria-roledescription=\"slide\">\n\t\t\t\t\t\t\t<a href=\"https:\/\/www.kosmetikkaufhaus.de\/detail=173=ALE34-007=Alessandro-International=spa-hand-Cream-Rich-Hand-Cream.php\">\t\t<div class=\"elementor-carousel-image\" role=\"img\" aria-label=\"ALE34-007_d\" style=\"background-image: url(&#039;https:\/\/www.kosmetikkaufhaus.de\/neues\/wp-content\/uploads\/2022\/10\/ALE34-007_d.jpg&#039;)\">\n\n\t\t\t\n\t\t\t\t\t<\/div>\n\t\t<\/a>\t\t\t\t\t\t<\/div>\n\t\t\t\t\t\t\t\t\t<\/div>\n\t\t\t\t\t\t\t\t\t\t\t\t\t\t\t<div class=\"elementor-swiper-button elementor-swiper-button-prev\" role=\"button\" tabindex=\"0\" aria-label=\"Voriger\">\n\t\t\t\t\t\t\t<i aria-hidden=\"true\" class=\"eicon-chevron-left\"><\/i>\t\t\t\t\t\t<\/div>\n\t\t\t\t\t\t<div class=\"elementor-swiper-button elementor-swiper-button-next\" role=\"button\" tabindex=\"0\" aria-label=\"N\u00e4chster\">\n\t\t\t\t\t\t\t<i aria-hidden=\"true\" class=\"eicon-chevron-right\"><\/i>\t\t\t\t\t\t<\/div>\n\t\t\t\t\t\t\t\t\t\t\t\t\t\t\t\t\t<\/div>\n\t\t\t\t<\/div>\n\t\t\t\t\t\t\t\t<\/div>\n\t\t\t\t<\/div>\n\t\t\t\t<div class=\"elementor-element elementor-element-704cd2d1 elementor-align-justify elementor-widget elementor-widget-button\" data-id=\"704cd2d1\" data-element_type=\"widget\" data-e-type=\"widget\" data-widget_type=\"button.default\">\n\t\t\t\t<div class=\"elementor-widget-container\">\n\t\t\t\t\t\t\t\t\t<div class=\"elementor-button-wrapper\">\n\t\t\t\t\t<a class=\"elementor-button elementor-button-link elementor-size-xs\" href=\"https:\/\/www.kosmetikkaufhaus.de\/kategorie=24=105=Hand-Nagel-Naildesign-Handcreme.php\">\n\t\t\t\t\t\t<span class=\"elementor-button-content-wrapper\">\n\t\t\t\t\t\t\t\t\t<span class=\"elementor-button-text\">Alle Produkte<\/span>\n\t\t\t\t\t<\/span>\n\t\t\t\t\t<\/a>\n\t\t\t\t<\/div>\n\t\t\t\t\t\t\t\t<\/div>\n\t\t\t\t<\/div>\n\t\t\t\t\t<\/div>\n\t\t<\/div>\n\t\t\t\t\t<\/div>\n\t\t<\/section>\n\t\t\t\t<section class=\"elementor-section elementor-top-section elementor-element elementor-element-2aa7db64 elementor-section-boxed elementor-section-height-default elementor-section-height-default\" data-id=\"2aa7db64\" data-element_type=\"section\" data-e-type=\"section\">\n\t\t\t\t\t\t<div class=\"elementor-container elementor-column-gap-default\">\n\t\t\t\t\t<div class=\"elementor-column elementor-col-100 elementor-top-column elementor-element elementor-element-44a064b9\" data-id=\"44a064b9\" data-element_type=\"column\" data-e-type=\"column\">\n\t\t\t<div class=\"elementor-widget-wrap elementor-element-populated\">\n\t\t\t\t\t\t<div class=\"elementor-element elementor-element-89be774 elementor-widget elementor-widget-text-editor\" data-id=\"89be774\" data-element_type=\"widget\" data-e-type=\"widget\" data-widget_type=\"text-editor.default\">\n\t\t\t\t<div class=\"elementor-widget-container\">\n\t\t\t\t\t\t\t\t\t<p>Jetzt teilen:<\/p>\t\t\t\t\t\t\t\t<\/div>\n\t\t\t\t<\/div>\n\t\t\t\t<div class=\"elementor-element elementor-element-5b4e8b2c elementor-share-buttons--view-icon elementor-share-buttons--shape-circle elementor-share-buttons--color-custom elementor-grid-mobile-0 elementor-share-buttons--skin-gradient elementor-grid-0 elementor-widget elementor-widget-share-buttons\" data-id=\"5b4e8b2c\" data-element_type=\"widget\" data-e-type=\"widget\" data-widget_type=\"share-buttons.default\">\n\t\t\t\t<div class=\"elementor-widget-container\">\n\t\t\t\t\t\t\t<div class=\"elementor-grid\" role=\"list\">\n\t\t\t\t\t\t\t\t<div class=\"elementor-grid-item\" role=\"listitem\">\n\t\t\t\t\t\t<div class=\"elementor-share-btn elementor-share-btn_facebook\" role=\"button\" tabindex=\"0\" aria-label=\"Teilen auf facebook\">\n\t\t\t\t\t\t\t\t\t\t\t\t\t\t\t<span class=\"elementor-share-btn__icon\">\n\t\t\t\t\t\t\t\t<i class=\"fab fa-facebook\" aria-hidden=\"true\"><\/i>\t\t\t\t\t\t\t<\/span>\n\t\t\t\t\t\t\t\t\t\t\t\t\t\t\t\t\t\t\t\t<\/div>\n\t\t\t\t\t<\/div>\n\t\t\t\t\t\t\t\t\t<div class=\"elementor-grid-item\" role=\"listitem\">\n\t\t\t\t\t\t<div class=\"elementor-share-btn elementor-share-btn_twitter\" role=\"button\" tabindex=\"0\" aria-label=\"Teilen auf twitter\">\n\t\t\t\t\t\t\t\t\t\t\t\t\t\t\t<span class=\"elementor-share-btn__icon\">\n\t\t\t\t\t\t\t\t<i class=\"fab fa-twitter\" aria-hidden=\"true\"><\/i>\t\t\t\t\t\t\t<\/span>\n\t\t\t\t\t\t\t\t\t\t\t\t\t\t\t\t\t\t\t\t<\/div>\n\t\t\t\t\t<\/div>\n\t\t\t\t\t\t\t\t\t<div class=\"elementor-grid-item\" role=\"listitem\">\n\t\t\t\t\t\t<div class=\"elementor-share-btn elementor-share-btn_pinterest\" role=\"button\" tabindex=\"0\" aria-label=\"Teilen auf pinterest\">\n\t\t\t\t\t\t\t\t\t\t\t\t\t\t\t<span class=\"elementor-share-btn__icon\">\n\t\t\t\t\t\t\t\t<i class=\"fab fa-pinterest\" aria-hidden=\"true\"><\/i>\t\t\t\t\t\t\t<\/span>\n\t\t\t\t\t\t\t\t\t\t\t\t\t\t\t\t\t\t\t\t<\/div>\n\t\t\t\t\t<\/div>\n\t\t\t\t\t\t\t\t\t<div class=\"elementor-grid-item\" role=\"listitem\">\n\t\t\t\t\t\t<div class=\"elementor-share-btn elementor-share-btn_whatsapp\" role=\"button\" tabindex=\"0\" aria-label=\"Teilen auf whatsapp\">\n\t\t\t\t\t\t\t\t\t\t\t\t\t\t\t<span class=\"elementor-share-btn__icon\">\n\t\t\t\t\t\t\t\t<i class=\"fab fa-whatsapp\" aria-hidden=\"true\"><\/i>\t\t\t\t\t\t\t<\/span>\n\t\t\t\t\t\t\t\t\t\t\t\t\t\t\t\t\t\t\t\t<\/div>\n\t\t\t\t\t<\/div>\n\t\t\t\t\t\t\t\t\t<div class=\"elementor-grid-item\" role=\"listitem\">\n\t\t\t\t\t\t<div class=\"elementor-share-btn elementor-share-btn_telegram\" role=\"button\" tabindex=\"0\" aria-label=\"Teilen auf telegram\">\n\t\t\t\t\t\t\t\t\t\t\t\t\t\t\t<span class=\"elementor-share-btn__icon\">\n\t\t\t\t\t\t\t\t<i class=\"fab fa-telegram\" aria-hidden=\"true\"><\/i>\t\t\t\t\t\t\t<\/span>\n\t\t\t\t\t\t\t\t\t\t\t\t\t\t\t\t\t\t\t\t<\/div>\n\t\t\t\t\t<\/div>\n\t\t\t\t\t\t<\/div>\n\t\t\t\t\t\t<\/div>\n\t\t\t\t<\/div>\n\t\t\t\t\t<\/div>\n\t\t<\/div>\n\t\t\t\t\t<\/div>\n\t\t<\/section>\n\t\t\t\t<section class=\"elementor-section elementor-top-section elementor-element elementor-element-532c0e20 elementor-section-boxed elementor-section-height-default elementor-section-height-default\" data-id=\"532c0e20\" data-element_type=\"section\" data-e-type=\"section\">\n\t\t\t\t\t\t<div class=\"elementor-container elementor-column-gap-default\">\n\t\t\t\t\t<div class=\"elementor-column elementor-col-100 elementor-top-column elementor-element elementor-element-4b54a610\" data-id=\"4b54a610\" data-element_type=\"column\" data-e-type=\"column\">\n\t\t\t<div class=\"elementor-widget-wrap elementor-element-populated\">\n\t\t\t\t\t\t<div class=\"elementor-element elementor-element-45163ab8 elementor-grid-3 elementor-grid-tablet-2 elementor-grid-mobile-1 elementor-posts--thumbnail-top elementor-widget elementor-widget-posts\" data-id=\"45163ab8\" data-element_type=\"widget\" data-e-type=\"widget\" data-settings=\"{&quot;classic_columns&quot;:&quot;3&quot;,&quot;classic_columns_tablet&quot;:&quot;2&quot;,&quot;classic_columns_mobile&quot;:&quot;1&quot;,&quot;classic_row_gap&quot;:{&quot;unit&quot;:&quot;px&quot;,&quot;size&quot;:35,&quot;sizes&quot;:[]},&quot;classic_row_gap_tablet&quot;:{&quot;unit&quot;:&quot;px&quot;,&quot;size&quot;:&quot;&quot;,&quot;sizes&quot;:[]},&quot;classic_row_gap_mobile&quot;:{&quot;unit&quot;:&quot;px&quot;,&quot;size&quot;:&quot;&quot;,&quot;sizes&quot;:[]}}\" data-widget_type=\"posts.classic\">\n\t\t\t\t<div class=\"elementor-widget-container\">\n\t\t\t\t\t\t\t<div class=\"elementor-posts-container elementor-posts elementor-posts--skin-classic elementor-grid\" role=\"list\">\n\t\t\t\t<article class=\"elementor-post elementor-grid-item post-4819 post type-post status-publish format-standard has-post-thumbnail hentry category-gesichtspflege\" role=\"listitem\">\n\t\t\t\t<a class=\"elementor-post__thumbnail__link\" href=\"https:\/\/www.kosmetikkaufhaus.de\/neues\/gesichtspflege-im-sommer-ihr-ultimativer-leitfaden\/\" tabindex=\"-1\" >\n\t\t\t<div class=\"elementor-post__thumbnail\"><img fetchpriority=\"high\" decoding=\"async\" width=\"625\" height=\"625\" src=\"https:\/\/www.kosmetikkaufhaus.de\/neues\/wp-content\/uploads\/2023\/07\/pflege-im-sommer.jpg\" class=\"attachment-large size-large wp-image-5399\" alt=\"\" srcset=\"https:\/\/www.kosmetikkaufhaus.de\/neues\/wp-content\/uploads\/2023\/07\/pflege-im-sommer.jpg 1000w, https:\/\/www.kosmetikkaufhaus.de\/neues\/wp-content\/uploads\/2023\/07\/pflege-im-sommer-300x300.jpg 300w, https:\/\/www.kosmetikkaufhaus.de\/neues\/wp-content\/uploads\/2023\/07\/pflege-im-sommer-150x150.jpg 150w, https:\/\/www.kosmetikkaufhaus.de\/neues\/wp-content\/uploads\/2023\/07\/pflege-im-sommer-768x768.jpg 768w, https:\/\/www.kosmetikkaufhaus.de\/neues\/wp-content\/uploads\/2023\/07\/pflege-im-sommer-624x624.jpg 624w\" sizes=\"(max-width: 625px) 100vw, 625px\" \/><\/div>\n\t\t<\/a>\n\t\t\t\t<div class=\"elementor-post__text\">\n\t\t\t\t<h3 class=\"elementor-post__title\">\n\t\t\t<a href=\"https:\/\/www.kosmetikkaufhaus.de\/neues\/gesichtspflege-im-sommer-ihr-ultimativer-leitfaden\/\" >\n\t\t\t\tGesichtspflege im Sommer: Ihr ultimativer Leitfaden\t\t\t<\/a>\n\t\t<\/h3>\n\t\t\t\t<div class=\"elementor-post__meta-data\">\n\t\t\t\t\t<span class=\"elementor-post-date\">\n\t\t\t5. Juli 2023\t\t<\/span>\n\t\t\t\t<span class=\"elementor-post-avatar\">\n\t\t\tKeine Kommentare\t\t<\/span>\n\t\t\t\t<\/div>\n\t\t\t\t<div class=\"elementor-post__excerpt\">\n\t\t\t<p>Hier sind einige Tipps, wie Sie Ihre Gesichtshaut entsprechend ihrem Typ pflegen und sch\u00fctzen k\u00f6nnen.<\/p>\t\t<\/div>\n\t\t\t\t\t<div class=\"elementor-post__read-more-wrapper\">\n\t\t\n\t\t<a class=\"elementor-post__read-more\" href=\"https:\/\/www.kosmetikkaufhaus.de\/neues\/gesichtspflege-im-sommer-ihr-ultimativer-leitfaden\/\" aria-label=\"Mehr \u00fcber Gesichtspflege im Sommer: Ihr ultimativer Leitfaden\" tabindex=\"-1\" >\n\t\t\tWeiter lesen \u00bb\t\t<\/a>\n\n\t\t\t\t\t<\/div>\n\t\t\t\t<\/div>\n\t\t\t\t<\/article>\n\t\t\t\t<article class=\"elementor-post elementor-grid-item post-3799 post type-post status-publish format-standard has-post-thumbnail hentry category-gesichtspflege category-kosmetik\" role=\"listitem\">\n\t\t\t\t<a class=\"elementor-post__thumbnail__link\" href=\"https:\/\/www.kosmetikkaufhaus.de\/neues\/gesichtspflege-im-winter\/\" tabindex=\"-1\" >\n\t\t\t<div class=\"elementor-post__thumbnail\"><img decoding=\"async\" width=\"625\" height=\"313\" src=\"https:\/\/www.kosmetikkaufhaus.de\/neues\/wp-content\/uploads\/2022\/12\/AdobeStock_391335517-1024x512.jpg\" class=\"attachment-large size-large wp-image-3827\" alt=\"Winterpflege Produkte\" srcset=\"https:\/\/www.kosmetikkaufhaus.de\/neues\/wp-content\/uploads\/2022\/12\/AdobeStock_391335517-1024x512.jpg 1024w, https:\/\/www.kosmetikkaufhaus.de\/neues\/wp-content\/uploads\/2022\/12\/AdobeStock_391335517-300x150.jpg 300w, https:\/\/www.kosmetikkaufhaus.de\/neues\/wp-content\/uploads\/2022\/12\/AdobeStock_391335517-768x384.jpg 768w, https:\/\/www.kosmetikkaufhaus.de\/neues\/wp-content\/uploads\/2022\/12\/AdobeStock_391335517-624x312.jpg 624w, https:\/\/www.kosmetikkaufhaus.de\/neues\/wp-content\/uploads\/2022\/12\/AdobeStock_391335517.jpg 1200w\" sizes=\"(max-width: 625px) 100vw, 625px\" \/><\/div>\n\t\t<\/a>\n\t\t\t\t<div class=\"elementor-post__text\">\n\t\t\t\t<h3 class=\"elementor-post__title\">\n\t\t\t<a href=\"https:\/\/www.kosmetikkaufhaus.de\/neues\/gesichtspflege-im-winter\/\" >\n\t\t\t\tGesichtspflege im Winter\t\t\t<\/a>\n\t\t<\/h3>\n\t\t\t\t<div class=\"elementor-post__meta-data\">\n\t\t\t\t\t<span class=\"elementor-post-date\">\n\t\t\t13. Dezember 2022\t\t<\/span>\n\t\t\t\t<span class=\"elementor-post-avatar\">\n\t\t\tKeine Kommentare\t\t<\/span>\n\t\t\t\t<\/div>\n\t\t\t\t<div class=\"elementor-post__excerpt\">\n\t\t\t<p>Gesichtspflege \u00a9 Iryna- stock.adobe.com Gesichtspflege im Winter Darauf sollten Sie jetzt achten: Unsere Haut hat es im Winter nicht leicht:<\/p>\n\t\t<\/div>\n\t\t\t\t\t<div class=\"elementor-post__read-more-wrapper\">\n\t\t\n\t\t<a class=\"elementor-post__read-more\" href=\"https:\/\/www.kosmetikkaufhaus.de\/neues\/gesichtspflege-im-winter\/\" aria-label=\"Mehr \u00fcber Gesichtspflege im Winter\" tabindex=\"-1\" >\n\t\t\tWeiter lesen \u00bb\t\t<\/a>\n\n\t\t\t\t\t<\/div>\n\t\t\t\t<\/div>\n\t\t\t\t<\/article>\n\t\t\t\t<article class=\"elementor-post elementor-grid-item post-2960 post type-post status-publish format-standard has-post-thumbnail hentry category-gesichtspflege tag-gesichtspflege tag-haarpflege tag-handpflege tag-herbst tag-lippenpflege tag-trockene-haut\" role=\"listitem\">\n\t\t\t\t<a class=\"elementor-post__thumbnail__link\" href=\"https:\/\/www.kosmetikkaufhaus.de\/neues\/hautpflege-im-herbst\/\" tabindex=\"-1\" >\n\t\t\t<div class=\"elementor-post__thumbnail\"><img decoding=\"async\" width=\"625\" height=\"309\" src=\"https:\/\/www.kosmetikkaufhaus.de\/neues\/wp-content\/uploads\/2022\/10\/herbstpflege1.jpg\" class=\"attachment-large size-large wp-image-2992\" alt=\"Frau mit schwarzem Hut und roten Lippen. Die Wangen gl\u00e4nzen\" srcset=\"https:\/\/www.kosmetikkaufhaus.de\/neues\/wp-content\/uploads\/2022\/10\/herbstpflege1.jpg 1024w, https:\/\/www.kosmetikkaufhaus.de\/neues\/wp-content\/uploads\/2022\/10\/herbstpflege1-300x149.jpg 300w, https:\/\/www.kosmetikkaufhaus.de\/neues\/wp-content\/uploads\/2022\/10\/herbstpflege1-768x380.jpg 768w, https:\/\/www.kosmetikkaufhaus.de\/neues\/wp-content\/uploads\/2022\/10\/herbstpflege1-624x309.jpg 624w\" sizes=\"(max-width: 625px) 100vw, 625px\" \/><\/div>\n\t\t<\/a>\n\t\t\t\t<div class=\"elementor-post__text\">\n\t\t\t\t<h3 class=\"elementor-post__title\">\n\t\t\t<a href=\"https:\/\/www.kosmetikkaufhaus.de\/neues\/hautpflege-im-herbst\/\" >\n\t\t\t\tHautpflege im Herbst &#8211; darauf kommt es an:\t\t\t<\/a>\n\t\t<\/h3>\n\t\t\t\t<div class=\"elementor-post__meta-data\">\n\t\t\t\t\t<span class=\"elementor-post-date\">\n\t\t\t6. Oktober 2022\t\t<\/span>\n\t\t\t\t<span class=\"elementor-post-avatar\">\n\t\t\tKeine Kommentare\t\t<\/span>\n\t\t\t\t<\/div>\n\t\t\t\t<div class=\"elementor-post__excerpt\">\n\t\t\t<p>Der Herbst ist da und der Wechsel zwischen den Jahreszeiten bedeutet auch eine Umstellung in unserem Alltag. Wie unseren Kleiderschrank\t\t<\/div>\n\t\t\t\t\t<div class=\"elementor-post__read-more-wrapper\">\n\t\t\n\t\t<a class=\"elementor-post__read-more\" href=\"https:\/\/www.kosmetikkaufhaus.de\/neues\/hautpflege-im-herbst\/\" aria-label=\"Mehr \u00fcber Hautpflege im Herbst &#8211; darauf kommt es an:\" tabindex=\"-1\" >\n\t\t\tWeiter lesen \u00bb\t\t<\/a>\n\n\t\t\t\t\t<\/div>\n\t\t\t\t<\/div>\n\t\t\t\t<\/article>\n\t\t\t\t<\/div>\n\t\t\n\t\t\t\t\t\t<\/div>\n\t\t\t\t<\/div>\n\t\t\t\t\t<\/div>\n\t\t<\/div>\n\t\t\t\t\t<\/div>\n\t\t<\/section>\n\t\t\t\t<\/div>\n\t\t","protected":false},"excerpt":{"rendered":"<p>Der Herbst ist da und der Wechsel zwischen den Jahreszeiten bedeutet auch eine Umstellung in unserem Alltag. Wie unseren Kleiderschrank sollten wir nun auch unsere Beauty-Routine umr\u00fcsten.<\/p>\n","protected":false},"author":1,"featured_media":2992,"comment_status":"closed","ping_status":"open","sticky":false,"template":"elementor_header_footer","format":"standard","meta":{"footnotes":""},"categories":[13],"tags":[61,48,114,113,73,115],"class_list":["post-2960","post","type-post","status-publish","format-standard","has-post-thumbnail","hentry","category-gesichtspflege","tag-gesichtspflege","tag-haarpflege","tag-handpflege","tag-herbst","tag-lippenpflege","tag-trockene-haut"],"yoast_head":"<!-- This site is optimized with the Yoast SEO plugin v26.9 - https:\/\/yoast.com\/product\/yoast-seo-wordpress\/ -->\n<title>Hautpflege im Herbst - darauf kommt es an:<\/title>\n<meta name=\"description\" content=\"So wie sich die Jahreszeiten \u00e4ndern, so ver\u00e4ndern sich auch die Anspr\u00fcche unserer Haut. Darauf kommt es bei der Hautpflege im Herbst an.\" \/>\n<meta name=\"robots\" content=\"index, follow, max-snippet:-1, max-image-preview:large, max-video-preview:-1\" \/>\n<link rel=\"canonical\" href=\"https:\/\/www.kosmetikkaufhaus.de\/neues\/hautpflege-im-herbst\/\" \/>\n<meta property=\"og:locale\" content=\"de_DE\" \/>\n<meta property=\"og:type\" content=\"article\" \/>\n<meta property=\"og:title\" content=\"Hautpflege im Herbst - darauf kommt es an:\" \/>\n<meta property=\"og:description\" content=\"So wie sich die Jahreszeiten \u00e4ndern, so ver\u00e4ndern sich auch die Anspr\u00fcche unserer Haut. Darauf kommt es bei der Hautpflege im Herbst an.\" \/>\n<meta property=\"og:url\" content=\"https:\/\/www.kosmetikkaufhaus.de\/neues\/hautpflege-im-herbst\/\" \/>\n<meta property=\"og:site_name\" content=\"kosmetikkaufhaus News\" \/>\n<meta property=\"article:publisher\" content=\"https:\/\/www.facebook.com\/kosmetikkaufhaus.de\" \/>\n<meta property=\"article:published_time\" content=\"2022-10-06T19:37:11+00:00\" \/>\n<meta property=\"article:modified_time\" content=\"2022-11-06T17:43:08+00:00\" \/>\n<meta property=\"og:image\" content=\"https:\/\/www.kosmetikkaufhaus.de\/neues\/wp-content\/uploads\/2022\/10\/herbstpflege1.jpg\" \/>\n\t<meta property=\"og:image:width\" content=\"1024\" \/>\n\t<meta property=\"og:image:height\" content=\"507\" \/>\n\t<meta property=\"og:image:type\" content=\"image\/jpeg\" \/>\n<meta name=\"author\" content=\"newsverwaltung\" \/>\n<meta name=\"twitter:card\" content=\"summary_large_image\" \/>\n<meta name=\"twitter:label1\" content=\"Verfasst von\" \/>\n\t<meta name=\"twitter:data1\" content=\"newsverwaltung\" \/>\n\t<meta name=\"twitter:label2\" content=\"Gesch\u00e4tzte Lesezeit\" \/>\n\t<meta name=\"twitter:data2\" content=\"4\u00a0Minuten\" \/>\n<script type=\"application\/ld+json\" class=\"yoast-schema-graph\">{\"@context\":\"https:\/\/schema.org\",\"@graph\":[{\"@type\":\"Article\",\"@id\":\"https:\/\/www.kosmetikkaufhaus.de\/neues\/hautpflege-im-herbst\/#article\",\"isPartOf\":{\"@id\":\"https:\/\/www.kosmetikkaufhaus.de\/neues\/hautpflege-im-herbst\/\"},\"author\":{\"name\":\"newsverwaltung\",\"@id\":\"https:\/\/www.kosmetikkaufhaus.de\/neues\/#\/schema\/person\/554d2fb8c59f3fb3e1a96c0f6376fcea\"},\"headline\":\"Hautpflege im Herbst &#8211; darauf kommt es an:\",\"datePublished\":\"2022-10-06T19:37:11+00:00\",\"dateModified\":\"2022-11-06T17:43:08+00:00\",\"mainEntityOfPage\":{\"@id\":\"https:\/\/www.kosmetikkaufhaus.de\/neues\/hautpflege-im-herbst\/\"},\"wordCount\":536,\"publisher\":{\"@id\":\"https:\/\/www.kosmetikkaufhaus.de\/neues\/#organization\"},\"image\":{\"@id\":\"https:\/\/www.kosmetikkaufhaus.de\/neues\/hautpflege-im-herbst\/#primaryimage\"},\"thumbnailUrl\":\"https:\/\/www.kosmetikkaufhaus.de\/neues\/wp-content\/uploads\/2022\/10\/herbstpflege1.jpg\",\"keywords\":[\"Gesichtspflege\",\"Haarpflege\",\"Handpflege\",\"Herbst\",\"Lippenpflege\",\"trockene Haut\"],\"articleSection\":[\"Gesichtspflege\"],\"inLanguage\":\"de\"},{\"@type\":\"WebPage\",\"@id\":\"https:\/\/www.kosmetikkaufhaus.de\/neues\/hautpflege-im-herbst\/\",\"url\":\"https:\/\/www.kosmetikkaufhaus.de\/neues\/hautpflege-im-herbst\/\",\"name\":\"Hautpflege im Herbst - darauf kommt es an:\",\"isPartOf\":{\"@id\":\"https:\/\/www.kosmetikkaufhaus.de\/neues\/#website\"},\"primaryImageOfPage\":{\"@id\":\"https:\/\/www.kosmetikkaufhaus.de\/neues\/hautpflege-im-herbst\/#primaryimage\"},\"image\":{\"@id\":\"https:\/\/www.kosmetikkaufhaus.de\/neues\/hautpflege-im-herbst\/#primaryimage\"},\"thumbnailUrl\":\"https:\/\/www.kosmetikkaufhaus.de\/neues\/wp-content\/uploads\/2022\/10\/herbstpflege1.jpg\",\"datePublished\":\"2022-10-06T19:37:11+00:00\",\"dateModified\":\"2022-11-06T17:43:08+00:00\",\"description\":\"So wie sich die Jahreszeiten \u00e4ndern, so ver\u00e4ndern sich auch die Anspr\u00fcche unserer Haut. Darauf kommt es bei der Hautpflege im Herbst an.\",\"breadcrumb\":{\"@id\":\"https:\/\/www.kosmetikkaufhaus.de\/neues\/hautpflege-im-herbst\/#breadcrumb\"},\"inLanguage\":\"de\",\"potentialAction\":[{\"@type\":\"ReadAction\",\"target\":[\"https:\/\/www.kosmetikkaufhaus.de\/neues\/hautpflege-im-herbst\/\"]}]},{\"@type\":\"ImageObject\",\"inLanguage\":\"de\",\"@id\":\"https:\/\/www.kosmetikkaufhaus.de\/neues\/hautpflege-im-herbst\/#primaryimage\",\"url\":\"https:\/\/www.kosmetikkaufhaus.de\/neues\/wp-content\/uploads\/2022\/10\/herbstpflege1.jpg\",\"contentUrl\":\"https:\/\/www.kosmetikkaufhaus.de\/neues\/wp-content\/uploads\/2022\/10\/herbstpflege1.jpg\",\"width\":1024,\"height\":507,\"caption\":\"Frau mit schwarzem Hut und roten Lippen. Die Wangen gl\u00e4nzen\"},{\"@type\":\"BreadcrumbList\",\"@id\":\"https:\/\/www.kosmetikkaufhaus.de\/neues\/hautpflege-im-herbst\/#breadcrumb\",\"itemListElement\":[{\"@type\":\"ListItem\",\"position\":1,\"name\":\"Startseite\",\"item\":\"https:\/\/www.kosmetikkaufhaus.de\/neues\/\"},{\"@type\":\"ListItem\",\"position\":2,\"name\":\"Hautpflege im Herbst &#8211; darauf kommt es an:\"}]},{\"@type\":\"WebSite\",\"@id\":\"https:\/\/www.kosmetikkaufhaus.de\/neues\/#website\",\"url\":\"https:\/\/www.kosmetikkaufhaus.de\/neues\/\",\"name\":\"kosmetikkaufhaus News\",\"description\":\"Eine weitere WordPress-Website\",\"publisher\":{\"@id\":\"https:\/\/www.kosmetikkaufhaus.de\/neues\/#organization\"},\"potentialAction\":[{\"@type\":\"SearchAction\",\"target\":{\"@type\":\"EntryPoint\",\"urlTemplate\":\"https:\/\/www.kosmetikkaufhaus.de\/neues\/?s={search_term_string}\"},\"query-input\":{\"@type\":\"PropertyValueSpecification\",\"valueRequired\":true,\"valueName\":\"search_term_string\"}}],\"inLanguage\":\"de\"},{\"@type\":\"Organization\",\"@id\":\"https:\/\/www.kosmetikkaufhaus.de\/neues\/#organization\",\"name\":\"kosmetikkaufhaus News\",\"url\":\"https:\/\/www.kosmetikkaufhaus.de\/neues\/\",\"logo\":{\"@type\":\"ImageObject\",\"inLanguage\":\"de\",\"@id\":\"https:\/\/www.kosmetikkaufhaus.de\/neues\/#\/schema\/logo\/image\/\",\"url\":\"https:\/\/www.kosmetikkaufhaus.de\/neues\/wp-content\/uploads\/2022\/11\/LogoKKH.png\",\"contentUrl\":\"https:\/\/www.kosmetikkaufhaus.de\/neues\/wp-content\/uploads\/2022\/11\/LogoKKH.png\",\"width\":2833,\"height\":529,\"caption\":\"kosmetikkaufhaus News\"},\"image\":{\"@id\":\"https:\/\/www.kosmetikkaufhaus.de\/neues\/#\/schema\/logo\/image\/\"},\"sameAs\":[\"https:\/\/www.facebook.com\/kosmetikkaufhaus.de\"]},{\"@type\":\"Person\",\"@id\":\"https:\/\/www.kosmetikkaufhaus.de\/neues\/#\/schema\/person\/554d2fb8c59f3fb3e1a96c0f6376fcea\",\"name\":\"newsverwaltung\",\"sameAs\":[\"https:\/\/www.kosmetikkaufhaus.de\/neues\"],\"url\":\"https:\/\/www.kosmetikkaufhaus.de\/neues\/author\/newsverwaltung\/\"}]}<\/script>\n<!-- \/ Yoast SEO plugin. -->","yoast_head_json":{"title":"Hautpflege im Herbst - darauf kommt es an:","description":"So wie sich die Jahreszeiten \u00e4ndern, so ver\u00e4ndern sich auch die Anspr\u00fcche unserer Haut. Darauf kommt es bei der Hautpflege im Herbst an.","robots":{"index":"index","follow":"follow","max-snippet":"max-snippet:-1","max-image-preview":"max-image-preview:large","max-video-preview":"max-video-preview:-1"},"canonical":"https:\/\/www.kosmetikkaufhaus.de\/neues\/hautpflege-im-herbst\/","og_locale":"de_DE","og_type":"article","og_title":"Hautpflege im Herbst - darauf kommt es an:","og_description":"So wie sich die Jahreszeiten \u00e4ndern, so ver\u00e4ndern sich auch die Anspr\u00fcche unserer Haut. Darauf kommt es bei der Hautpflege im Herbst an.","og_url":"https:\/\/www.kosmetikkaufhaus.de\/neues\/hautpflege-im-herbst\/","og_site_name":"kosmetikkaufhaus News","article_publisher":"https:\/\/www.facebook.com\/kosmetikkaufhaus.de","article_published_time":"2022-10-06T19:37:11+00:00","article_modified_time":"2022-11-06T17:43:08+00:00","og_image":[{"width":1024,"height":507,"url":"https:\/\/www.kosmetikkaufhaus.de\/neues\/wp-content\/uploads\/2022\/10\/herbstpflege1.jpg","type":"image\/jpeg"}],"author":"newsverwaltung","twitter_card":"summary_large_image","twitter_misc":{"Verfasst von":"newsverwaltung","Gesch\u00e4tzte Lesezeit":"4\u00a0Minuten"},"schema":{"@context":"https:\/\/schema.org","@graph":[{"@type":"Article","@id":"https:\/\/www.kosmetikkaufhaus.de\/neues\/hautpflege-im-herbst\/#article","isPartOf":{"@id":"https:\/\/www.kosmetikkaufhaus.de\/neues\/hautpflege-im-herbst\/"},"author":{"name":"newsverwaltung","@id":"https:\/\/www.kosmetikkaufhaus.de\/neues\/#\/schema\/person\/554d2fb8c59f3fb3e1a96c0f6376fcea"},"headline":"Hautpflege im Herbst &#8211; darauf kommt es an:","datePublished":"2022-10-06T19:37:11+00:00","dateModified":"2022-11-06T17:43:08+00:00","mainEntityOfPage":{"@id":"https:\/\/www.kosmetikkaufhaus.de\/neues\/hautpflege-im-herbst\/"},"wordCount":536,"publisher":{"@id":"https:\/\/www.kosmetikkaufhaus.de\/neues\/#organization"},"image":{"@id":"https:\/\/www.kosmetikkaufhaus.de\/neues\/hautpflege-im-herbst\/#primaryimage"},"thumbnailUrl":"https:\/\/www.kosmetikkaufhaus.de\/neues\/wp-content\/uploads\/2022\/10\/herbstpflege1.jpg","keywords":["Gesichtspflege","Haarpflege","Handpflege","Herbst","Lippenpflege","trockene Haut"],"articleSection":["Gesichtspflege"],"inLanguage":"de"},{"@type":"WebPage","@id":"https:\/\/www.kosmetikkaufhaus.de\/neues\/hautpflege-im-herbst\/","url":"https:\/\/www.kosmetikkaufhaus.de\/neues\/hautpflege-im-herbst\/","name":"Hautpflege im Herbst - darauf kommt es an:","isPartOf":{"@id":"https:\/\/www.kosmetikkaufhaus.de\/neues\/#website"},"primaryImageOfPage":{"@id":"https:\/\/www.kosmetikkaufhaus.de\/neues\/hautpflege-im-herbst\/#primaryimage"},"image":{"@id":"https:\/\/www.kosmetikkaufhaus.de\/neues\/hautpflege-im-herbst\/#primaryimage"},"thumbnailUrl":"https:\/\/www.kosmetikkaufhaus.de\/neues\/wp-content\/uploads\/2022\/10\/herbstpflege1.jpg","datePublished":"2022-10-06T19:37:11+00:00","dateModified":"2022-11-06T17:43:08+00:00","description":"So wie sich die Jahreszeiten \u00e4ndern, so ver\u00e4ndern sich auch die Anspr\u00fcche unserer Haut. Darauf kommt es bei der Hautpflege im Herbst an.","breadcrumb":{"@id":"https:\/\/www.kosmetikkaufhaus.de\/neues\/hautpflege-im-herbst\/#breadcrumb"},"inLanguage":"de","potentialAction":[{"@type":"ReadAction","target":["https:\/\/www.kosmetikkaufhaus.de\/neues\/hautpflege-im-herbst\/"]}]},{"@type":"ImageObject","inLanguage":"de","@id":"https:\/\/www.kosmetikkaufhaus.de\/neues\/hautpflege-im-herbst\/#primaryimage","url":"https:\/\/www.kosmetikkaufhaus.de\/neues\/wp-content\/uploads\/2022\/10\/herbstpflege1.jpg","contentUrl":"https:\/\/www.kosmetikkaufhaus.de\/neues\/wp-content\/uploads\/2022\/10\/herbstpflege1.jpg","width":1024,"height":507,"caption":"Frau mit schwarzem Hut und roten Lippen. Die Wangen gl\u00e4nzen"},{"@type":"BreadcrumbList","@id":"https:\/\/www.kosmetikkaufhaus.de\/neues\/hautpflege-im-herbst\/#breadcrumb","itemListElement":[{"@type":"ListItem","position":1,"name":"Startseite","item":"https:\/\/www.kosmetikkaufhaus.de\/neues\/"},{"@type":"ListItem","position":2,"name":"Hautpflege im Herbst &#8211; darauf kommt es an:"}]},{"@type":"WebSite","@id":"https:\/\/www.kosmetikkaufhaus.de\/neues\/#website","url":"https:\/\/www.kosmetikkaufhaus.de\/neues\/","name":"kosmetikkaufhaus News","description":"Eine weitere WordPress-Website","publisher":{"@id":"https:\/\/www.kosmetikkaufhaus.de\/neues\/#organization"},"potentialAction":[{"@type":"SearchAction","target":{"@type":"EntryPoint","urlTemplate":"https:\/\/www.kosmetikkaufhaus.de\/neues\/?s={search_term_string}"},"query-input":{"@type":"PropertyValueSpecification","valueRequired":true,"valueName":"search_term_string"}}],"inLanguage":"de"},{"@type":"Organization","@id":"https:\/\/www.kosmetikkaufhaus.de\/neues\/#organization","name":"kosmetikkaufhaus News","url":"https:\/\/www.kosmetikkaufhaus.de\/neues\/","logo":{"@type":"ImageObject","inLanguage":"de","@id":"https:\/\/www.kosmetikkaufhaus.de\/neues\/#\/schema\/logo\/image\/","url":"https:\/\/www.kosmetikkaufhaus.de\/neues\/wp-content\/uploads\/2022\/11\/LogoKKH.png","contentUrl":"https:\/\/www.kosmetikkaufhaus.de\/neues\/wp-content\/uploads\/2022\/11\/LogoKKH.png","width":2833,"height":529,"caption":"kosmetikkaufhaus News"},"image":{"@id":"https:\/\/www.kosmetikkaufhaus.de\/neues\/#\/schema\/logo\/image\/"},"sameAs":["https:\/\/www.facebook.com\/kosmetikkaufhaus.de"]},{"@type":"Person","@id":"https:\/\/www.kosmetikkaufhaus.de\/neues\/#\/schema\/person\/554d2fb8c59f3fb3e1a96c0f6376fcea","name":"newsverwaltung","sameAs":["https:\/\/www.kosmetikkaufhaus.de\/neues"],"url":"https:\/\/www.kosmetikkaufhaus.de\/neues\/author\/newsverwaltung\/"}]}},"_links":{"self":[{"href":"https:\/\/www.kosmetikkaufhaus.de\/neues\/wp-json\/wp\/v2\/posts\/2960","targetHints":{"allow":["GET"]}}],"collection":[{"href":"https:\/\/www.kosmetikkaufhaus.de\/neues\/wp-json\/wp\/v2\/posts"}],"about":[{"href":"https:\/\/www.kosmetikkaufhaus.de\/neues\/wp-json\/wp\/v2\/types\/post"}],"author":[{"embeddable":true,"href":"https:\/\/www.kosmetikkaufhaus.de\/neues\/wp-json\/wp\/v2\/users\/1"}],"replies":[{"embeddable":true,"href":"https:\/\/www.kosmetikkaufhaus.de\/neues\/wp-json\/wp\/v2\/comments?post=2960"}],"version-history":[{"count":40,"href":"https:\/\/www.kosmetikkaufhaus.de\/neues\/wp-json\/wp\/v2\/posts\/2960\/revisions"}],"predecessor-version":[{"id":3149,"href":"https:\/\/www.kosmetikkaufhaus.de\/neues\/wp-json\/wp\/v2\/posts\/2960\/revisions\/3149"}],"wp:featuredmedia":[{"embeddable":true,"href":"https:\/\/www.kosmetikkaufhaus.de\/neues\/wp-json\/wp\/v2\/media\/2992"}],"wp:attachment":[{"href":"https:\/\/www.kosmetikkaufhaus.de\/neues\/wp-json\/wp\/v2\/media?parent=2960"}],"wp:term":[{"taxonomy":"category","embeddable":true,"href":"https:\/\/www.kosmetikkaufhaus.de\/neues\/wp-json\/wp\/v2\/categories?post=2960"},{"taxonomy":"post_tag","embeddable":true,"href":"https:\/\/www.kosmetikkaufhaus.de\/neues\/wp-json\/wp\/v2\/tags?post=2960"}],"curies":[{"name":"wp","href":"https:\/\/api.w.org\/{rel}","templated":true}]}}