{"id":2977,"date":"2022-08-18T11:40:00","date_gmt":"2022-08-18T09:40:00","guid":{"rendered":"https:\/\/www.kosmetikkaufhaus.de\/neues\/?p=2977"},"modified":"2022-10-07T15:46:48","modified_gmt":"2022-10-07T13:46:48","slug":"beauty-adventskalender-2022","status":"publish","type":"post","link":"https:\/\/www.kosmetikkaufhaus.de\/neues\/beauty-adventskalender-2022\/","title":{"rendered":"Beauty-Adventskalender 2022"},"content":{"rendered":"\t\t<div data-elementor-type=\"wp-post\" data-elementor-id=\"2977\" class=\"elementor elementor-2977\" data-elementor-post-type=\"post\">\n\t\t\t\t\t\t<section class=\"elementor-section elementor-top-section elementor-element elementor-element-2cc000ed elementor-section-boxed elementor-section-height-default elementor-section-height-default\" data-id=\"2cc000ed\" data-element_type=\"section\" data-e-type=\"section\">\n\t\t\t\t\t\t<div class=\"elementor-container elementor-column-gap-default\">\n\t\t\t\t\t<div class=\"elementor-column elementor-col-100 elementor-top-column elementor-element elementor-element-75c71681\" data-id=\"75c71681\" data-element_type=\"column\" data-e-type=\"column\">\n\t\t\t<div class=\"elementor-widget-wrap elementor-element-populated\">\n\t\t\t\t\t\t<div class=\"elementor-element elementor-element-107acf87 elementor-widget-divider--view-line_text elementor-widget elementor-widget-divider\" data-id=\"107acf87\" data-element_type=\"widget\" data-e-type=\"widget\" data-widget_type=\"divider.default\">\n\t\t\t\t<div class=\"elementor-widget-container\">\n\t\t\t\t\t\t\t<div class=\"elementor-divider\">\n\t\t\t<span class=\"elementor-divider-separator\">\n\t\t\t\t\t\t\t<span class=\"elementor-divider__text elementor-divider__element\">\n\t\t\t\tGesichtspflege\t\t\t\t<\/span>\n\t\t\t\t\t\t<\/span>\n\t\t<\/div>\n\t\t\t\t\t\t<\/div>\n\t\t\t\t<\/div>\n\t\t\t\t\t<\/div>\n\t\t<\/div>\n\t\t\t\t\t<\/div>\n\t\t<\/section>\n\t\t\t\t<section class=\"elementor-section elementor-top-section elementor-element elementor-element-401fb0d6 elementor-section-height-min-height elementor-section-full_width elementor-section-height-default elementor-section-items-middle\" data-id=\"401fb0d6\" data-element_type=\"section\" data-e-type=\"section\" data-settings=\"{&quot;background_background&quot;:&quot;classic&quot;}\">\n\t\t\t\t\t\t\t<div class=\"elementor-background-overlay\"><\/div>\n\t\t\t\t\t\t\t<div class=\"elementor-container elementor-column-gap-no\">\n\t\t\t\t\t<div class=\"elementor-column elementor-col-100 elementor-top-column elementor-element elementor-element-5fc8e92e\" data-id=\"5fc8e92e\" data-element_type=\"column\" data-e-type=\"column\">\n\t\t\t<div class=\"elementor-widget-wrap\">\n\t\t\t\t\t\t\t<\/div>\n\t\t<\/div>\n\t\t\t\t\t<\/div>\n\t\t<\/section>\n\t\t\t\t<section class=\"elementor-section elementor-top-section elementor-element elementor-element-5c66ae19 elementor-section-boxed elementor-section-height-default elementor-section-height-default\" data-id=\"5c66ae19\" data-element_type=\"section\" data-e-type=\"section\">\n\t\t\t\t\t\t<div class=\"elementor-container elementor-column-gap-default\">\n\t\t\t\t\t<div class=\"elementor-column elementor-col-100 elementor-top-column elementor-element elementor-element-dee738d\" data-id=\"dee738d\" data-element_type=\"column\" data-e-type=\"column\">\n\t\t\t<div class=\"elementor-widget-wrap elementor-element-populated\">\n\t\t\t\t\t\t<div class=\"elementor-element elementor-element-4f54f642 elementor-widget elementor-widget-heading\" data-id=\"4f54f642\" data-element_type=\"widget\" data-e-type=\"widget\" data-widget_type=\"heading.default\">\n\t\t\t\t<div class=\"elementor-widget-container\">\n\t\t\t\t\t<h1 class=\"elementor-heading-title elementor-size-default\">Beauty-Adventskalender 2022<\/h1>\t\t\t\t<\/div>\n\t\t\t\t<\/div>\n\t\t\t\t<div class=\"elementor-element elementor-element-efdc06a elementor-widget elementor-widget-heading\" data-id=\"efdc06a\" data-element_type=\"widget\" data-e-type=\"widget\" data-widget_type=\"heading.default\">\n\t\t\t\t<div class=\"elementor-widget-container\">\n\t\t\t\t\t<h2 class=\"elementor-heading-title elementor-size-default\">Die sch\u00f6nsten Adventskalender f\u00fcr Sie<\/h2>\t\t\t\t<\/div>\n\t\t\t\t<\/div>\n\t\t\t\t<div class=\"elementor-element elementor-element-5422c205 elementor-widget-divider--view-line elementor-widget elementor-widget-divider\" data-id=\"5422c205\" data-element_type=\"widget\" data-e-type=\"widget\" data-widget_type=\"divider.default\">\n\t\t\t\t<div class=\"elementor-widget-container\">\n\t\t\t\t\t\t\t<div class=\"elementor-divider\">\n\t\t\t<span class=\"elementor-divider-separator\">\n\t\t\t\t\t\t<\/span>\n\t\t<\/div>\n\t\t\t\t\t\t<\/div>\n\t\t\t\t<\/div>\n\t\t\t\t<div class=\"elementor-element elementor-element-744a389b elementor-drop-cap-yes elementor-drop-cap-view-default elementor-widget elementor-widget-text-editor\" data-id=\"744a389b\" data-element_type=\"widget\" data-e-type=\"widget\" data-settings=\"{&quot;drop_cap&quot;:&quot;yes&quot;}\" data-widget_type=\"text-editor.default\">\n\t\t\t\t<div class=\"elementor-widget-container\">\n\t\t\t\t\t\t\t\t\t<p>Adventskalender sind nur etwas f\u00fcr Kinder? Schon lange nicht mehr! Auch wir Erwachsene freuen uns in der Adventszeit jeden Tag aufs Neue ein T\u00fcrchen zu \u00f6ffnen. Bei all dem vorweihnachtlichen Stress f\u00e4ngt der Morgen damit trotzdem gut an. Beauty-Adventskalender stehen besonders hoch im Kurs. Ob man eine neue Marke ausprobieren m\u00f6chte oder einfach ein paar Beauty-Highlights im Mini-Format f\u00fcr bevorstehende Reisen braucht \u2013 von den Goodies aus den Beauty-Adventskalendern hat man auch noch lange nach Weihnachten etwas. Wir k\u00f6nnen uns aber nicht nur auf Kleingr\u00f6\u00dfen freuen, manchmal ist auch die ein oder andere Originalgr\u00f6\u00dfe versteckt.<\/p><p>Wir wissen, die Auswahl ist gigantisch. Da f\u00e4llt es einem schwer sich f\u00fcr einen Adventskalender zu entscheiden. Ersparen Sie sich die lange Suche, denn wir haben unsere Kalender ganz genau unter die Lupe genommen!<\/p>\t\t\t\t\t\t\t\t<\/div>\n\t\t\t\t<\/div>\n\t\t\t\t<div class=\"elementor-element elementor-element-21cf972b elementor-widget-divider--view-line elementor-widget elementor-widget-divider\" data-id=\"21cf972b\" data-element_type=\"widget\" data-e-type=\"widget\" data-widget_type=\"divider.default\">\n\t\t\t\t<div class=\"elementor-widget-container\">\n\t\t\t\t\t\t\t<div class=\"elementor-divider\">\n\t\t\t<span class=\"elementor-divider-separator\">\n\t\t\t\t\t\t<\/span>\n\t\t<\/div>\n\t\t\t\t\t\t<\/div>\n\t\t\t\t<\/div>\n\t\t\t\t\t<\/div>\n\t\t<\/div>\n\t\t\t\t\t<\/div>\n\t\t<\/section>\n\t\t<div class=\"elementor-element elementor-element-96ade9a e-flex e-con-boxed e-con e-parent\" data-id=\"96ade9a\" data-element_type=\"container\" data-e-type=\"container\" data-settings=\"{&quot;background_background&quot;:&quot;classic&quot;}\">\n\t\t\t\t\t<div class=\"e-con-inner\">\n\t\t\t\t<div class=\"elementor-element elementor-element-51c4852 elementor-toc--minimized-on-desktop elementor-widget elementor-widget-table-of-contents\" data-id=\"51c4852\" data-element_type=\"widget\" data-e-type=\"widget\" data-settings=\"{&quot;exclude_headings_by_selector&quot;:[],&quot;marker_view&quot;:&quot;bullets&quot;,&quot;collapse_subitems&quot;:&quot;yes&quot;,&quot;minimized_on&quot;:&quot;desktop&quot;,&quot;headings_by_tags&quot;:[&quot;h2&quot;,&quot;h3&quot;,&quot;h4&quot;,&quot;h5&quot;,&quot;h6&quot;],&quot;icon&quot;:{&quot;value&quot;:&quot;fas fa-circle&quot;,&quot;library&quot;:&quot;fa-solid&quot;},&quot;no_headings_message&quot;:&quot;Es wurden keine \\u00dcberschriften auf dieser Seite gefunden.&quot;,&quot;minimize_box&quot;:&quot;yes&quot;,&quot;hierarchical_view&quot;:&quot;yes&quot;,&quot;min_height&quot;:{&quot;unit&quot;:&quot;px&quot;,&quot;size&quot;:&quot;&quot;,&quot;sizes&quot;:[]},&quot;min_height_tablet&quot;:{&quot;unit&quot;:&quot;px&quot;,&quot;size&quot;:&quot;&quot;,&quot;sizes&quot;:[]},&quot;min_height_mobile&quot;:{&quot;unit&quot;:&quot;px&quot;,&quot;size&quot;:&quot;&quot;,&quot;sizes&quot;:[]}}\" data-widget_type=\"table-of-contents.default\">\n\t\t\t\t<div class=\"elementor-widget-container\">\n\t\t\t\t\t\t\t\t\t<div class=\"elementor-toc__header\">\n\t\t\t\t\t\t<h4 class=\"elementor-toc__header-title\">\n\t\t\t\tInhaltsverzeichnis\t\t\t<\/h4>\n\t\t\t\t\t\t\t\t\t\t<div class=\"elementor-toc__toggle-button elementor-toc__toggle-button--expand\" role=\"button\" tabindex=\"0\" aria-controls=\"elementor-toc__51c4852\" aria-expanded=\"true\" aria-label=\"Inhaltsverzeichnis \u00f6ffnen\"><i aria-hidden=\"true\" class=\"fas fa-chevron-down\"><\/i><\/div>\n\t\t\t\t<div class=\"elementor-toc__toggle-button elementor-toc__toggle-button--collapse\" role=\"button\" tabindex=\"0\" aria-controls=\"elementor-toc__51c4852\" aria-expanded=\"true\" aria-label=\"Inhaltsverzeichnis schlie\u00dfen\"><i aria-hidden=\"true\" class=\"fas fa-chevron-up\"><\/i><\/div>\n\t\t\t\t\t<\/div>\n\t\t\t\t<div id=\"elementor-toc__51c4852\" class=\"elementor-toc__body elementor-toc__list-items--collapsible\">\n\t\t\t<div class=\"elementor-toc__spinner-container\">\n\t\t\t\t<i class=\"elementor-toc__spinner eicon-animation-spin eicon-loading\" aria-hidden=\"true\"><\/i>\t\t\t<\/div>\n\t\t<\/div>\n\t\t\t\t\t\t<\/div>\n\t\t\t\t<\/div>\n\t\t\t\t\t<\/div>\n\t\t\t\t<\/div>\n\t\t\t\t<section class=\"elementor-section elementor-top-section elementor-element elementor-element-d15fc3d elementor-section-boxed elementor-section-height-default elementor-section-height-default\" data-id=\"d15fc3d\" data-element_type=\"section\" data-e-type=\"section\" data-settings=\"{&quot;animation&quot;:&quot;none&quot;}\">\n\t\t\t\t\t\t<div class=\"elementor-container elementor-column-gap-default\">\n\t\t\t\t\t<div class=\"elementor-column elementor-col-50 elementor-top-column elementor-element elementor-element-dd065dd\" data-id=\"dd065dd\" data-element_type=\"column\" data-e-type=\"column\">\n\t\t\t<div class=\"elementor-widget-wrap elementor-element-populated\">\n\t\t\t\t\t\t<div class=\"elementor-element elementor-element-9ccaf72 elementor-widget elementor-widget-image\" data-id=\"9ccaf72\" data-element_type=\"widget\" data-e-type=\"widget\" data-widget_type=\"image.default\">\n\t\t\t\t<div class=\"elementor-widget-container\">\n\t\t\t\t\t\t\t\t\t\t\t\t\t\t\t\t<a href=\"https:\/\/www.kosmetikkaufhaus.de\/detail=20=ACA7204000=Academie=academie-Adventskalender-Pop-Art.php\">\n\t\t\t\t\t\t\t<img fetchpriority=\"high\" decoding=\"async\" width=\"600\" height=\"600\" src=\"https:\/\/www.kosmetikkaufhaus.de\/neues\/wp-content\/uploads\/2022\/10\/ACA7204000.jpg\" class=\"attachment-large size-large wp-image-3024\" alt=\"\" srcset=\"https:\/\/www.kosmetikkaufhaus.de\/neues\/wp-content\/uploads\/2022\/10\/ACA7204000.jpg 600w, https:\/\/www.kosmetikkaufhaus.de\/neues\/wp-content\/uploads\/2022\/10\/ACA7204000-300x300.jpg 300w, https:\/\/www.kosmetikkaufhaus.de\/neues\/wp-content\/uploads\/2022\/10\/ACA7204000-150x150.jpg 150w\" sizes=\"(max-width: 600px) 100vw, 600px\" \/>\t\t\t\t\t\t\t\t<\/a>\n\t\t\t\t\t\t\t\t\t\t\t\t\t\t\t<\/div>\n\t\t\t\t<\/div>\n\t\t\t\t\t<\/div>\n\t\t<\/div>\n\t\t\t\t<div class=\"elementor-column elementor-col-50 elementor-top-column elementor-element elementor-element-055ed68\" data-id=\"055ed68\" data-element_type=\"column\" data-e-type=\"column\">\n\t\t\t<div class=\"elementor-widget-wrap elementor-element-populated\">\n\t\t\t\t\t\t<div class=\"elementor-element elementor-element-ea715ce elementor-widget elementor-widget-heading\" data-id=\"ea715ce\" data-element_type=\"widget\" data-e-type=\"widget\" data-widget_type=\"heading.default\">\n\t\t\t\t<div class=\"elementor-widget-container\">\n\t\t\t\t\t<h2 class=\"elementor-heading-title elementor-size-default\">Academie Adventskalender<\/h2>\t\t\t\t<\/div>\n\t\t\t\t<\/div>\n\t\t\t\t<div class=\"elementor-element elementor-element-4a71753 elementor-widget elementor-widget-text-editor\" data-id=\"4a71753\" data-element_type=\"widget\" data-e-type=\"widget\" data-widget_type=\"text-editor.default\">\n\t\t\t\t<div class=\"elementor-widget-container\">\n\t\t\t\t\t\t\t\t\t<p>24 Wirkstoffampullen f\u00fcr glatte, revitalisierte Haut zum Fest.<\/p><p><strong>Warenwert: <\/strong>125,00 \u20ac<\/p><p><strong>Preisvorteil: <\/strong>70,00 \u20ac<\/p><p><strong>Highlight-Produkt:<\/strong> Instant Radiance Ampulle<\/p>\t\t\t\t\t\t\t\t<\/div>\n\t\t\t\t<\/div>\n\t\t\t\t<div class=\"elementor-element elementor-element-ce161e6 elementor-widget elementor-widget-toggle\" data-id=\"ce161e6\" data-element_type=\"widget\" data-e-type=\"widget\" data-widget_type=\"toggle.default\">\n\t\t\t\t<div class=\"elementor-widget-container\">\n\t\t\t\t\t\t\t<div class=\"elementor-toggle\">\n\t\t\t\t\t\t\t<div class=\"elementor-toggle-item\">\n\t\t\t\t\t<div id=\"elementor-tab-title-2161\" class=\"elementor-tab-title\" data-tab=\"1\" role=\"button\" aria-controls=\"elementor-tab-content-2161\" aria-expanded=\"false\">\n\t\t\t\t\t\t\t\t\t\t\t\t<span class=\"elementor-toggle-icon elementor-toggle-icon-left\" aria-hidden=\"true\">\n\t\t\t\t\t\t\t\t\t\t\t\t\t\t\t<span class=\"elementor-toggle-icon-closed\"><i class=\"fas fa-caret-right\"><\/i><\/span>\n\t\t\t\t\t\t\t\t<span class=\"elementor-toggle-icon-opened\"><i class=\"elementor-toggle-icon-opened fas fa-caret-up\"><\/i><\/span>\n\t\t\t\t\t\t\t\t\t\t\t\t\t<\/span>\n\t\t\t\t\t\t\t\t\t\t\t\t<a class=\"elementor-toggle-title\" tabindex=\"0\">Inhalt<\/a>\n\t\t\t\t\t<\/div>\n\n\t\t\t\t\t<div id=\"elementor-tab-content-2161\" class=\"elementor-tab-content elementor-clearfix\" data-tab=\"1\" role=\"region\" aria-labelledby=\"elementor-tab-title-2161\"><ul><li><strong>3 x 2 ml (Stimulieren) Integral Cells Extract:<\/strong><br \/>zur Aktivierung der Zellerneuerung, zum Schutz Stammzellen vor der Alterung zu sch\u00fctzen und die Kollagensynthese wieder anzukurbeln &#8211; Ideal f\u00fcr den Beginn der Behandlung durch Aktivierung des Zellstoffwechsels.<br \/><strong>2 x 2 ml Vitamin-Komplex A &amp; E:<\/strong><br \/>Vitamin A regt die Zellteilung an und sorgt f\u00fcr einen j\u00fcnger aussehenden Teint. Vitamin E ist ein Anti-freie Radikale f\u00fcr einen besseren Schutz der Haut.<br \/><strong>5 x 2 ml (Hydratisieren) Hydraderm:<\/strong><br \/>eine Kombination von Wirkstoffen f\u00fcr sofortige und lang anhaltende Hydratation. Hilft, gegen Austrocknung zu k\u00e4mpfen.<br \/><strong>3 x 2 ml (Sch\u00fctzen) Gel\u00e9e Royale:<\/strong><br \/>n\u00e4hrt, revitalisiert die Haut und verbessert den Teint.<br \/><strong>3 x 2 ml (Volumenpflege) Hyalurons\u00e4ure:<\/strong><br \/>erh\u00e4lt den idealen Feuchtigkeitsgehalt f\u00fcr eine aufgepolsterte Epidermis. Die Haut ist weich und geschmeidig, feine Linien sind weniger sichtbar.<br \/><strong>2 x 2 ml (N\u00e4hren) Omega 3,6,9:<\/strong><br \/>essentielle Fetts\u00e4uren f\u00fcr eine gute Ern\u00e4hrung, gesch\u00fctzte und geschmeidige Haut. Ideal, um extremer K\u00e4lte zu trotzen<br \/><strong>1 x 2 ml (Ausstrahlung) Instant Radiance:<\/strong><br \/>verleiht dem Teint Leuchtkraft dank des Instant Radiance Konzentrats. Fixiert das Make-up. Kann mit der Foundation gemischt werden.<br \/><strong>3 x 2 ml (Gl\u00e4tten) Kollagen aus dem Meer:<\/strong><br \/>gl\u00e4ttet das Mikrorelief der Haut. St\u00e4rkt die Spannkraft und Geschmeidigkeit.<br \/><strong>1 x 2 ml (Revitalisieren) Vitamin-Komplex A &amp; E:<\/strong><br \/>Vitamin A stimuliert die Zellteilung f\u00fcr einen j\u00fcnger aussehenden Teint kurz vor dem D-Day. Vitamin E ist ein Mittel gegen freie Radikale und hilft, die Haut zu revitalisieren.<br \/><strong>1 x 2 ml Sofortige Ausstrahlung f\u00fcr den D-Day:<\/strong><br \/>Die H\u00e4lfte der Ampulle auf das Gesicht auftragen und die zweite H\u00e4lfte mit der Foundation oder der \u00fcblichen Creme vermischen. Die Haut ist hydratisiert und revitalisiert. Sie sieht gegl\u00e4ttet und strahlend mit Vitalit\u00e4t f\u00fcr das Ende der Jahres-Festlichkeiten.<\/li><\/ul><\/div>\n\t\t\t\t<\/div>\n\t\t\t\t\t\t\t\t<\/div>\n\t\t\t\t\t\t<\/div>\n\t\t\t\t<\/div>\n\t\t\t\t<div class=\"elementor-element elementor-element-6e87f5a elementor-align-left elementor-mobile-align-center elementor-widget elementor-widget-button\" data-id=\"6e87f5a\" data-element_type=\"widget\" data-e-type=\"widget\" data-widget_type=\"button.default\">\n\t\t\t\t<div class=\"elementor-widget-container\">\n\t\t\t\t\t\t\t\t\t<div class=\"elementor-button-wrapper\">\n\t\t\t\t\t<a class=\"elementor-button elementor-button-link elementor-size-sm\" href=\"https:\/\/www.kosmetikkaufhaus.de\/detail=20=ACA7204000=Academie=academie-Adventskalender-Pop-Art.php\">\n\t\t\t\t\t\t<span class=\"elementor-button-content-wrapper\">\n\t\t\t\t\t\t\t\t\t<span class=\"elementor-button-text\">Mehr dazu<\/span>\n\t\t\t\t\t<\/span>\n\t\t\t\t\t<\/a>\n\t\t\t\t<\/div>\n\t\t\t\t\t\t\t\t<\/div>\n\t\t\t\t<\/div>\n\t\t\t\t\t<\/div>\n\t\t<\/div>\n\t\t\t\t\t<\/div>\n\t\t<\/section>\n\t\t\t\t<section class=\"elementor-section elementor-top-section elementor-element elementor-element-3744087 elementor-section-boxed elementor-section-height-default elementor-section-height-default\" data-id=\"3744087\" data-element_type=\"section\" data-e-type=\"section\" data-settings=\"{&quot;animation&quot;:&quot;none&quot;}\">\n\t\t\t\t\t\t<div class=\"elementor-container elementor-column-gap-default\">\n\t\t\t\t\t<div class=\"elementor-column elementor-col-50 elementor-top-column elementor-element elementor-element-7819bd3\" data-id=\"7819bd3\" data-element_type=\"column\" data-e-type=\"column\">\n\t\t\t<div class=\"elementor-widget-wrap elementor-element-populated\">\n\t\t\t\t\t\t<div class=\"elementor-element elementor-element-d11e4f3 elementor-widget elementor-widget-image\" data-id=\"d11e4f3\" data-element_type=\"widget\" data-e-type=\"widget\" data-widget_type=\"image.default\">\n\t\t\t\t<div class=\"elementor-widget-container\">\n\t\t\t\t\t\t\t\t\t\t\t\t\t\t\t\t<a href=\"https:\/\/www.kosmetikkaufhaus.de\/detail=294=BAB401353=BABOR=BABOR-Adventskalender-2022.php\">\n\t\t\t\t\t\t\t<img decoding=\"async\" width=\"1000\" height=\"1000\" src=\"https:\/\/www.kosmetikkaufhaus.de\/neues\/wp-content\/uploads\/2022\/10\/BAB401353.jpg\" class=\"attachment-full size-full wp-image-3023\" alt=\"\" srcset=\"https:\/\/www.kosmetikkaufhaus.de\/neues\/wp-content\/uploads\/2022\/10\/BAB401353.jpg 1000w, https:\/\/www.kosmetikkaufhaus.de\/neues\/wp-content\/uploads\/2022\/10\/BAB401353-300x300.jpg 300w, https:\/\/www.kosmetikkaufhaus.de\/neues\/wp-content\/uploads\/2022\/10\/BAB401353-150x150.jpg 150w, https:\/\/www.kosmetikkaufhaus.de\/neues\/wp-content\/uploads\/2022\/10\/BAB401353-768x768.jpg 768w, https:\/\/www.kosmetikkaufhaus.de\/neues\/wp-content\/uploads\/2022\/10\/BAB401353-624x624.jpg 624w\" sizes=\"(max-width: 1000px) 100vw, 1000px\" \/>\t\t\t\t\t\t\t\t<\/a>\n\t\t\t\t\t\t\t\t\t\t\t\t\t\t\t<\/div>\n\t\t\t\t<\/div>\n\t\t\t\t\t<\/div>\n\t\t<\/div>\n\t\t\t\t<div class=\"elementor-column elementor-col-50 elementor-top-column elementor-element elementor-element-24b45b1\" data-id=\"24b45b1\" data-element_type=\"column\" data-e-type=\"column\">\n\t\t\t<div class=\"elementor-widget-wrap elementor-element-populated\">\n\t\t\t\t\t\t<div class=\"elementor-element elementor-element-77227b0 elementor-widget elementor-widget-heading\" data-id=\"77227b0\" data-element_type=\"widget\" data-e-type=\"widget\" data-widget_type=\"heading.default\">\n\t\t\t\t<div class=\"elementor-widget-container\">\n\t\t\t\t\t<h2 class=\"elementor-heading-title elementor-size-default\">BABOR Adventskalender<\/h2>\t\t\t\t<\/div>\n\t\t\t\t<\/div>\n\t\t\t\t<div class=\"elementor-element elementor-element-63f2c45 elementor-widget elementor-widget-text-editor\" data-id=\"63f2c45\" data-element_type=\"widget\" data-e-type=\"widget\" data-widget_type=\"text-editor.default\">\n\t\t\t\t<div class=\"elementor-widget-container\">\n\t\t\t\t\t\t\t\t\t<p>Der Beauty-Adventskalender von BABOR bietet einen bunten Mix an verschiedenen Ampullen.<\/p><p><strong>Warenwert: <\/strong>135,50 \u20ac<\/p><p><strong>Preisvorteil: <\/strong>55,60 \u20ac<\/p><p><strong>Highlight-Produkt:<\/strong> DOCTOR BABOR Hyaluronic Acid Ampulle<\/p>\t\t\t\t\t\t\t\t<\/div>\n\t\t\t\t<\/div>\n\t\t\t\t<div class=\"elementor-element elementor-element-f535035 elementor-widget elementor-widget-toggle\" data-id=\"f535035\" data-element_type=\"widget\" data-e-type=\"widget\" data-widget_type=\"toggle.default\">\n\t\t\t\t<div class=\"elementor-widget-container\">\n\t\t\t\t\t\t\t<div class=\"elementor-toggle\">\n\t\t\t\t\t\t\t<div class=\"elementor-toggle-item\">\n\t\t\t\t\t<div id=\"elementor-tab-title-2571\" class=\"elementor-tab-title\" data-tab=\"1\" role=\"button\" aria-controls=\"elementor-tab-content-2571\" aria-expanded=\"false\">\n\t\t\t\t\t\t\t\t\t\t\t\t<span class=\"elementor-toggle-icon elementor-toggle-icon-left\" aria-hidden=\"true\">\n\t\t\t\t\t\t\t\t\t\t\t\t\t\t\t<span class=\"elementor-toggle-icon-closed\"><i class=\"fas fa-caret-right\"><\/i><\/span>\n\t\t\t\t\t\t\t\t<span class=\"elementor-toggle-icon-opened\"><i class=\"elementor-toggle-icon-opened fas fa-caret-up\"><\/i><\/span>\n\t\t\t\t\t\t\t\t\t\t\t\t\t<\/span>\n\t\t\t\t\t\t\t\t\t\t\t\t<a class=\"elementor-toggle-title\" tabindex=\"0\">Inhalt<\/a>\n\t\t\t\t\t<\/div>\n\n\t\t\t\t\t<div id=\"elementor-tab-content-2571\" class=\"elementor-tab-content elementor-clearfix\" data-tab=\"1\" role=\"region\" aria-labelledby=\"elementor-tab-title-2571\"><ul><li>1 x DOCTOR BABOR Hyaluronic Acid<\/li><li>3 x Active Night<\/li><li>1 x Hydra Plus<\/li><li>3 x DOCTOR BABOR Vitamin C<\/li><li>2 x Algae Vitalizer<\/li><li>3 x Multi Vitamin<\/li><li>2 x Perfect Glow<\/li><li>3 x 3D Firming<\/li><li>3 x DOCTOR BABOR Beta Glucan<\/li><li>3 x Lift Express<\/li><\/ul><\/div>\n\t\t\t\t<\/div>\n\t\t\t\t\t\t\t\t<\/div>\n\t\t\t\t\t\t<\/div>\n\t\t\t\t<\/div>\n\t\t\t\t<div class=\"elementor-element elementor-element-c1d8c49 elementor-align-left elementor-mobile-align-center elementor-widget elementor-widget-button\" data-id=\"c1d8c49\" data-element_type=\"widget\" data-e-type=\"widget\" data-widget_type=\"button.default\">\n\t\t\t\t<div class=\"elementor-widget-container\">\n\t\t\t\t\t\t\t\t\t<div class=\"elementor-button-wrapper\">\n\t\t\t\t\t<a class=\"elementor-button elementor-button-link elementor-size-sm\" href=\"https:\/\/www.kosmetikkaufhaus.de\/detail=294=BAB401353=BABOR=BABOR-Adventskalender-2022.php\">\n\t\t\t\t\t\t<span class=\"elementor-button-content-wrapper\">\n\t\t\t\t\t\t\t\t\t<span class=\"elementor-button-text\">Mehr dazu<\/span>\n\t\t\t\t\t<\/span>\n\t\t\t\t\t<\/a>\n\t\t\t\t<\/div>\n\t\t\t\t\t\t\t\t<\/div>\n\t\t\t\t<\/div>\n\t\t\t\t\t<\/div>\n\t\t<\/div>\n\t\t\t\t\t<\/div>\n\t\t<\/section>\n\t\t\t\t<section class=\"elementor-section elementor-top-section elementor-element elementor-element-611f2d6 elementor-section-boxed elementor-section-height-default elementor-section-height-default\" data-id=\"611f2d6\" data-element_type=\"section\" data-e-type=\"section\" data-settings=\"{&quot;animation&quot;:&quot;none&quot;}\">\n\t\t\t\t\t\t<div class=\"elementor-container elementor-column-gap-default\">\n\t\t\t\t\t<div class=\"elementor-column elementor-col-50 elementor-top-column elementor-element elementor-element-08a29da\" data-id=\"08a29da\" data-element_type=\"column\" data-e-type=\"column\">\n\t\t\t<div class=\"elementor-widget-wrap elementor-element-populated\">\n\t\t\t\t\t\t<div class=\"elementor-element elementor-element-b1e8a3b elementor-widget elementor-widget-image\" data-id=\"b1e8a3b\" data-element_type=\"widget\" data-e-type=\"widget\" data-widget_type=\"image.default\">\n\t\t\t\t<div class=\"elementor-widget-container\">\n\t\t\t\t\t\t\t\t\t\t\t\t\t\t\t\t<a href=\"https:\/\/www.kosmetikkaufhaus.de\/detail=2=BNN1220307=Binella=Binella-Adventskalender-2022.php\">\n\t\t\t\t\t\t\t<img decoding=\"async\" width=\"1000\" height=\"1000\" src=\"https:\/\/www.kosmetikkaufhaus.de\/neues\/wp-content\/uploads\/2022\/10\/BNN1220307.jpg\" class=\"attachment-full size-full wp-image-3022\" alt=\"\" srcset=\"https:\/\/www.kosmetikkaufhaus.de\/neues\/wp-content\/uploads\/2022\/10\/BNN1220307.jpg 1000w, https:\/\/www.kosmetikkaufhaus.de\/neues\/wp-content\/uploads\/2022\/10\/BNN1220307-300x300.jpg 300w, https:\/\/www.kosmetikkaufhaus.de\/neues\/wp-content\/uploads\/2022\/10\/BNN1220307-150x150.jpg 150w, https:\/\/www.kosmetikkaufhaus.de\/neues\/wp-content\/uploads\/2022\/10\/BNN1220307-768x768.jpg 768w, https:\/\/www.kosmetikkaufhaus.de\/neues\/wp-content\/uploads\/2022\/10\/BNN1220307-624x624.jpg 624w\" sizes=\"(max-width: 1000px) 100vw, 1000px\" \/>\t\t\t\t\t\t\t\t<\/a>\n\t\t\t\t\t\t\t\t\t\t\t\t\t\t\t<\/div>\n\t\t\t\t<\/div>\n\t\t\t\t\t<\/div>\n\t\t<\/div>\n\t\t\t\t<div class=\"elementor-column elementor-col-50 elementor-top-column elementor-element elementor-element-fa79128\" data-id=\"fa79128\" data-element_type=\"column\" data-e-type=\"column\">\n\t\t\t<div class=\"elementor-widget-wrap elementor-element-populated\">\n\t\t\t\t\t\t<div class=\"elementor-element elementor-element-ce03d10 elementor-widget elementor-widget-heading\" data-id=\"ce03d10\" data-element_type=\"widget\" data-e-type=\"widget\" data-widget_type=\"heading.default\">\n\t\t\t\t<div class=\"elementor-widget-container\">\n\t\t\t\t\t<h2 class=\"elementor-heading-title elementor-size-default\">BINELLA Adventskalender<\/h2>\t\t\t\t<\/div>\n\t\t\t\t<\/div>\n\t\t\t\t<div class=\"elementor-element elementor-element-25e5db2 elementor-widget elementor-widget-text-editor\" data-id=\"25e5db2\" data-element_type=\"widget\" data-e-type=\"widget\" data-widget_type=\"text-editor.default\">\n\t\t\t\t<div class=\"elementor-widget-container\">\n\t\t\t\t\t\t\t\t\t<p>Im BINELLA Adventskalender verteilen sich Ampullen, Cremes, Gesichtsmasken und K\u00f6rperpflegeprodukte auf 24 T\u00fcrchen. Mit dabei sind exklusiv gleich zwei Neuheiten.<\/p><p><strong>Warenwert: <\/strong>120,00 \u20ac<\/p><p><strong>Preisvorteil: <\/strong>31,00 \u20ac<\/p><p><strong>Highlight-Produkt:<\/strong> GOLD GLOW ANTI-WRINKLE &amp; HYDRATING MASK<\/p>\t\t\t\t\t\t\t\t<\/div>\n\t\t\t\t<\/div>\n\t\t\t\t<div class=\"elementor-element elementor-element-c9a3192 elementor-widget elementor-widget-toggle\" data-id=\"c9a3192\" data-element_type=\"widget\" data-e-type=\"widget\" data-widget_type=\"toggle.default\">\n\t\t\t\t<div class=\"elementor-widget-container\">\n\t\t\t\t\t\t\t<div class=\"elementor-toggle\">\n\t\t\t\t\t\t\t<div class=\"elementor-toggle-item\">\n\t\t\t\t\t<div id=\"elementor-tab-title-2111\" class=\"elementor-tab-title\" data-tab=\"1\" role=\"button\" aria-controls=\"elementor-tab-content-2111\" aria-expanded=\"false\">\n\t\t\t\t\t\t\t\t\t\t\t\t<span class=\"elementor-toggle-icon elementor-toggle-icon-left\" aria-hidden=\"true\">\n\t\t\t\t\t\t\t\t\t\t\t\t\t\t\t<span class=\"elementor-toggle-icon-closed\"><i class=\"fas fa-caret-right\"><\/i><\/span>\n\t\t\t\t\t\t\t\t<span class=\"elementor-toggle-icon-opened\"><i class=\"elementor-toggle-icon-opened fas fa-caret-up\"><\/i><\/span>\n\t\t\t\t\t\t\t\t\t\t\t\t\t<\/span>\n\t\t\t\t\t\t\t\t\t\t\t\t<a class=\"elementor-toggle-title\" tabindex=\"0\">Inhalt<\/a>\n\t\t\t\t\t<\/div>\n\n\t\t\t\t\t<div id=\"elementor-tab-content-2111\" class=\"elementor-tab-content elementor-clearfix\" data-tab=\"1\" role=\"region\" aria-labelledby=\"elementor-tab-title-2111\"><ul><li><p>2x OVERNIGHT-REPAIR BI-PHASE 2 ml<\/p><p>2x TRIPLE TEA D-TOX 2 ml<\/p><p>1x CAVIAR DAY CREAM 5 ml<\/p><p>2 x ANTI RADICALS STRESS LESS 2 ml<\/p><\/li><li><p>1x CAVIAR NIGHT CREAM 5 ml<\/p><p>1x SANTA LIPCARE Lippenpflegestift 4,8 g<\/p><p>1x ALOE VERA SOOTHING SHOWER GEL 50 ml<\/p><p>1x GINKGO REFRESHING BODYLOTION 50 ml<\/p><p>2x VITAMIN C HYDRA BALANCE 2 ml<\/p><p>2x COLLAGEN WRINKLE FREE 2 ml<\/p><p>1x MATRIX PREVENT 24h CREAM 5 ml<\/p><p>1x LOTUS &amp; SILK PRECIOUS SHOWER GEL 50 ml<\/p><p>2x BLACK ORCHID EXTRA FIRM 2 ml<\/p><p>1x SILVER GLOW REPAIR &amp; REFINING MASK 15 g + Spatel<\/p><p>1x NEUHEIT Gesichtsreinigung 65 g<\/p><p>1x NEUHEIT Augenpflege Luxuslinie 5 ml<\/p><p>1x GOLD GLOW ANTI-WRINKLE &amp; HYDRATING MASK 15 g + Spatel<\/p><p>1x EYE &amp; LIP ZONE REFINER Applikator nachf\u00fcllbar, 10 ml<\/p><\/li><\/ul><\/div>\n\t\t\t\t<\/div>\n\t\t\t\t\t\t\t\t<\/div>\n\t\t\t\t\t\t<\/div>\n\t\t\t\t<\/div>\n\t\t\t\t<div class=\"elementor-element elementor-element-249e5d6 elementor-align-left elementor-mobile-align-center elementor-widget elementor-widget-button\" data-id=\"249e5d6\" data-element_type=\"widget\" data-e-type=\"widget\" data-widget_type=\"button.default\">\n\t\t\t\t<div class=\"elementor-widget-container\">\n\t\t\t\t\t\t\t\t\t<div class=\"elementor-button-wrapper\">\n\t\t\t\t\t<a class=\"elementor-button elementor-button-link elementor-size-sm\" href=\"https:\/\/www.kosmetikkaufhaus.de\/detail=2=BNN1220307=Binella=Binella-Adventskalender-2022.php\">\n\t\t\t\t\t\t<span class=\"elementor-button-content-wrapper\">\n\t\t\t\t\t\t\t\t\t<span class=\"elementor-button-text\">Mehr dazu<\/span>\n\t\t\t\t\t<\/span>\n\t\t\t\t\t<\/a>\n\t\t\t\t<\/div>\n\t\t\t\t\t\t\t\t<\/div>\n\t\t\t\t<\/div>\n\t\t\t\t\t<\/div>\n\t\t<\/div>\n\t\t\t\t\t<\/div>\n\t\t<\/section>\n\t\t\t\t<section class=\"elementor-section elementor-top-section elementor-element elementor-element-581c86b elementor-section-boxed elementor-section-height-default elementor-section-height-default\" data-id=\"581c86b\" data-element_type=\"section\" data-e-type=\"section\" data-settings=\"{&quot;animation&quot;:&quot;none&quot;}\">\n\t\t\t\t\t\t<div class=\"elementor-container elementor-column-gap-default\">\n\t\t\t\t\t<div class=\"elementor-column elementor-col-50 elementor-top-column elementor-element elementor-element-83b49b6\" data-id=\"83b49b6\" data-element_type=\"column\" data-e-type=\"column\">\n\t\t\t<div class=\"elementor-widget-wrap elementor-element-populated\">\n\t\t\t\t\t\t<div class=\"elementor-element elementor-element-454b153 elementor-widget elementor-widget-image\" data-id=\"454b153\" data-element_type=\"widget\" data-e-type=\"widget\" data-widget_type=\"image.default\">\n\t\t\t\t<div class=\"elementor-widget-container\">\n\t\t\t\t\t\t\t\t\t\t\t\t\t\t\t\t<a href=\"https:\/\/www.kosmetikkaufhaus.de\/detail=75=BDRBI70059=Biodroga=Biodroga-Adventskalender-2022.php\">\n\t\t\t\t\t\t\t<img loading=\"lazy\" decoding=\"async\" width=\"1000\" height=\"1000\" src=\"https:\/\/www.kosmetikkaufhaus.de\/neues\/wp-content\/uploads\/2022\/10\/BDRBI70059.jpg\" class=\"attachment-full size-full wp-image-3021\" alt=\"\" srcset=\"https:\/\/www.kosmetikkaufhaus.de\/neues\/wp-content\/uploads\/2022\/10\/BDRBI70059.jpg 1000w, https:\/\/www.kosmetikkaufhaus.de\/neues\/wp-content\/uploads\/2022\/10\/BDRBI70059-300x300.jpg 300w, https:\/\/www.kosmetikkaufhaus.de\/neues\/wp-content\/uploads\/2022\/10\/BDRBI70059-150x150.jpg 150w, https:\/\/www.kosmetikkaufhaus.de\/neues\/wp-content\/uploads\/2022\/10\/BDRBI70059-768x768.jpg 768w, https:\/\/www.kosmetikkaufhaus.de\/neues\/wp-content\/uploads\/2022\/10\/BDRBI70059-624x624.jpg 624w\" sizes=\"(max-width: 1000px) 100vw, 1000px\" \/>\t\t\t\t\t\t\t\t<\/a>\n\t\t\t\t\t\t\t\t\t\t\t\t\t\t\t<\/div>\n\t\t\t\t<\/div>\n\t\t\t\t\t<\/div>\n\t\t<\/div>\n\t\t\t\t<div class=\"elementor-column elementor-col-50 elementor-top-column elementor-element elementor-element-ba2908f\" data-id=\"ba2908f\" data-element_type=\"column\" data-e-type=\"column\">\n\t\t\t<div class=\"elementor-widget-wrap elementor-element-populated\">\n\t\t\t\t\t\t<div class=\"elementor-element elementor-element-48e3956 elementor-widget elementor-widget-heading\" data-id=\"48e3956\" data-element_type=\"widget\" data-e-type=\"widget\" data-widget_type=\"heading.default\">\n\t\t\t\t<div class=\"elementor-widget-container\">\n\t\t\t\t\t<h2 class=\"elementor-heading-title elementor-size-default\">BIODROGA Adventskalender<\/h2>\t\t\t\t<\/div>\n\t\t\t\t<\/div>\n\t\t\t\t<div class=\"elementor-element elementor-element-0204ffb elementor-widget elementor-widget-text-editor\" data-id=\"0204ffb\" data-element_type=\"widget\" data-e-type=\"widget\" data-widget_type=\"text-editor.default\">\n\t\t\t\t<div class=\"elementor-widget-container\">\n\t\t\t\t\t\t\t\t\t<p>Eine Auswahl aus zwei Konzentraten, verteilt auf 18 Tage, vier Vliesmasken und eine luxuri\u00f6se, brandneue Creme die gleich zweimal enthalten ist, bieten einzigartige Verw\u00f6hnmomente in der Vorweihnachtszeit.<\/p><p><b>Warenwert: <\/b>174,00 \u20ac<\/p><p><strong>Preisvorteil: <\/strong>105,00 \u20ac<\/p><p><strong>Highlight-Produkt:<\/strong> PREMIUM SELECTION High Performance Cream<\/p>\t\t\t\t\t\t\t\t<\/div>\n\t\t\t\t<\/div>\n\t\t\t\t<div class=\"elementor-element elementor-element-88bfbe3 elementor-widget elementor-widget-toggle\" data-id=\"88bfbe3\" data-element_type=\"widget\" data-e-type=\"widget\" data-widget_type=\"toggle.default\">\n\t\t\t\t<div class=\"elementor-widget-container\">\n\t\t\t\t\t\t\t<div class=\"elementor-toggle\">\n\t\t\t\t\t\t\t<div class=\"elementor-toggle-item\">\n\t\t\t\t\t<div id=\"elementor-tab-title-1431\" class=\"elementor-tab-title\" data-tab=\"1\" role=\"button\" aria-controls=\"elementor-tab-content-1431\" aria-expanded=\"false\">\n\t\t\t\t\t\t\t\t\t\t\t\t<span class=\"elementor-toggle-icon elementor-toggle-icon-left\" aria-hidden=\"true\">\n\t\t\t\t\t\t\t\t\t\t\t\t\t\t\t<span class=\"elementor-toggle-icon-closed\"><i class=\"fas fa-caret-right\"><\/i><\/span>\n\t\t\t\t\t\t\t\t<span class=\"elementor-toggle-icon-opened\"><i class=\"elementor-toggle-icon-opened fas fa-caret-up\"><\/i><\/span>\n\t\t\t\t\t\t\t\t\t\t\t\t\t<\/span>\n\t\t\t\t\t\t\t\t\t\t\t\t<a class=\"elementor-toggle-title\" tabindex=\"0\">Inhalt<\/a>\n\t\t\t\t\t<\/div>\n\n\t\t\t\t\t<div id=\"elementor-tab-content-1431\" class=\"elementor-tab-content elementor-clearfix\" data-tab=\"1\" role=\"region\" aria-labelledby=\"elementor-tab-title-1431\"><ul><li><p>9 x 2ml EFFECT CARE Hydra Boost Concentrate<br \/>9 x 2ml EFFECT CARE Vitamin Boost Concentrate<br \/>4 x EFFECT CARE 360\u00b0 Lifting Vliesmaske<br \/>2 x 15ml PREMIUM SELECTION High Performance Cream<\/p><\/li><\/ul><\/div>\n\t\t\t\t<\/div>\n\t\t\t\t\t\t\t\t<\/div>\n\t\t\t\t\t\t<\/div>\n\t\t\t\t<\/div>\n\t\t\t\t<div class=\"elementor-element elementor-element-47bc815 elementor-align-left elementor-mobile-align-center elementor-widget elementor-widget-button\" data-id=\"47bc815\" data-element_type=\"widget\" data-e-type=\"widget\" data-widget_type=\"button.default\">\n\t\t\t\t<div class=\"elementor-widget-container\">\n\t\t\t\t\t\t\t\t\t<div class=\"elementor-button-wrapper\">\n\t\t\t\t\t<a class=\"elementor-button elementor-button-link elementor-size-sm\" href=\"https:\/\/www.kosmetikkaufhaus.de\/detail=75=BDRBI70059=Biodroga=Biodroga-Adventskalender-2022.php\">\n\t\t\t\t\t\t<span class=\"elementor-button-content-wrapper\">\n\t\t\t\t\t\t\t\t\t<span class=\"elementor-button-text\">Mehr dazu<\/span>\n\t\t\t\t\t<\/span>\n\t\t\t\t\t<\/a>\n\t\t\t\t<\/div>\n\t\t\t\t\t\t\t\t<\/div>\n\t\t\t\t<\/div>\n\t\t\t\t\t<\/div>\n\t\t<\/div>\n\t\t\t\t\t<\/div>\n\t\t<\/section>\n\t\t\t\t<section class=\"elementor-section elementor-top-section elementor-element elementor-element-a2c5c43 elementor-section-boxed elementor-section-height-default elementor-section-height-default\" data-id=\"a2c5c43\" data-element_type=\"section\" data-e-type=\"section\" data-settings=\"{&quot;animation&quot;:&quot;none&quot;}\">\n\t\t\t\t\t\t<div class=\"elementor-container elementor-column-gap-default\">\n\t\t\t\t\t<div class=\"elementor-column elementor-col-50 elementor-top-column elementor-element elementor-element-09d7b78\" data-id=\"09d7b78\" data-element_type=\"column\" data-e-type=\"column\">\n\t\t\t<div class=\"elementor-widget-wrap elementor-element-populated\">\n\t\t\t\t\t\t<div class=\"elementor-element elementor-element-3528e33 elementor-widget elementor-widget-image\" data-id=\"3528e33\" data-element_type=\"widget\" data-e-type=\"widget\" data-widget_type=\"image.default\">\n\t\t\t\t<div class=\"elementor-widget-container\">\n\t\t\t\t\t\t\t\t\t\t\t\t\t\t\t\t<a href=\"https:\/\/www.kosmetikkaufhaus.de\/detail=79=CNCAN101384=CNC-cosmetic=CNC-Adventskalender-Beautiful-twenty4-days.php\">\n\t\t\t\t\t\t\t<img loading=\"lazy\" decoding=\"async\" width=\"1000\" height=\"1000\" src=\"https:\/\/www.kosmetikkaufhaus.de\/neues\/wp-content\/uploads\/2022\/10\/CNCAN101384.jpg\" class=\"attachment-full size-full wp-image-3020\" alt=\"\" srcset=\"https:\/\/www.kosmetikkaufhaus.de\/neues\/wp-content\/uploads\/2022\/10\/CNCAN101384.jpg 1000w, https:\/\/www.kosmetikkaufhaus.de\/neues\/wp-content\/uploads\/2022\/10\/CNCAN101384-300x300.jpg 300w, https:\/\/www.kosmetikkaufhaus.de\/neues\/wp-content\/uploads\/2022\/10\/CNCAN101384-150x150.jpg 150w, https:\/\/www.kosmetikkaufhaus.de\/neues\/wp-content\/uploads\/2022\/10\/CNCAN101384-768x768.jpg 768w, https:\/\/www.kosmetikkaufhaus.de\/neues\/wp-content\/uploads\/2022\/10\/CNCAN101384-624x624.jpg 624w\" sizes=\"(max-width: 1000px) 100vw, 1000px\" \/>\t\t\t\t\t\t\t\t<\/a>\n\t\t\t\t\t\t\t\t\t\t\t\t\t\t\t<\/div>\n\t\t\t\t<\/div>\n\t\t\t\t\t<\/div>\n\t\t<\/div>\n\t\t\t\t<div class=\"elementor-column elementor-col-50 elementor-top-column elementor-element elementor-element-669b4e0\" data-id=\"669b4e0\" data-element_type=\"column\" data-e-type=\"column\">\n\t\t\t<div class=\"elementor-widget-wrap elementor-element-populated\">\n\t\t\t\t\t\t<div class=\"elementor-element elementor-element-0affee4 elementor-widget elementor-widget-heading\" data-id=\"0affee4\" data-element_type=\"widget\" data-e-type=\"widget\" data-widget_type=\"heading.default\">\n\t\t\t\t<div class=\"elementor-widget-container\">\n\t\t\t\t\t<h2 class=\"elementor-heading-title elementor-size-default\">cNc Adventskalender<\/h2>\t\t\t\t<\/div>\n\t\t\t\t<\/div>\n\t\t\t\t<div class=\"elementor-element elementor-element-48ce2dc elementor-widget elementor-widget-text-editor\" data-id=\"48ce2dc\" data-element_type=\"widget\" data-e-type=\"widget\" data-widget_type=\"text-editor.default\">\n\t\t\t\t<div class=\"elementor-widget-container\">\n\t\t\t\t\t\t\t\t\t<p>Hinter 24 T\u00fcrchen verbergen sich Hightech-Power Produkte in einer limitierten Sondergr\u00f6\u00dfe und kostbare Sch\u00f6nheitsampullen.<\/p><p><strong>Warenwert: <\/strong>150,00 \u20ac<\/p><p><strong>Preisvorteil: <\/strong>100 \u20ac<\/p><p><strong>Highlight-Produkt:<\/strong> Edition 3.5<\/p>\t\t\t\t\t\t\t\t<\/div>\n\t\t\t\t<\/div>\n\t\t\t\t<div class=\"elementor-element elementor-element-7003cf3 elementor-widget elementor-widget-toggle\" data-id=\"7003cf3\" data-element_type=\"widget\" data-e-type=\"widget\" data-widget_type=\"toggle.default\">\n\t\t\t\t<div class=\"elementor-widget-container\">\n\t\t\t\t\t\t\t<div class=\"elementor-toggle\">\n\t\t\t\t\t\t\t<div class=\"elementor-toggle-item\">\n\t\t\t\t\t<div id=\"elementor-tab-title-1171\" class=\"elementor-tab-title\" data-tab=\"1\" role=\"button\" aria-controls=\"elementor-tab-content-1171\" aria-expanded=\"false\">\n\t\t\t\t\t\t\t\t\t\t\t\t<span class=\"elementor-toggle-icon elementor-toggle-icon-left\" aria-hidden=\"true\">\n\t\t\t\t\t\t\t\t\t\t\t\t\t\t\t<span class=\"elementor-toggle-icon-closed\"><i class=\"fas fa-caret-right\"><\/i><\/span>\n\t\t\t\t\t\t\t\t<span class=\"elementor-toggle-icon-opened\"><i class=\"elementor-toggle-icon-opened fas fa-caret-up\"><\/i><\/span>\n\t\t\t\t\t\t\t\t\t\t\t\t\t<\/span>\n\t\t\t\t\t\t\t\t\t\t\t\t<a class=\"elementor-toggle-title\" tabindex=\"0\">Inhalt<\/a>\n\t\t\t\t\t<\/div>\n\n\t\t\t\t\t<div id=\"elementor-tab-content-1171\" class=\"elementor-tab-content elementor-clearfix\" data-tab=\"1\" role=\"region\" aria-labelledby=\"elementor-tab-title-1171\"><p>\u00b7 Optimizer 5 ml<br \/>\u00b7 aesthetic world Visible Eye Contour Lift 5 ml<br \/>\u00b7 edition 3.5 5 ml<br \/>\u00b7 AHA Fruchts\u00e4ureampulle 2 ml<br \/>\u00b7 Bio-Repairampulle 2 ml<br \/>\u00b7 Cell Booster STERIL 2 ml<br \/>\u00b7 Collagen-Booster 2 ml<br \/>\u00b7 Couperose Ampulle 2 ml<br \/>\u00b7 Detox Ampulle 2 ml<br \/>\u00b7 Hyaluron Aloe Vera Feuchtigkeitsampulle 2 ml<br \/>\u00b7 Hyaluron Augenampulle 2 ml<br \/>\u00b7 Hyaluron Forte Serum STERIL 2 ml<br \/>\u00b7 2 x Hyaluron Liftampulle 2 ml<br \/>\u00b7 Immun Concentrate 2 ml<br \/>\u00b7 Intensiv-Effekt-Fluid 2 ml<br \/>\u00b7 Lift Concentrate 2 ml<br \/>\u00b7 Mimik Serum STERIL 2 ml<br \/>\u00b7 Moisturizing Concentrate 2 ml<br \/>\u00b7 Power Lift Elixier 2 ml<br \/>\u00b7 Q10 Vital-Komplex Ampulle 2 ml<br \/>\u00b7 2 x Stress Control Fluid 2 ml<br \/>\u00b7 Vitamin C Serum STERIL 2 ml \u00a0<\/p><\/div>\n\t\t\t\t<\/div>\n\t\t\t\t\t\t\t\t<\/div>\n\t\t\t\t\t\t<\/div>\n\t\t\t\t<\/div>\n\t\t\t\t<div class=\"elementor-element elementor-element-d4e085e elementor-align-left elementor-mobile-align-center elementor-widget elementor-widget-button\" data-id=\"d4e085e\" data-element_type=\"widget\" data-e-type=\"widget\" data-widget_type=\"button.default\">\n\t\t\t\t<div class=\"elementor-widget-container\">\n\t\t\t\t\t\t\t\t\t<div class=\"elementor-button-wrapper\">\n\t\t\t\t\t<a class=\"elementor-button elementor-button-link elementor-size-sm\" href=\"https:\/\/www.kosmetikkaufhaus.de\/detail=79=CNCAN101384=CNC-cosmetic=CNC-Adventskalender-Beautiful-twenty4-days.php\">\n\t\t\t\t\t\t<span class=\"elementor-button-content-wrapper\">\n\t\t\t\t\t\t\t\t\t<span class=\"elementor-button-text\">Mehr dazu<\/span>\n\t\t\t\t\t<\/span>\n\t\t\t\t\t<\/a>\n\t\t\t\t<\/div>\n\t\t\t\t\t\t\t\t<\/div>\n\t\t\t\t<\/div>\n\t\t\t\t\t<\/div>\n\t\t<\/div>\n\t\t\t\t\t<\/div>\n\t\t<\/section>\n\t\t\t\t<section class=\"elementor-section elementor-top-section elementor-element elementor-element-275302c elementor-section-boxed elementor-section-height-default elementor-section-height-default\" data-id=\"275302c\" data-element_type=\"section\" data-e-type=\"section\" data-settings=\"{&quot;animation&quot;:&quot;none&quot;}\">\n\t\t\t\t\t\t<div class=\"elementor-container elementor-column-gap-default\">\n\t\t\t\t\t<div class=\"elementor-column elementor-col-50 elementor-top-column elementor-element elementor-element-9eca202\" data-id=\"9eca202\" data-element_type=\"column\" data-e-type=\"column\">\n\t\t\t<div class=\"elementor-widget-wrap elementor-element-populated\">\n\t\t\t\t\t\t<div class=\"elementor-element elementor-element-6476e1b elementor-widget elementor-widget-image\" data-id=\"6476e1b\" data-element_type=\"widget\" data-e-type=\"widget\" data-widget_type=\"image.default\">\n\t\t\t\t<div class=\"elementor-widget-container\">\n\t\t\t\t\t\t\t\t\t\t\t\t\t\t\t\t<a href=\"https:\/\/www.kosmetikkaufhaus.de\/detail=14=DEYL-1520=Deynique=Deynique-Adventskalender-2022.php\">\n\t\t\t\t\t\t\t<img loading=\"lazy\" decoding=\"async\" width=\"1000\" height=\"1000\" src=\"https:\/\/www.kosmetikkaufhaus.de\/neues\/wp-content\/uploads\/2022\/10\/DEYL-1520.jpg\" class=\"attachment-full size-full wp-image-3019\" alt=\"\" srcset=\"https:\/\/www.kosmetikkaufhaus.de\/neues\/wp-content\/uploads\/2022\/10\/DEYL-1520.jpg 1000w, https:\/\/www.kosmetikkaufhaus.de\/neues\/wp-content\/uploads\/2022\/10\/DEYL-1520-300x300.jpg 300w, https:\/\/www.kosmetikkaufhaus.de\/neues\/wp-content\/uploads\/2022\/10\/DEYL-1520-150x150.jpg 150w, https:\/\/www.kosmetikkaufhaus.de\/neues\/wp-content\/uploads\/2022\/10\/DEYL-1520-768x768.jpg 768w, https:\/\/www.kosmetikkaufhaus.de\/neues\/wp-content\/uploads\/2022\/10\/DEYL-1520-624x624.jpg 624w\" sizes=\"(max-width: 1000px) 100vw, 1000px\" \/>\t\t\t\t\t\t\t\t<\/a>\n\t\t\t\t\t\t\t\t\t\t\t\t\t\t\t<\/div>\n\t\t\t\t<\/div>\n\t\t\t\t\t<\/div>\n\t\t<\/div>\n\t\t\t\t<div class=\"elementor-column elementor-col-50 elementor-top-column elementor-element elementor-element-009233f\" data-id=\"009233f\" data-element_type=\"column\" data-e-type=\"column\">\n\t\t\t<div class=\"elementor-widget-wrap elementor-element-populated\">\n\t\t\t\t\t\t<div class=\"elementor-element elementor-element-b40db9a elementor-widget elementor-widget-heading\" data-id=\"b40db9a\" data-element_type=\"widget\" data-e-type=\"widget\" data-widget_type=\"heading.default\">\n\t\t\t\t<div class=\"elementor-widget-container\">\n\t\t\t\t\t<h2 class=\"elementor-heading-title elementor-size-default\">Deynique Adventskalender<\/h2>\t\t\t\t<\/div>\n\t\t\t\t<\/div>\n\t\t\t\t<div class=\"elementor-element elementor-element-4230cee elementor-widget elementor-widget-text-editor\" data-id=\"4230cee\" data-element_type=\"widget\" data-e-type=\"widget\" data-widget_type=\"text-editor.default\">\n\t\t\t\t<div class=\"elementor-widget-container\">\n\t\t\t\t\t\t\t\t\t<p>Ampullen, Pflegebasics, Anti-Age-Produkte. Diese tolle Mischung aus Pflege-Extras wird Sie oder Ihre Liebsten auch noch nach Weihnachten begeistern.<\/p><p><strong>Warenwert:<\/strong> 220,00 \u20ac<\/p><p><strong>Preisvorteil: <\/strong>130,10 \u20ac<\/p><p><strong>Highlight-Produkt:<\/strong> explicit Maxximas line filling eye mask<\/p>\t\t\t\t\t\t\t\t<\/div>\n\t\t\t\t<\/div>\n\t\t\t\t<div class=\"elementor-element elementor-element-b4018ce elementor-widget elementor-widget-toggle\" data-id=\"b4018ce\" data-element_type=\"widget\" data-e-type=\"widget\" data-widget_type=\"toggle.default\">\n\t\t\t\t<div class=\"elementor-widget-container\">\n\t\t\t\t\t\t\t<div class=\"elementor-toggle\">\n\t\t\t\t\t\t\t<div class=\"elementor-toggle-item\">\n\t\t\t\t\t<div id=\"elementor-tab-title-1881\" class=\"elementor-tab-title\" data-tab=\"1\" role=\"button\" aria-controls=\"elementor-tab-content-1881\" aria-expanded=\"false\">\n\t\t\t\t\t\t\t\t\t\t\t\t<span class=\"elementor-toggle-icon elementor-toggle-icon-left\" aria-hidden=\"true\">\n\t\t\t\t\t\t\t\t\t\t\t\t\t\t\t<span class=\"elementor-toggle-icon-closed\"><i class=\"fas fa-caret-right\"><\/i><\/span>\n\t\t\t\t\t\t\t\t<span class=\"elementor-toggle-icon-opened\"><i class=\"elementor-toggle-icon-opened fas fa-caret-up\"><\/i><\/span>\n\t\t\t\t\t\t\t\t\t\t\t\t\t<\/span>\n\t\t\t\t\t\t\t\t\t\t\t\t<a class=\"elementor-toggle-title\" tabindex=\"0\">Inhalt<\/a>\n\t\t\t\t\t<\/div>\n\n\t\t\t\t\t<div id=\"elementor-tab-content-1881\" class=\"elementor-tab-content elementor-clearfix\" data-tab=\"1\" role=\"region\" aria-labelledby=\"elementor-tab-title-1881\"><ul><li>explicit Maxximas line filling eye mask (1 Pack \u00e0 2 St.)<br \/>explicit Maxximas smoothing exellence\u00a0face mask (1 St\u00fcck)<br \/>explicit Lip Care Avocado Gel (10ml)<br \/>explicit Clear Skin Spot Stop (10ml)\u00a0<br \/>Hyaluron Gel Eye &amp; Face Firming Intensivkur (5ml Pipettenfl\u00e4schchen)<br \/>Autumn Winter Season Dry Skin Essential Cream mit SPF15 (10ml Pumpspender)<br \/><strong>Ampullen je 2 x 2ml:<\/strong><br \/>(Aloe Vera, Gold, Firming, Peel off, SOS, Hydra-Maxx, Night Repair, Vitamin C, Platin Matrix)<\/li><\/ul><\/div>\n\t\t\t\t<\/div>\n\t\t\t\t\t\t\t\t<\/div>\n\t\t\t\t\t\t<\/div>\n\t\t\t\t<\/div>\n\t\t\t\t<div class=\"elementor-element elementor-element-708d8ed elementor-align-left elementor-mobile-align-center elementor-widget elementor-widget-button\" data-id=\"708d8ed\" data-element_type=\"widget\" data-e-type=\"widget\" data-widget_type=\"button.default\">\n\t\t\t\t<div class=\"elementor-widget-container\">\n\t\t\t\t\t\t\t\t\t<div class=\"elementor-button-wrapper\">\n\t\t\t\t\t<a class=\"elementor-button elementor-button-link elementor-size-sm\" href=\"https:\/\/www.kosmetikkaufhaus.de\/detail=14=DEYL-1520=Deynique=Deynique-Adventskalender-2022.php\">\n\t\t\t\t\t\t<span class=\"elementor-button-content-wrapper\">\n\t\t\t\t\t\t\t\t\t<span class=\"elementor-button-text\">Mehr dazu<\/span>\n\t\t\t\t\t<\/span>\n\t\t\t\t\t<\/a>\n\t\t\t\t<\/div>\n\t\t\t\t\t\t\t\t<\/div>\n\t\t\t\t<\/div>\n\t\t\t\t\t<\/div>\n\t\t<\/div>\n\t\t\t\t\t<\/div>\n\t\t<\/section>\n\t\t\t\t<section class=\"elementor-section elementor-top-section elementor-element elementor-element-e396589 elementor-section-boxed elementor-section-height-default elementor-section-height-default\" data-id=\"e396589\" data-element_type=\"section\" data-e-type=\"section\" data-settings=\"{&quot;animation&quot;:&quot;none&quot;}\">\n\t\t\t\t\t\t<div class=\"elementor-container elementor-column-gap-default\">\n\t\t\t\t\t<div class=\"elementor-column elementor-col-50 elementor-top-column elementor-element elementor-element-6e6bb2f\" data-id=\"6e6bb2f\" data-element_type=\"column\" data-e-type=\"column\">\n\t\t\t<div class=\"elementor-widget-wrap elementor-element-populated\">\n\t\t\t\t\t\t<div class=\"elementor-element elementor-element-8573481 elementor-widget elementor-widget-image\" data-id=\"8573481\" data-element_type=\"widget\" data-e-type=\"widget\" data-widget_type=\"image.default\">\n\t\t\t\t<div class=\"elementor-widget-container\">\n\t\t\t\t\t\t\t\t\t\t\t\t\t\t\t\t<a href=\"https:\/\/www.kosmetikkaufhaus.de\/detail=33=GRA41615=Dr-Grandel=Dr-Grandel-Adventskalender-2022.php\">\n\t\t\t\t\t\t\t<img loading=\"lazy\" decoding=\"async\" width=\"1000\" height=\"1000\" src=\"https:\/\/www.kosmetikkaufhaus.de\/neues\/wp-content\/uploads\/2022\/10\/GRA41615.jpg\" class=\"attachment-full size-full wp-image-3018\" alt=\"Dr. Grandel Adventskalender im rosa und lila Design\" srcset=\"https:\/\/www.kosmetikkaufhaus.de\/neues\/wp-content\/uploads\/2022\/10\/GRA41615.jpg 1000w, https:\/\/www.kosmetikkaufhaus.de\/neues\/wp-content\/uploads\/2022\/10\/GRA41615-300x300.jpg 300w, https:\/\/www.kosmetikkaufhaus.de\/neues\/wp-content\/uploads\/2022\/10\/GRA41615-150x150.jpg 150w, https:\/\/www.kosmetikkaufhaus.de\/neues\/wp-content\/uploads\/2022\/10\/GRA41615-768x768.jpg 768w, https:\/\/www.kosmetikkaufhaus.de\/neues\/wp-content\/uploads\/2022\/10\/GRA41615-624x624.jpg 624w\" sizes=\"(max-width: 1000px) 100vw, 1000px\" \/>\t\t\t\t\t\t\t\t<\/a>\n\t\t\t\t\t\t\t\t\t\t\t\t\t\t\t<\/div>\n\t\t\t\t<\/div>\n\t\t\t\t\t<\/div>\n\t\t<\/div>\n\t\t\t\t<div class=\"elementor-column elementor-col-50 elementor-top-column elementor-element elementor-element-3ec4d9a\" data-id=\"3ec4d9a\" data-element_type=\"column\" data-e-type=\"column\">\n\t\t\t<div class=\"elementor-widget-wrap elementor-element-populated\">\n\t\t\t\t\t\t<div class=\"elementor-element elementor-element-f797be9 elementor-widget elementor-widget-heading\" data-id=\"f797be9\" data-element_type=\"widget\" data-e-type=\"widget\" data-widget_type=\"heading.default\">\n\t\t\t\t<div class=\"elementor-widget-container\">\n\t\t\t\t\t<h2 class=\"elementor-heading-title elementor-size-default\">Dr. Grandel Adventskalender<\/h2>\t\t\t\t<\/div>\n\t\t\t\t<\/div>\n\t\t\t\t<div class=\"elementor-element elementor-element-3ad3218 elementor-widget elementor-widget-text-editor\" data-id=\"3ad3218\" data-element_type=\"widget\" data-e-type=\"widget\" data-widget_type=\"text-editor.default\">\n\t\t\t\t<div class=\"elementor-widget-container\">\n\t\t\t\t\t\t\t\t\t<p>Hinter den 24 T\u00fcrchen verstecken sich 25 Ampullen, die auf ihren gro\u00dfen Auftritt warten &#8211; manch eine sogar so zart funkelnd.<\/p><p><strong>Warenwert: <\/strong>144,00 \u20ac<\/p><p><strong>Preisvorteil: <\/strong>80,00 \u20ac\u00a0<\/p><p><strong>Highlight-Produkt:<\/strong> Collagen Boost Ampulle<\/p>\t\t\t\t\t\t\t\t<\/div>\n\t\t\t\t<\/div>\n\t\t\t\t<div class=\"elementor-element elementor-element-dcf3c7d elementor-widget elementor-widget-toggle\" data-id=\"dcf3c7d\" data-element_type=\"widget\" data-e-type=\"widget\" data-widget_type=\"toggle.default\">\n\t\t\t\t<div class=\"elementor-widget-container\">\n\t\t\t\t\t\t\t<div class=\"elementor-toggle\">\n\t\t\t\t\t\t\t<div class=\"elementor-toggle-item\">\n\t\t\t\t\t<div id=\"elementor-tab-title-2311\" class=\"elementor-tab-title\" data-tab=\"1\" role=\"button\" aria-controls=\"elementor-tab-content-2311\" aria-expanded=\"false\">\n\t\t\t\t\t\t\t\t\t\t\t\t<span class=\"elementor-toggle-icon elementor-toggle-icon-left\" aria-hidden=\"true\">\n\t\t\t\t\t\t\t\t\t\t\t\t\t\t\t<span class=\"elementor-toggle-icon-closed\"><i class=\"fas fa-caret-right\"><\/i><\/span>\n\t\t\t\t\t\t\t\t<span class=\"elementor-toggle-icon-opened\"><i class=\"elementor-toggle-icon-opened fas fa-caret-up\"><\/i><\/span>\n\t\t\t\t\t\t\t\t\t\t\t\t\t<\/span>\n\t\t\t\t\t\t\t\t\t\t\t\t<a class=\"elementor-toggle-title\" tabindex=\"0\">Inhalt<\/a>\n\t\t\t\t\t<\/div>\n\n\t\t\t\t\t<div id=\"elementor-tab-content-2311\" class=\"elementor-tab-content elementor-clearfix\" data-tab=\"1\" role=\"region\" aria-labelledby=\"elementor-tab-title-2311\"><ul><li>2 x\u00a0DR. GRANDEL Matt Now Ampulle\u00a0&#8211; 3 ml<br \/>2 x DR. GRANDEL Sensitive Solution Ampulle\u00a0&#8211; 3 ml<br \/>2 x\u00a0DR. GRANDEL Hyaluron Ampulle\u00a0&#8211; 3 ml<br \/>1 x\u00a0DR. GRANDEL Hyaluron Moisture Flash Ampulle\u00a0&#8211; 3 ml<br \/>1 x\u00a0DR. GRANDEL Hyaluron at Night\u00a0Ampulle\u00a0&#8211; 3 ml<br \/>2 x\u00a0DR. GRANDEL Retinol Ampulle\u00a0&#8211; 3 ml<br \/>2 x\u00a0DR. GRANDEL Collagen Boost Ampulle\u00a0&#8211; 3 ml<br \/>1 x\u00a0DR. GRANDEL Contour Lift Ampulle\u00a0&#8211; 3 ml<br \/>1 x DR. GRANDEL Forever 39 Ampulle\u00a0&#8211; 3 ml<br \/>2 x\u00a0DR. GRANDEL AHA EffectAmpulle\u00a0&#8211; 3 ml<br \/>1 x DR. GRANDEL Beauty Date Ampulle\u00a0&#8211; 3 ml<br \/>1 x\u00a0DR. GRANDEL Beauty Flash Ampulle\u00a0&#8211; 3 ml<br \/>1 x DR. GRANDEL Cell Repair Ampulle\u00a0&#8211; 3 ml<br \/>1 x\u00a0DR. GRANDEL Hydro Active Ampulle\u00a0&#8211; 3 ml<br \/>1 x\u00a0DR. GRANDEL SOS Ampulle\u00a0&#8211; 3 ml<br \/>1 x DR. GRANDEL Epigran Ampulle\u00a0&#8211; 3 ml<br \/>1 x\u00a0DR. GRANDEL Beautygen Renew Ampoule\u00a0&#8211; 3 ml<br \/>2 x\u00a0DR. GRANDEL Winter Wellness Ampulle\u00a0&#8211; 3 ml<br \/>1 x\u00a0Ampullen-Mini-Bar<br \/>1 x Ampullenaufbrechhilfe<\/li><\/ul><\/div>\n\t\t\t\t<\/div>\n\t\t\t\t\t\t\t\t<\/div>\n\t\t\t\t\t\t<\/div>\n\t\t\t\t<\/div>\n\t\t\t\t<div class=\"elementor-element elementor-element-921bfad elementor-align-left elementor-mobile-align-center elementor-widget elementor-widget-button\" data-id=\"921bfad\" data-element_type=\"widget\" data-e-type=\"widget\" data-widget_type=\"button.default\">\n\t\t\t\t<div class=\"elementor-widget-container\">\n\t\t\t\t\t\t\t\t\t<div class=\"elementor-button-wrapper\">\n\t\t\t\t\t<a class=\"elementor-button elementor-button-link elementor-size-sm\" href=\"https:\/\/www.kosmetikkaufhaus.de\/detail=33=GRA41615=Dr-Grandel=Dr-Grandel-Adventskalender-2022.php\">\n\t\t\t\t\t\t<span class=\"elementor-button-content-wrapper\">\n\t\t\t\t\t\t\t\t\t<span class=\"elementor-button-text\">Mehr dazu<\/span>\n\t\t\t\t\t<\/span>\n\t\t\t\t\t<\/a>\n\t\t\t\t<\/div>\n\t\t\t\t\t\t\t\t<\/div>\n\t\t\t\t<\/div>\n\t\t\t\t\t<\/div>\n\t\t<\/div>\n\t\t\t\t\t<\/div>\n\t\t<\/section>\n\t\t\t\t<section class=\"elementor-section elementor-top-section elementor-element elementor-element-5acb7af elementor-section-boxed elementor-section-height-default elementor-section-height-default\" data-id=\"5acb7af\" data-element_type=\"section\" data-e-type=\"section\" data-settings=\"{&quot;animation&quot;:&quot;none&quot;}\">\n\t\t\t\t\t\t<div class=\"elementor-container elementor-column-gap-default\">\n\t\t\t\t\t<div class=\"elementor-column elementor-col-50 elementor-top-column elementor-element elementor-element-e003634\" data-id=\"e003634\" data-element_type=\"column\" data-e-type=\"column\">\n\t\t\t<div class=\"elementor-widget-wrap elementor-element-populated\">\n\t\t\t\t\t\t<div class=\"elementor-element elementor-element-10e4f75 elementor-widget elementor-widget-image\" data-id=\"10e4f75\" data-element_type=\"widget\" data-e-type=\"widget\" data-widget_type=\"image.default\">\n\t\t\t\t<div class=\"elementor-widget-container\">\n\t\t\t\t\t\t\t\t\t\t\t\t\t\t\t\t<a href=\"https:\/\/www.kosmetikkaufhaus.de\/detail=287=HAU420005448=Dr-Hauschka=Dr-Hauschka-Adventskalender-2022.php\">\n\t\t\t\t\t\t\t<img loading=\"lazy\" decoding=\"async\" width=\"1000\" height=\"1000\" src=\"https:\/\/www.kosmetikkaufhaus.de\/neues\/wp-content\/uploads\/2022\/10\/HAU420005448.jpg\" class=\"attachment-full size-full wp-image-3017\" alt=\"\" srcset=\"https:\/\/www.kosmetikkaufhaus.de\/neues\/wp-content\/uploads\/2022\/10\/HAU420005448.jpg 1000w, https:\/\/www.kosmetikkaufhaus.de\/neues\/wp-content\/uploads\/2022\/10\/HAU420005448-300x300.jpg 300w, https:\/\/www.kosmetikkaufhaus.de\/neues\/wp-content\/uploads\/2022\/10\/HAU420005448-150x150.jpg 150w, https:\/\/www.kosmetikkaufhaus.de\/neues\/wp-content\/uploads\/2022\/10\/HAU420005448-768x768.jpg 768w, https:\/\/www.kosmetikkaufhaus.de\/neues\/wp-content\/uploads\/2022\/10\/HAU420005448-624x624.jpg 624w\" sizes=\"(max-width: 1000px) 100vw, 1000px\" \/>\t\t\t\t\t\t\t\t<\/a>\n\t\t\t\t\t\t\t\t\t\t\t\t\t\t\t<\/div>\n\t\t\t\t<\/div>\n\t\t\t\t\t<\/div>\n\t\t<\/div>\n\t\t\t\t<div class=\"elementor-column elementor-col-50 elementor-top-column elementor-element elementor-element-46d9e96\" data-id=\"46d9e96\" data-element_type=\"column\" data-e-type=\"column\">\n\t\t\t<div class=\"elementor-widget-wrap elementor-element-populated\">\n\t\t\t\t\t\t<div class=\"elementor-element elementor-element-e175f36 elementor-widget elementor-widget-heading\" data-id=\"e175f36\" data-element_type=\"widget\" data-e-type=\"widget\" data-widget_type=\"heading.default\">\n\t\t\t\t<div class=\"elementor-widget-container\">\n\t\t\t\t\t<h2 class=\"elementor-heading-title elementor-size-default\">Dr. Hauschka Adventskalender<\/h2>\t\t\t\t<\/div>\n\t\t\t\t<\/div>\n\t\t\t\t<div class=\"elementor-element elementor-element-4a5bbbe elementor-widget elementor-widget-text-editor\" data-id=\"4a5bbbe\" data-element_type=\"widget\" data-e-type=\"widget\" data-widget_type=\"text-editor.default\">\n\t\t\t\t<div class=\"elementor-widget-container\">\n\t\t\t\t\t\t\t\t\t<p>Auch in diesem Jahr warten im Dr. Hauschka Adventskalender 23 liebevoll zusammengestellte Probiergr\u00f6\u00dfen sowie eine ganz besondere \u00dcberraschung am 24. Dezember auf Sie.\u00a0<\/p><p><strong>Warenwert:<\/strong> 100,00 \u20ac<\/p><p><strong>Preisvorteil: <\/strong>46,00\u00a0\u20ac<\/p><p><strong>Highlight-Produkt:<\/strong> Rosen Tagescreme<\/p>\t\t\t\t\t\t\t\t<\/div>\n\t\t\t\t<\/div>\n\t\t\t\t<div class=\"elementor-element elementor-element-aaedfb7 elementor-widget elementor-widget-toggle\" data-id=\"aaedfb7\" data-element_type=\"widget\" data-e-type=\"widget\" data-widget_type=\"toggle.default\">\n\t\t\t\t<div class=\"elementor-widget-container\">\n\t\t\t\t\t\t\t<div class=\"elementor-toggle\">\n\t\t\t\t\t\t\t<div class=\"elementor-toggle-item\">\n\t\t\t\t\t<div id=\"elementor-tab-title-1791\" class=\"elementor-tab-title\" data-tab=\"1\" role=\"button\" aria-controls=\"elementor-tab-content-1791\" aria-expanded=\"false\">\n\t\t\t\t\t\t\t\t\t\t\t\t<span class=\"elementor-toggle-icon elementor-toggle-icon-left\" aria-hidden=\"true\">\n\t\t\t\t\t\t\t\t\t\t\t\t\t\t\t<span class=\"elementor-toggle-icon-closed\"><i class=\"fas fa-caret-right\"><\/i><\/span>\n\t\t\t\t\t\t\t\t<span class=\"elementor-toggle-icon-opened\"><i class=\"elementor-toggle-icon-opened fas fa-caret-up\"><\/i><\/span>\n\t\t\t\t\t\t\t\t\t\t\t\t\t<\/span>\n\t\t\t\t\t\t\t\t\t\t\t\t<a class=\"elementor-toggle-title\" tabindex=\"0\">Inhalt<\/a>\n\t\t\t\t\t<\/div>\n\n\t\t\t\t\t<div id=\"elementor-tab-content-1791\" class=\"elementor-tab-content elementor-clearfix\" data-tab=\"1\" role=\"region\" aria-labelledby=\"elementor-tab-title-1791\"><ul><li>Aufbauende Maske (5 ml)\u00a0<\/li><li>Beruhigende Maske (5 ml),<\/li><li>Beruhigendes Tagesfluid (5 ml),<\/li><li>Fu\u00dfcreme (10 ml),<\/li><li>Gesichtstonikum (10 ml),<\/li><li>Gesichtswaschcreme (10 ml),<\/li><li>Handcreme (10 ml),<\/li><li>Lavendel Sandelholz K\u00f6rperbalsam (10 ml),<\/li><li>Mandel K\u00f6rperbalsam (10 ml),<\/li><li>Melissen Tagescreme (5 ml),<\/li><li>Moor Lavendel Pflege\u00f6l (10 ml),<\/li><li>Quitten K\u00f6rpermilch (10 ml),<\/li><li>Quitten Tagescreme (5 ml),<\/li><li>Regeneration Tag und Nachtserum (2,5 ml),<\/li><li>Regeneration Tagescreme (5 ml),<\/li><li>Reichhaltige Crememaske (5 ml),<\/li><li>Reinigungsmilch (10 ml),<\/li><li>Revitalisierende Maske (5 ml),<\/li><li>Rosen K\u00f6rperbalsam (10 ml),<\/li><li>Rosen Tagescreme leicht (5 ml),<\/li><li>Schlehenbl\u00fcten Pflege\u00f6l (10ml),<\/li><li>T\u00f6nungsfluid (2,5 ml),<\/li><li>Zitronen Lemongrass K\u00f6rpermilch (10 ml),<\/li><li>Rosen Tagescreme (30 ml)<\/li><\/ul><\/div>\n\t\t\t\t<\/div>\n\t\t\t\t\t\t\t\t<\/div>\n\t\t\t\t\t\t<\/div>\n\t\t\t\t<\/div>\n\t\t\t\t<div class=\"elementor-element elementor-element-63a96dd elementor-align-left elementor-mobile-align-center elementor-widget elementor-widget-button\" data-id=\"63a96dd\" data-element_type=\"widget\" data-e-type=\"widget\" data-widget_type=\"button.default\">\n\t\t\t\t<div class=\"elementor-widget-container\">\n\t\t\t\t\t\t\t\t\t<div class=\"elementor-button-wrapper\">\n\t\t\t\t\t<a class=\"elementor-button elementor-button-link elementor-size-sm\" href=\"https:\/\/www.kosmetikkaufhaus.de\/detail=287=HAU420005448=Dr-Hauschka=Dr-Hauschka-Adventskalender-2022.php\">\n\t\t\t\t\t\t<span class=\"elementor-button-content-wrapper\">\n\t\t\t\t\t\t\t\t\t<span class=\"elementor-button-text\">Mehr dazu<\/span>\n\t\t\t\t\t<\/span>\n\t\t\t\t\t<\/a>\n\t\t\t\t<\/div>\n\t\t\t\t\t\t\t\t<\/div>\n\t\t\t\t<\/div>\n\t\t\t\t\t<\/div>\n\t\t<\/div>\n\t\t\t\t\t<\/div>\n\t\t<\/section>\n\t\t\t\t<section class=\"elementor-section elementor-top-section elementor-element elementor-element-7f2c087 elementor-section-boxed elementor-section-height-default elementor-section-height-default\" data-id=\"7f2c087\" data-element_type=\"section\" data-e-type=\"section\" data-settings=\"{&quot;animation&quot;:&quot;none&quot;}\">\n\t\t\t\t\t\t<div class=\"elementor-container elementor-column-gap-default\">\n\t\t\t\t\t<div class=\"elementor-column elementor-col-50 elementor-top-column elementor-element elementor-element-55f92d9\" data-id=\"55f92d9\" data-element_type=\"column\" data-e-type=\"column\">\n\t\t\t<div class=\"elementor-widget-wrap elementor-element-populated\">\n\t\t\t\t\t\t<div class=\"elementor-element elementor-element-7c55f2a elementor-widget elementor-widget-image\" data-id=\"7c55f2a\" data-element_type=\"widget\" data-e-type=\"widget\" data-widget_type=\"image.default\">\n\t\t\t\t<div class=\"elementor-widget-container\">\n\t\t\t\t\t\t\t\t\t\t\t\t\t\t\t\t<a href=\"https:\/\/www.kosmetikkaufhaus.de\/detail=819=ETB4050-22=etre-belle=Ampullen-Adventskalender-2022.php\">\n\t\t\t\t\t\t\t<img loading=\"lazy\" decoding=\"async\" width=\"500\" height=\"500\" src=\"https:\/\/www.kosmetikkaufhaus.de\/neues\/wp-content\/uploads\/2022\/10\/ETB4050-22.jpg\" class=\"attachment-full size-full wp-image-3008\" alt=\"\" srcset=\"https:\/\/www.kosmetikkaufhaus.de\/neues\/wp-content\/uploads\/2022\/10\/ETB4050-22.jpg 500w, https:\/\/www.kosmetikkaufhaus.de\/neues\/wp-content\/uploads\/2022\/10\/ETB4050-22-300x300.jpg 300w, https:\/\/www.kosmetikkaufhaus.de\/neues\/wp-content\/uploads\/2022\/10\/ETB4050-22-150x150.jpg 150w\" sizes=\"(max-width: 500px) 100vw, 500px\" \/>\t\t\t\t\t\t\t\t<\/a>\n\t\t\t\t\t\t\t\t\t\t\t\t\t\t\t<\/div>\n\t\t\t\t<\/div>\n\t\t\t\t\t<\/div>\n\t\t<\/div>\n\t\t\t\t<div class=\"elementor-column elementor-col-50 elementor-top-column elementor-element elementor-element-701470b\" data-id=\"701470b\" data-element_type=\"column\" data-e-type=\"column\">\n\t\t\t<div class=\"elementor-widget-wrap elementor-element-populated\">\n\t\t\t\t\t\t<div class=\"elementor-element elementor-element-fc4efbe elementor-widget elementor-widget-heading\" data-id=\"fc4efbe\" data-element_type=\"widget\" data-e-type=\"widget\" data-widget_type=\"heading.default\">\n\t\t\t\t<div class=\"elementor-widget-container\">\n\t\t\t\t\t<h2 class=\"elementor-heading-title elementor-size-default\">Etre Belle Adventskalender<\/h2>\t\t\t\t<\/div>\n\t\t\t\t<\/div>\n\t\t\t\t<div class=\"elementor-element elementor-element-20063e5 elementor-widget elementor-widget-text-editor\" data-id=\"20063e5\" data-element_type=\"widget\" data-e-type=\"widget\" data-widget_type=\"text-editor.default\">\n\t\t\t\t<div class=\"elementor-widget-container\">\n\t\t\t\t\t\t\t\t\t<p>Straffen &#8211; Sch\u00fctzen &#8211; Auff\u00fcllen &#8211; Falten reduzieren! Hinter jeder T\u00fcr verbirgt sich eine einzigartige Pflege\u00fcberraschung f\u00fcr eine jugendlich strahlende Haut.<\/p><p><strong>Warenwert: <\/strong>159,00 \u20ac<\/p><p><strong>Preisvorteil: <\/strong>100,00 \u20ac<\/p><p><strong>Highlight-Produkt: <\/strong>Cellular Night Repair Serum (Originalgr\u00f6\u00dfe)<\/p>\t\t\t\t\t\t\t\t<\/div>\n\t\t\t\t<\/div>\n\t\t\t\t<div class=\"elementor-element elementor-element-d8ed921 elementor-widget elementor-widget-toggle\" data-id=\"d8ed921\" data-element_type=\"widget\" data-e-type=\"widget\" data-widget_type=\"toggle.default\">\n\t\t\t\t<div class=\"elementor-widget-container\">\n\t\t\t\t\t\t\t<div class=\"elementor-toggle\">\n\t\t\t\t\t\t\t<div class=\"elementor-toggle-item\">\n\t\t\t\t\t<div id=\"elementor-tab-title-2271\" class=\"elementor-tab-title\" data-tab=\"1\" role=\"button\" aria-controls=\"elementor-tab-content-2271\" aria-expanded=\"false\">\n\t\t\t\t\t\t\t\t\t\t\t\t<span class=\"elementor-toggle-icon elementor-toggle-icon-left\" aria-hidden=\"true\">\n\t\t\t\t\t\t\t\t\t\t\t\t\t\t\t<span class=\"elementor-toggle-icon-closed\"><i class=\"fas fa-caret-right\"><\/i><\/span>\n\t\t\t\t\t\t\t\t<span class=\"elementor-toggle-icon-opened\"><i class=\"elementor-toggle-icon-opened fas fa-caret-up\"><\/i><\/span>\n\t\t\t\t\t\t\t\t\t\t\t\t\t<\/span>\n\t\t\t\t\t\t\t\t\t\t\t\t<a class=\"elementor-toggle-title\" tabindex=\"0\">Inhalt<\/a>\n\t\t\t\t\t<\/div>\n\n\t\t\t\t\t<div id=\"elementor-tab-content-2271\" class=\"elementor-tab-content elementor-clearfix\" data-tab=\"1\" role=\"region\" aria-labelledby=\"elementor-tab-title-2271\"><p>4 x ETB4030 Hyaluron Filler Ampullen<br \/>3 x ETB4031 Collagen-Elastin Ampullen<br \/>3 x ETB4032 Feuchtigkeitsampullen<br \/>3 x ETB4033 Caviar-Gold Ampullen<br \/>3 x ETB4034 Argan-Stammzell Ampullen<br \/>3 x ETB3534-01 Day Expert Ampullen<br \/>3 x ETB3535-01 Night Expert Ampullen<br \/>1 x15 ml ETB4014 Cellular Night Repair Serum<br \/>1 x 10 ml ETB3287-01 Golden Skin Roll-On Augengel<\/p><\/div>\n\t\t\t\t<\/div>\n\t\t\t\t\t\t\t\t<\/div>\n\t\t\t\t\t\t<\/div>\n\t\t\t\t<\/div>\n\t\t\t\t<div class=\"elementor-element elementor-element-f9af871 elementor-align-left elementor-mobile-align-center elementor-widget elementor-widget-button\" data-id=\"f9af871\" data-element_type=\"widget\" data-e-type=\"widget\" data-widget_type=\"button.default\">\n\t\t\t\t<div class=\"elementor-widget-container\">\n\t\t\t\t\t\t\t\t\t<div class=\"elementor-button-wrapper\">\n\t\t\t\t\t<a class=\"elementor-button elementor-button-link elementor-size-sm\" href=\"https:\/\/www.kosmetikkaufhaus.de\/detail=819=ETB4050-22=etre-belle=Ampullen-Adventskalender-2022.php\">\n\t\t\t\t\t\t<span class=\"elementor-button-content-wrapper\">\n\t\t\t\t\t\t\t\t\t<span class=\"elementor-button-text\">Mehr dazu<\/span>\n\t\t\t\t\t<\/span>\n\t\t\t\t\t<\/a>\n\t\t\t\t<\/div>\n\t\t\t\t\t\t\t\t<\/div>\n\t\t\t\t<\/div>\n\t\t\t\t\t<\/div>\n\t\t<\/div>\n\t\t\t\t\t<\/div>\n\t\t<\/section>\n\t\t\t\t<section class=\"elementor-section elementor-top-section elementor-element elementor-element-bd78b73 elementor-section-boxed elementor-section-height-default elementor-section-height-default\" data-id=\"bd78b73\" data-element_type=\"section\" data-e-type=\"section\" data-settings=\"{&quot;animation&quot;:&quot;none&quot;}\">\n\t\t\t\t\t\t<div class=\"elementor-container elementor-column-gap-default\">\n\t\t\t\t\t<div class=\"elementor-column elementor-col-50 elementor-top-column elementor-element elementor-element-609cef3\" data-id=\"609cef3\" data-element_type=\"column\" data-e-type=\"column\">\n\t\t\t<div class=\"elementor-widget-wrap elementor-element-populated\">\n\t\t\t\t\t\t<div class=\"elementor-element elementor-element-1a00178 elementor-widget elementor-widget-image\" data-id=\"1a00178\" data-element_type=\"widget\" data-e-type=\"widget\" data-widget_type=\"image.default\">\n\t\t\t\t<div class=\"elementor-widget-container\">\n\t\t\t\t\t\t\t\t\t\t\t\t\t\t\t\t<a href=\"https:\/\/www.kosmetikkaufhaus.de\/detail=243=GUI408045=Guinot=Guinot-Adventskalender-2022.php\">\n\t\t\t\t\t\t\t<img loading=\"lazy\" decoding=\"async\" width=\"1000\" height=\"1000\" src=\"https:\/\/www.kosmetikkaufhaus.de\/neues\/wp-content\/uploads\/2022\/10\/GUI408045.jpg\" class=\"attachment-full size-full wp-image-3016\" alt=\"\" srcset=\"https:\/\/www.kosmetikkaufhaus.de\/neues\/wp-content\/uploads\/2022\/10\/GUI408045.jpg 1000w, https:\/\/www.kosmetikkaufhaus.de\/neues\/wp-content\/uploads\/2022\/10\/GUI408045-300x300.jpg 300w, https:\/\/www.kosmetikkaufhaus.de\/neues\/wp-content\/uploads\/2022\/10\/GUI408045-150x150.jpg 150w, https:\/\/www.kosmetikkaufhaus.de\/neues\/wp-content\/uploads\/2022\/10\/GUI408045-768x768.jpg 768w, https:\/\/www.kosmetikkaufhaus.de\/neues\/wp-content\/uploads\/2022\/10\/GUI408045-624x624.jpg 624w\" sizes=\"(max-width: 1000px) 100vw, 1000px\" \/>\t\t\t\t\t\t\t\t<\/a>\n\t\t\t\t\t\t\t\t\t\t\t\t\t\t\t<\/div>\n\t\t\t\t<\/div>\n\t\t\t\t\t<\/div>\n\t\t<\/div>\n\t\t\t\t<div class=\"elementor-column elementor-col-50 elementor-top-column elementor-element elementor-element-8f0d05e\" data-id=\"8f0d05e\" data-element_type=\"column\" data-e-type=\"column\">\n\t\t\t<div class=\"elementor-widget-wrap elementor-element-populated\">\n\t\t\t\t\t\t<div class=\"elementor-element elementor-element-21a1a96 elementor-widget elementor-widget-heading\" data-id=\"21a1a96\" data-element_type=\"widget\" data-e-type=\"widget\" data-widget_type=\"heading.default\">\n\t\t\t\t<div class=\"elementor-widget-container\">\n\t\t\t\t\t<h2 class=\"elementor-heading-title elementor-size-default\">Guinot Adventskalender<\/h2>\t\t\t\t<\/div>\n\t\t\t\t<\/div>\n\t\t\t\t<div class=\"elementor-element elementor-element-e706388 elementor-widget elementor-widget-text-editor\" data-id=\"e706388\" data-element_type=\"widget\" data-e-type=\"widget\" data-widget_type=\"text-editor.default\">\n\t\t\t\t<div class=\"elementor-widget-container\">\n\t\t\t\t\t\t\t\t\t<p>Der Adventskalender h\u00e4lt 24 \u00fcberraschende Beauty\u00a0Produkte f\u00fcr sch\u00f6ne und makellose Haut bereit! Der Inhalt h\u00e4lt was er verspricht: es\u00a0erwarten Sie ausschlie\u00dflich Original-Produkte.<\/p><p><b>Warenwert: <\/b>220,00 \u20ac<\/p><p><strong>Preisvorteil: <\/strong>75,00 \u20ac<\/p><p><strong>Highlight-Produkt:<\/strong> Guinot Creme Hydra Summum<\/p>\t\t\t\t\t\t\t\t<\/div>\n\t\t\t\t<\/div>\n\t\t\t\t<div class=\"elementor-element elementor-element-f800a73 elementor-widget elementor-widget-toggle\" data-id=\"f800a73\" data-element_type=\"widget\" data-e-type=\"widget\" data-widget_type=\"toggle.default\">\n\t\t\t\t<div class=\"elementor-widget-container\">\n\t\t\t\t\t\t\t<div class=\"elementor-toggle\">\n\t\t\t\t\t\t\t<div class=\"elementor-toggle-item\">\n\t\t\t\t\t<div id=\"elementor-tab-title-2601\" class=\"elementor-tab-title\" data-tab=\"1\" role=\"button\" aria-controls=\"elementor-tab-content-2601\" aria-expanded=\"false\">\n\t\t\t\t\t\t\t\t\t\t\t\t<span class=\"elementor-toggle-icon elementor-toggle-icon-left\" aria-hidden=\"true\">\n\t\t\t\t\t\t\t\t\t\t\t\t\t\t\t<span class=\"elementor-toggle-icon-closed\"><i class=\"fas fa-caret-right\"><\/i><\/span>\n\t\t\t\t\t\t\t\t<span class=\"elementor-toggle-icon-opened\"><i class=\"elementor-toggle-icon-opened fas fa-caret-up\"><\/i><\/span>\n\t\t\t\t\t\t\t\t\t\t\t\t\t<\/span>\n\t\t\t\t\t\t\t\t\t\t\t\t<a class=\"elementor-toggle-title\" tabindex=\"0\">Inhalt<\/a>\n\t\t\t\t\t<\/div>\n\n\t\t\t\t\t<div id=\"elementor-tab-content-2601\" class=\"elementor-tab-content elementor-clearfix\" data-tab=\"1\" role=\"region\" aria-labelledby=\"elementor-tab-title-2601\"><ul><li><p><strong>Guinot Longue Vie Mains 15 ml<\/strong><br \/>Gl\u00e4ttende Anti-Age-Handcreme gegen Pigmentflecken.<br \/>Erh\u00e4lt das jugendliche Aussehen der H\u00e4nde, beugt Pigmentflecken vor und gl\u00e4ttet.<\/p><p><strong>Guinot Douche Mirific 30 ml<\/strong><br \/>Duschgel mit n\u00e4hrendem Bl\u00fcten\u00f6l.<br \/>Das Wohlgef\u00fchl eines n\u00e4hrenden \u00d6ls in einem Duschgel.<\/p><p><strong>Guinot Creme Hydrazone 15 ml<\/strong><br \/>Pflegecreme f\u00fcr feuchtigkeitsarme Haut.<\/p><p><strong>Guinot Gommage Eclat Parfait 15 ml<\/strong><br \/>Sanfte Peelingcreme die ebenso\u00a0effektiv abgestorbene Hautzellen entfernt.<br \/>F\u00fcr einen strahlenden Teint.<\/p><p><strong>Guinot Baume Nutri Science 30 ml<\/strong><br \/>Reichhaltige K\u00f6rpercreme, die sich dank ausgew\u00e4hlter Inhaltsstoffe wie Traubenkern\u00f6l und Shea Butter trockene Haut versort.<\/p><p><strong>Masters Colores Eye Definer 02<\/strong><br \/>Eyeliner f\u00fcr eine strahlend sch\u00f6ne Augenpartie.<\/p><p><strong>Guinot D\u00e9maquillant Express Yeux 30 ml<\/strong><br \/>Zwei-Phasen-Make-up Entferner.<\/p><p><strong>Guinot Cr\u00e8me Youth Perfect Finish LSF 50 10 ml<\/strong><br \/>Perfektionierende get\u00f6nte Tagescreme mit UV-Schutz 50.<\/p><p><strong>Guinot Gommage Facile 30 ml<\/strong><br \/>K\u00f6rperpeeling f\u00fcr eine samtig zarte Haut.<\/p><p><strong>Guinot Hydrazone Yeux 5 ml<\/strong><br \/>Nachhaltige Feuchtigkeitspflege f\u00fcr die Augenkontur.<\/p><p><strong>Guinot Masque Essentiel Nutrition 15 ml<\/strong><br \/>Maske mit intensiv n\u00e4hrenden, \u00e4therischen \u00d6len.<\/p><p><strong>Guinot Lait Hydrazone Corps 30 ml<\/strong><br \/>Pflegemilch mit Samteffekt.<br \/>Guinot Hydrazone Corps ist eine cremige, mit Argan\u00f6l angereicherte K\u00f6rpermilch.<\/p><p><strong>Guinot Bioxygen Creme 15 ml<\/strong><br \/>Sauerstoffspendende Creme f\u00fcr mehr Ausstrahlung.<br \/>Guinot Bioxygen Creme ist eine Sauerstoffanreichernde Creme f\u00fcr mehr Ausstrahlung.<br \/>Sch\u00fctzt die Haut vor den Auswirkungen der Umwelt und des Umweltschmutzes.<\/p><p><strong>Guinot Eau D\u00e9maquillante Micellaire 30 ml<\/strong><br \/>Express 3 in 1 Make-Up Entferner.<br \/>Guinot Eau d\u00e9maquillante micellaire ist ideal zum Abschminken f\u00fcr alle Hauttypen, selbst empfindliche Haut.<\/p><p><strong>Masters Colores Mini Nail Color 5 ml<\/strong><br \/>F\u00fcr brillant strahlende N\u00e4gel.<\/p><p><strong>Guinot Masque Anti Fatigue Yeux 15 ml<\/strong><br \/>Anti-Falten-Augenmaske gegen dunkle Augenringe.<\/p><p><strong>Guinot Douche Creme Hydrazone &#8211; Shower Cream 30 ml<\/strong><br \/>Duschen und gleichzeitig pflegen.<br \/>Guinot Douche Creme Hydrazone &#8211; Shower Cream ist eine reinigende und feuchtigkeitsspendende Duschcreme. Sie spendet der Haut Feuchtigkeit und N\u00e4hrstoffe und hinterl\u00e4sst nach dem Duschen einen &#8222;Samteffekt&#8220; auf der Haut.<\/p><p><strong>Guinot Longue Vie Pieds 15 ml<\/strong><br \/>Regenerierende Creme f\u00fcr die Sch\u00f6nheit der F\u00fc\u00dfe.<br \/>N\u00e4hrt, hydratisiert, kl\u00e4rt und bes\u00e4nftigt die Haut. Wirkt wie ein Jungbrunnen f\u00fcr die F\u00fc\u00dfe.<\/p><p><strong>Guinot Longue Vie Cellular 15 ml<\/strong><br \/>Exklusive Anti-Aging-Wirkstoffpflege zur F\u00f6rderung der zellul\u00e4ren Lebensdauer mit 56 Wirkstoffen.<\/p><p><strong>Guinot Gel Jambes L\u00e9g\u00e8res 30 ml<\/strong><br \/>Abschwellendes und entspannendes Gel mit Frischeeffekt f\u00fcr Beine und F\u00fc\u00dfe.<\/p><p><strong>Guinot Gommage Biologique 15 ml<\/strong><br \/>Nat\u00fcrliches Peeling mit milden Fruchts\u00e4uren.<br \/>Es erm\u00f6glicht die Haut von verhornten Zellen zu befreien, die sich an der Oberfl\u00e4che ansammeln und sie am Atmen hindern. Die Haut gewinnt an neuer Ausstrahlung.<\/p><p><strong>Guinot Huile Mirific Anti-Age 15 ml<\/strong><br \/>N\u00e4hrendes Anti-Aging Pflege \u00d6l f\u00fcr den K\u00f6rper.<\/p><p><strong>Guinot Gommage &#8222;Peau d&#8217;Orange&#8220; 30 ml<\/strong><br \/>K\u00f6rperpeeling und Schlankheitsgel.<\/p><p><strong>Guinot Creme Hydra Summum 15 ml<\/strong><br \/>Perfekte, feuchtigkeitsspendende Pflege f\u00fcr das Gesicht.<\/p><\/li><\/ul><\/div>\n\t\t\t\t<\/div>\n\t\t\t\t\t\t\t\t<\/div>\n\t\t\t\t\t\t<\/div>\n\t\t\t\t<\/div>\n\t\t\t\t<div class=\"elementor-element elementor-element-2938672 elementor-align-left elementor-mobile-align-center elementor-widget elementor-widget-button\" data-id=\"2938672\" data-element_type=\"widget\" data-e-type=\"widget\" data-widget_type=\"button.default\">\n\t\t\t\t<div class=\"elementor-widget-container\">\n\t\t\t\t\t\t\t\t\t<div class=\"elementor-button-wrapper\">\n\t\t\t\t\t<a class=\"elementor-button elementor-button-link elementor-size-sm\" href=\"https:\/\/www.kosmetikkaufhaus.de\/detail=243=GUI408045=Guinot=Guinot-Adventskalender-2022.php\">\n\t\t\t\t\t\t<span class=\"elementor-button-content-wrapper\">\n\t\t\t\t\t\t\t\t\t<span class=\"elementor-button-text\">Mehr dazu<\/span>\n\t\t\t\t\t<\/span>\n\t\t\t\t\t<\/a>\n\t\t\t\t<\/div>\n\t\t\t\t\t\t\t\t<\/div>\n\t\t\t\t<\/div>\n\t\t\t\t\t<\/div>\n\t\t<\/div>\n\t\t\t\t\t<\/div>\n\t\t<\/section>\n\t\t\t\t<section class=\"elementor-section elementor-top-section elementor-element elementor-element-f6afbec elementor-section-boxed elementor-section-height-default elementor-section-height-default\" data-id=\"f6afbec\" data-element_type=\"section\" data-e-type=\"section\" data-settings=\"{&quot;animation&quot;:&quot;none&quot;}\">\n\t\t\t\t\t\t<div class=\"elementor-container elementor-column-gap-default\">\n\t\t\t\t\t<div class=\"elementor-column elementor-col-50 elementor-top-column elementor-element elementor-element-6df717f\" data-id=\"6df717f\" data-element_type=\"column\" data-e-type=\"column\">\n\t\t\t<div class=\"elementor-widget-wrap elementor-element-populated\">\n\t\t\t\t\t\t<div class=\"elementor-element elementor-element-572b539 elementor-widget elementor-widget-image\" data-id=\"572b539\" data-element_type=\"widget\" data-e-type=\"widget\" data-widget_type=\"image.default\">\n\t\t\t\t<div class=\"elementor-widget-container\">\n\t\t\t\t\t\t\t\t\t\t\t\t\t\t\t\t<a href=\"https:\/\/www.kosmetikkaufhaus.de\/detail=21=KLAP1277=Klapp=Klapp-Adventskalender-2022.php\">\n\t\t\t\t\t\t\t<img loading=\"lazy\" decoding=\"async\" width=\"1000\" height=\"1000\" src=\"https:\/\/www.kosmetikkaufhaus.de\/neues\/wp-content\/uploads\/2022\/10\/KLAP1277_1.jpg\" class=\"attachment-full size-full wp-image-3015\" alt=\"\" srcset=\"https:\/\/www.kosmetikkaufhaus.de\/neues\/wp-content\/uploads\/2022\/10\/KLAP1277_1.jpg 1000w, https:\/\/www.kosmetikkaufhaus.de\/neues\/wp-content\/uploads\/2022\/10\/KLAP1277_1-300x300.jpg 300w, https:\/\/www.kosmetikkaufhaus.de\/neues\/wp-content\/uploads\/2022\/10\/KLAP1277_1-150x150.jpg 150w, https:\/\/www.kosmetikkaufhaus.de\/neues\/wp-content\/uploads\/2022\/10\/KLAP1277_1-768x768.jpg 768w, https:\/\/www.kosmetikkaufhaus.de\/neues\/wp-content\/uploads\/2022\/10\/KLAP1277_1-624x624.jpg 624w\" sizes=\"(max-width: 1000px) 100vw, 1000px\" \/>\t\t\t\t\t\t\t\t<\/a>\n\t\t\t\t\t\t\t\t\t\t\t\t\t\t\t<\/div>\n\t\t\t\t<\/div>\n\t\t\t\t\t<\/div>\n\t\t<\/div>\n\t\t\t\t<div class=\"elementor-column elementor-col-50 elementor-top-column elementor-element elementor-element-2e6e562\" data-id=\"2e6e562\" data-element_type=\"column\" data-e-type=\"column\">\n\t\t\t<div class=\"elementor-widget-wrap elementor-element-populated\">\n\t\t\t\t\t\t<div class=\"elementor-element elementor-element-936ccdd elementor-widget elementor-widget-heading\" data-id=\"936ccdd\" data-element_type=\"widget\" data-e-type=\"widget\" data-widget_type=\"heading.default\">\n\t\t\t\t<div class=\"elementor-widget-container\">\n\t\t\t\t\t<h2 class=\"elementor-heading-title elementor-size-default\">KLAPP Adventskalender<\/h2>\t\t\t\t<\/div>\n\t\t\t\t<\/div>\n\t\t\t\t<div class=\"elementor-element elementor-element-64be9ba elementor-widget elementor-widget-text-editor\" data-id=\"64be9ba\" data-element_type=\"widget\" data-e-type=\"widget\" data-widget_type=\"text-editor.default\">\n\t\t\t\t<div class=\"elementor-widget-container\">\n\t\t\t\t\t\t\t\t\t<p>Entdecken Sie einzigartige Pflegemomente mit 24 hochkonzentrierten, aufeinander abgestimmten Wirkstoff-Kombinationen f\u00fcr ein unverkennbares, unwiderstehliches und strahlendes Gesicht. P\u00fcnktlich zur Bescherung und sogar dar\u00fcber hinaus sieht Ihre Haut gepflegt und erholt aus.<\/p><p><strong>Warenwert: <\/strong>200,00 \u20ac<\/p><p><strong>Preisvorteil: <\/strong>75,00 \u20ac<\/p><p><strong>Highlight-Produkt:<\/strong> Balance Hyaluronic Multi Level Booster<\/p>\t\t\t\t\t\t\t\t<\/div>\n\t\t\t\t<\/div>\n\t\t\t\t<div class=\"elementor-element elementor-element-b858b9f elementor-widget elementor-widget-toggle\" data-id=\"b858b9f\" data-element_type=\"widget\" data-e-type=\"widget\" data-widget_type=\"toggle.default\">\n\t\t\t\t<div class=\"elementor-widget-container\">\n\t\t\t\t\t\t\t<div class=\"elementor-toggle\">\n\t\t\t\t\t\t\t<div class=\"elementor-toggle-item\">\n\t\t\t\t\t<div id=\"elementor-tab-title-1931\" class=\"elementor-tab-title\" data-tab=\"1\" role=\"button\" aria-controls=\"elementor-tab-content-1931\" aria-expanded=\"false\">\n\t\t\t\t\t\t\t\t\t\t\t\t<span class=\"elementor-toggle-icon elementor-toggle-icon-left\" aria-hidden=\"true\">\n\t\t\t\t\t\t\t\t\t\t\t\t\t\t\t<span class=\"elementor-toggle-icon-closed\"><i class=\"fas fa-caret-right\"><\/i><\/span>\n\t\t\t\t\t\t\t\t<span class=\"elementor-toggle-icon-opened\"><i class=\"elementor-toggle-icon-opened fas fa-caret-up\"><\/i><\/span>\n\t\t\t\t\t\t\t\t\t\t\t\t\t<\/span>\n\t\t\t\t\t\t\t\t\t\t\t\t<a class=\"elementor-toggle-title\" tabindex=\"0\">Inhalt<\/a>\n\t\t\t\t\t<\/div>\n\n\t\t\t\t\t<div id=\"elementor-tab-content-1931\" class=\"elementor-tab-content elementor-clearfix\" data-tab=\"1\" role=\"region\" aria-labelledby=\"elementor-tab-title-1931\"><ul><li><strong>NEU! Casmere Body Butter 2 x 30 ml<\/strong><br \/>Mit der Cashmere Body Butter bietet KLAPP Skin Care Science allen Frauen, die sich sinnlich f\u00fchlen wollen, ein einzigartiges Wohlgef\u00fchl f\u00fcr den K\u00f6rper. Die zarte Textur sorgt dank einem aus Cashmere gewonnenen Wirkstoff, Sheabutter und Mandel\u00f6l f\u00fcr ein samtig-zartes Hautgef\u00fchl. F\u00fchlen Sie sich wie von Cashmere umh\u00fcllt.<br \/><br \/><strong>Hyaluronic Power Concentrate + Ampullen-Brecher 1 x 2 ml + 1 Stk.<\/strong><br \/>Intensive, feuchtigkeitsspendende Wirkung.<br \/><br \/><strong>A Classic Hydrogel Eye Patches 2 Stk.<\/strong><br \/>Speziell f\u00fcr die zarte Augenpartie entwickelte Patches, die die Haut intensiv mit Feuchtigkeit versorgen und ein glatteres Hautbild erzielen.<br \/><br \/><strong>Stri-PeXan Intensivecream (Probe) + SkinConCellular\u00ae Refiner Concentrate, 1,5 ml +2 ml<\/strong><br \/>Hocheffektive, faltenreduzierende Anti-Aging-Creme mit anregender Wirkung, wodurch es zu einer Hautr\u00f6tung kommen kann. Die Ampulle wirkt ausgleichend auf das Hautbild.<br \/><br \/><strong>NEU! Balance Hyaluronic Multi Level Booster 4 x 2 ml<\/strong><br \/>Die innovative Formulierung f\u00fcr schnelle und tiefenwirksame Feuchtigkeitszufuhr.<br \/><br \/><strong>Kosmetikpinsel 1 Stk.<\/strong><br \/>F\u00fcr die professionelle Anwendung von Masken.<br \/><br \/><strong>Maske Age Return Carboxy Therapy Treatment 1 Stk.<\/strong><br \/>Masken-Gel<br \/><br \/><strong>AGE RETURN CARBOXY THERAPY TREATMENT 20 ml<\/strong><br \/>Die prickelnde Makse belebt und erfrischt die Haut.<br \/><br \/><strong>Beta Glucan Skin Calming Concentrate 2 x 2 ml<\/strong><br \/>Bes\u00e4nftigt empfindliche Haut.<br \/><br \/><strong>NEU! BALANCE Hyaluronic Multi Level Day + Night Cream 2 x 5 ml<\/strong><br \/>Die innovative Formulierung f\u00fcr lang anhaltende Feuchtigkeit.<br \/><br \/><strong>Skin Natural Aloe Vera Cream (Probe) + SKIN NATURAL Aloe Vera Power Concentrate + Kosmetikspatel, 1,5 ml + 2 ml + 1 Stk.<\/strong><br \/>Ausgleichendes Duo f\u00fcr eine entspannte und mit Feuchtigkeit versorgte Haut.<br \/><br \/><strong>C Pure Power Concentrate 4 x 2 ml<\/strong><br \/>Kompakte Vitamin C-Power. Der perfekte Energie-Schub f\u00fcr eine m\u00fcde Haut.<br \/><br \/><strong>Repagen\u00ae Exclusive Global Anti-Age Cream (Probe) + Hyaluronic Power Concentrate, 1,5 ml + 1 x 2 ml<\/strong><br \/>Au\u00dfergew\u00f6hnliche Creme mit multiaktiver, globaler Anti-Aging-Wirkung. Kombiniert mit feuchtigkeitsspendender Ampulle.<br \/><br \/><strong>Immun Daily Cream Protection 30 ml<\/strong><br \/>Versorgt trockene und empfindliche Haut optimal mit Feuchtigkeit.<br \/><br \/><strong>Skin Natural Aloe Vera Power Concentrate 2 x 2 ml<\/strong><br \/>Feuchtigkeit mit ausgleichender Wirkung auch f\u00fcr empfindliche Haut.<br \/><br \/><strong>Glam Stripes (Eye &amp; Lip Patches) 2 x 2 Stk.<\/strong><br \/>Intensive Feuchtigkeitsversorgung sowie Minderung von F\u00e4ltchen, individuell im Gesicht einsetzbar.<br \/><br \/><strong>Stri-Pexan Daily Power Concentrate 6 ml<\/strong><br \/>Aktivierendes Konzentrat f\u00fcr einen rosigen Teint und ein gegl\u00e4ttetes Hautbild.<br \/><br \/><strong>SkinConCellular\u00ae Hydra Concentrate 2 x 2 ml<\/strong><br \/>Marine Wirkstoffe mit Hyalurons\u00e4uren gleichen den Feuchtigkeitsgehalt der Haut aus.<br \/><br \/><strong>SkinConCellular\u00ae Couperose Concentrate 2 x 2 ml<\/strong><br \/>Anerkannte Wirkstoffe wirken zu R\u00f6tungen neigender Haut entgegen.<br \/><br \/><strong>NEU! BALANCE Hyaluronic Multi Level Performance Eye Contour Gel 15 ml<\/strong><br \/>Die innovative Formulierung f\u00fcr intensive Hydratisierung der Augenpartie.\u00a0<\/li><\/ul><\/div>\n\t\t\t\t<\/div>\n\t\t\t\t\t\t\t\t<\/div>\n\t\t\t\t\t\t<\/div>\n\t\t\t\t<\/div>\n\t\t\t\t<div class=\"elementor-element elementor-element-c6b6c45 elementor-align-left elementor-mobile-align-center elementor-widget elementor-widget-button\" data-id=\"c6b6c45\" data-element_type=\"widget\" data-e-type=\"widget\" data-widget_type=\"button.default\">\n\t\t\t\t<div class=\"elementor-widget-container\">\n\t\t\t\t\t\t\t\t\t<div class=\"elementor-button-wrapper\">\n\t\t\t\t\t<a class=\"elementor-button elementor-button-link elementor-size-sm\" href=\"https:\/\/www.kosmetikkaufhaus.de\/detail=21=KLAP1277=Klapp=Klapp-Adventskalender-2022.php\">\n\t\t\t\t\t\t<span class=\"elementor-button-content-wrapper\">\n\t\t\t\t\t\t\t\t\t<span class=\"elementor-button-text\">Mehr dazu<\/span>\n\t\t\t\t\t<\/span>\n\t\t\t\t\t<\/a>\n\t\t\t\t<\/div>\n\t\t\t\t\t\t\t\t<\/div>\n\t\t\t\t<\/div>\n\t\t\t\t\t<\/div>\n\t\t<\/div>\n\t\t\t\t\t<\/div>\n\t\t<\/section>\n\t\t\t\t<section class=\"elementor-section elementor-top-section elementor-element elementor-element-b35e36b elementor-section-boxed elementor-section-height-default elementor-section-height-default\" data-id=\"b35e36b\" data-element_type=\"section\" data-e-type=\"section\" data-settings=\"{&quot;animation&quot;:&quot;none&quot;}\">\n\t\t\t\t\t\t<div class=\"elementor-container elementor-column-gap-default\">\n\t\t\t\t\t<div class=\"elementor-column elementor-col-50 elementor-top-column elementor-element elementor-element-2ece8ae\" data-id=\"2ece8ae\" data-element_type=\"column\" data-e-type=\"column\">\n\t\t\t<div class=\"elementor-widget-wrap elementor-element-populated\">\n\t\t\t\t\t\t<div class=\"elementor-element elementor-element-b0a6d65 elementor-widget elementor-widget-image\" data-id=\"b0a6d65\" data-element_type=\"widget\" data-e-type=\"widget\" data-widget_type=\"image.default\">\n\t\t\t\t<div class=\"elementor-widget-container\">\n\t\t\t\t\t\t\t\t\t\t\t\t\t\t\t\t<a href=\"https:\/\/www.kosmetikkaufhaus.de\/detail=247=MOT251235=Monteil=Monteil-Adventskalender-2022.php\">\n\t\t\t\t\t\t\t<img loading=\"lazy\" decoding=\"async\" width=\"800\" height=\"800\" src=\"https:\/\/www.kosmetikkaufhaus.de\/neues\/wp-content\/uploads\/2022\/10\/MOT251235.jpg\" class=\"attachment-full size-full wp-image-3014\" alt=\"\" srcset=\"https:\/\/www.kosmetikkaufhaus.de\/neues\/wp-content\/uploads\/2022\/10\/MOT251235.jpg 800w, https:\/\/www.kosmetikkaufhaus.de\/neues\/wp-content\/uploads\/2022\/10\/MOT251235-300x300.jpg 300w, https:\/\/www.kosmetikkaufhaus.de\/neues\/wp-content\/uploads\/2022\/10\/MOT251235-150x150.jpg 150w, https:\/\/www.kosmetikkaufhaus.de\/neues\/wp-content\/uploads\/2022\/10\/MOT251235-768x768.jpg 768w, https:\/\/www.kosmetikkaufhaus.de\/neues\/wp-content\/uploads\/2022\/10\/MOT251235-624x624.jpg 624w\" sizes=\"(max-width: 800px) 100vw, 800px\" \/>\t\t\t\t\t\t\t\t<\/a>\n\t\t\t\t\t\t\t\t\t\t\t\t\t\t\t<\/div>\n\t\t\t\t<\/div>\n\t\t\t\t\t<\/div>\n\t\t<\/div>\n\t\t\t\t<div class=\"elementor-column elementor-col-50 elementor-top-column elementor-element elementor-element-a92b086\" data-id=\"a92b086\" data-element_type=\"column\" data-e-type=\"column\">\n\t\t\t<div class=\"elementor-widget-wrap elementor-element-populated\">\n\t\t\t\t\t\t<div class=\"elementor-element elementor-element-7ab47ac elementor-widget elementor-widget-heading\" data-id=\"7ab47ac\" data-element_type=\"widget\" data-e-type=\"widget\" data-widget_type=\"heading.default\">\n\t\t\t\t<div class=\"elementor-widget-container\">\n\t\t\t\t\t<h2 class=\"elementor-heading-title elementor-size-default\">Monteil Adventskalender<\/h2>\t\t\t\t<\/div>\n\t\t\t\t<\/div>\n\t\t\t\t<div class=\"elementor-element elementor-element-f4b04d3 elementor-widget elementor-widget-text-editor\" data-id=\"f4b04d3\" data-element_type=\"widget\" data-e-type=\"widget\" data-widget_type=\"text-editor.default\">\n\t\t\t\t<div class=\"elementor-widget-container\">\n\t\t\t\t\t\t\t\t\t<p>Jeden Tag eine kleine \u00dcberraschung wie z.B. Ampullen, Gua Sha, Enzymatic Peeling und eine Biocellulose Maske.<\/p><p><strong>Warenwert: <\/strong>120,00 \u20ac<\/p><p><strong>Preisvorteil: <\/strong>40,00 \u20ac<\/p><p><strong>Highlight-Produkt:<\/strong> Nutrition Perfect Mask<\/p>\t\t\t\t\t\t\t\t<\/div>\n\t\t\t\t<\/div>\n\t\t\t\t<div class=\"elementor-element elementor-element-dda7807 elementor-widget elementor-widget-toggle\" data-id=\"dda7807\" data-element_type=\"widget\" data-e-type=\"widget\" data-widget_type=\"toggle.default\">\n\t\t\t\t<div class=\"elementor-widget-container\">\n\t\t\t\t\t\t\t<div class=\"elementor-toggle\">\n\t\t\t\t\t\t\t<div class=\"elementor-toggle-item\">\n\t\t\t\t\t<div id=\"elementor-tab-title-2321\" class=\"elementor-tab-title\" data-tab=\"1\" role=\"button\" aria-controls=\"elementor-tab-content-2321\" aria-expanded=\"false\">\n\t\t\t\t\t\t\t\t\t\t\t\t<span class=\"elementor-toggle-icon elementor-toggle-icon-left\" aria-hidden=\"true\">\n\t\t\t\t\t\t\t\t\t\t\t\t\t\t\t<span class=\"elementor-toggle-icon-closed\"><i class=\"fas fa-caret-right\"><\/i><\/span>\n\t\t\t\t\t\t\t\t<span class=\"elementor-toggle-icon-opened\"><i class=\"elementor-toggle-icon-opened fas fa-caret-up\"><\/i><\/span>\n\t\t\t\t\t\t\t\t\t\t\t\t\t<\/span>\n\t\t\t\t\t\t\t\t\t\t\t\t<a class=\"elementor-toggle-title\" tabindex=\"0\">Inhalt<\/a>\n\t\t\t\t\t<\/div>\n\n\t\t\t\t\t<div id=\"elementor-tab-content-2321\" class=\"elementor-tab-content elementor-clearfix\" data-tab=\"1\" role=\"region\" aria-labelledby=\"elementor-tab-title-2321\"><ul><li>MONTEIL Even Out Peeling Powder 2g<\/li><li>MONTEIL Deep Clean Ampoule 2ml<\/li><li>MONTEIL Anti Aging Ampoule 2ml<\/li><li>MONTEIL Anti Acne Ampoule 2ml<\/li><li>MONTEIL Sensitive Ampoule 2ml<\/li><li>MONTEIL Caviar de Luxe Ampoule 2ml<\/li><li>MONTEIL Hyaluronic Ampoule 2ml<\/li><li>MONTEIL SOS Ampoule 2ml<\/li><li>MONTEIL ProCGen Ampoule 2ml<\/li><li>MONTEIL Hydro Active Ampoule 2ml<\/li><li>MONTEIL Hyaluronic Eye Pads 3ml<\/li><li>MONTEIL Nutrition Perfect Mask<\/li><li>MONTEIL Gua Sha Stein<\/li><li>\u00a0<\/li><\/ul><\/div>\n\t\t\t\t<\/div>\n\t\t\t\t\t\t\t\t<\/div>\n\t\t\t\t\t\t<\/div>\n\t\t\t\t<\/div>\n\t\t\t\t<div class=\"elementor-element elementor-element-694f7ed elementor-align-left elementor-mobile-align-center elementor-widget elementor-widget-button\" data-id=\"694f7ed\" data-element_type=\"widget\" data-e-type=\"widget\" data-widget_type=\"button.default\">\n\t\t\t\t<div class=\"elementor-widget-container\">\n\t\t\t\t\t\t\t\t\t<div class=\"elementor-button-wrapper\">\n\t\t\t\t\t<a class=\"elementor-button elementor-button-link elementor-size-sm\" href=\"https:\/\/www.kosmetikkaufhaus.de\/detail=247=MOT251235=Monteil=Monteil-Adventskalender-2022.php\">\n\t\t\t\t\t\t<span class=\"elementor-button-content-wrapper\">\n\t\t\t\t\t\t\t\t\t<span class=\"elementor-button-text\">Mehr dazu<\/span>\n\t\t\t\t\t<\/span>\n\t\t\t\t\t<\/a>\n\t\t\t\t<\/div>\n\t\t\t\t\t\t\t\t<\/div>\n\t\t\t\t<\/div>\n\t\t\t\t\t<\/div>\n\t\t<\/div>\n\t\t\t\t\t<\/div>\n\t\t<\/section>\n\t\t\t\t<section class=\"elementor-section elementor-top-section elementor-element elementor-element-b26cc80 elementor-section-boxed elementor-section-height-default elementor-section-height-default\" data-id=\"b26cc80\" data-element_type=\"section\" data-e-type=\"section\" data-settings=\"{&quot;animation&quot;:&quot;none&quot;}\">\n\t\t\t\t\t\t<div class=\"elementor-container elementor-column-gap-default\">\n\t\t\t\t\t<div class=\"elementor-column elementor-col-50 elementor-top-column elementor-element elementor-element-7e1edf2\" data-id=\"7e1edf2\" data-element_type=\"column\" data-e-type=\"column\">\n\t\t\t<div class=\"elementor-widget-wrap elementor-element-populated\">\n\t\t\t\t\t\t<div class=\"elementor-element elementor-element-8b0d3e8 elementor-widget elementor-widget-image\" data-id=\"8b0d3e8\" data-element_type=\"widget\" data-e-type=\"widget\" data-widget_type=\"image.default\">\n\t\t\t\t<div class=\"elementor-widget-container\">\n\t\t\t\t\t\t\t\t\t\t\t\t\t\t\t\t<a href=\"https:\/\/www.kosmetikkaufhaus.de\/detail=816=NUX18173592=Nuxe=Nuxe-Adventskalender-2022.php\">\n\t\t\t\t\t\t\t<img loading=\"lazy\" decoding=\"async\" width=\"1000\" height=\"1000\" src=\"https:\/\/www.kosmetikkaufhaus.de\/neues\/wp-content\/uploads\/2022\/10\/NUX18173592.jpg\" class=\"attachment-full size-full wp-image-3013\" alt=\"\" srcset=\"https:\/\/www.kosmetikkaufhaus.de\/neues\/wp-content\/uploads\/2022\/10\/NUX18173592.jpg 1000w, https:\/\/www.kosmetikkaufhaus.de\/neues\/wp-content\/uploads\/2022\/10\/NUX18173592-300x300.jpg 300w, https:\/\/www.kosmetikkaufhaus.de\/neues\/wp-content\/uploads\/2022\/10\/NUX18173592-150x150.jpg 150w, https:\/\/www.kosmetikkaufhaus.de\/neues\/wp-content\/uploads\/2022\/10\/NUX18173592-768x768.jpg 768w, https:\/\/www.kosmetikkaufhaus.de\/neues\/wp-content\/uploads\/2022\/10\/NUX18173592-624x624.jpg 624w\" sizes=\"(max-width: 1000px) 100vw, 1000px\" \/>\t\t\t\t\t\t\t\t<\/a>\n\t\t\t\t\t\t\t\t\t\t\t\t\t\t\t<\/div>\n\t\t\t\t<\/div>\n\t\t\t\t\t<\/div>\n\t\t<\/div>\n\t\t\t\t<div class=\"elementor-column elementor-col-50 elementor-top-column elementor-element elementor-element-11d7e3c\" data-id=\"11d7e3c\" data-element_type=\"column\" data-e-type=\"column\">\n\t\t\t<div class=\"elementor-widget-wrap elementor-element-populated\">\n\t\t\t\t\t\t<div class=\"elementor-element elementor-element-de5d108 elementor-widget elementor-widget-heading\" data-id=\"de5d108\" data-element_type=\"widget\" data-e-type=\"widget\" data-widget_type=\"heading.default\">\n\t\t\t\t<div class=\"elementor-widget-container\">\n\t\t\t\t\t<h2 class=\"elementor-heading-title elementor-size-default\">Nuxe Adventskalender<\/h2>\t\t\t\t<\/div>\n\t\t\t\t<\/div>\n\t\t\t\t<div class=\"elementor-element elementor-element-756ad69 elementor-widget elementor-widget-text-editor\" data-id=\"756ad69\" data-element_type=\"widget\" data-e-type=\"widget\" data-widget_type=\"text-editor.default\">\n\t\t\t\t<div class=\"elementor-widget-container\">\n\t\t\t\t\t\t\t\t\t<p>Lassen Sie sich von 24\u00a0kostbaren Pflegehighlights verw\u00f6hnen\u00a0oder machen Sie Ihren Lieblingsmenschen ein ganz besonderes Geschenk!\u00a0<\/p><p><strong>Warenwert:\u00a0<\/strong>145,00 \u20ac<\/p><p><strong>Preisvorteil: <\/strong>65,00 \u20ac<\/p><p><strong>Highlight-Produkt: <\/strong>Cr\u00e8me Prodigieuse\u00ae Boost Multi-Correction Gel Cream<\/p>\t\t\t\t\t\t\t\t<\/div>\n\t\t\t\t<\/div>\n\t\t\t\t<div class=\"elementor-element elementor-element-8684382 elementor-widget elementor-widget-toggle\" data-id=\"8684382\" data-element_type=\"widget\" data-e-type=\"widget\" data-widget_type=\"toggle.default\">\n\t\t\t\t<div class=\"elementor-widget-container\">\n\t\t\t\t\t\t\t<div class=\"elementor-toggle\">\n\t\t\t\t\t\t\t<div class=\"elementor-toggle-item\">\n\t\t\t\t\t<div id=\"elementor-tab-title-1411\" class=\"elementor-tab-title\" data-tab=\"1\" role=\"button\" aria-controls=\"elementor-tab-content-1411\" aria-expanded=\"false\">\n\t\t\t\t\t\t\t\t\t\t\t\t<span class=\"elementor-toggle-icon elementor-toggle-icon-left\" aria-hidden=\"true\">\n\t\t\t\t\t\t\t\t\t\t\t\t\t\t\t<span class=\"elementor-toggle-icon-closed\"><i class=\"fas fa-caret-right\"><\/i><\/span>\n\t\t\t\t\t\t\t\t<span class=\"elementor-toggle-icon-opened\"><i class=\"elementor-toggle-icon-opened fas fa-caret-up\"><\/i><\/span>\n\t\t\t\t\t\t\t\t\t\t\t\t\t<\/span>\n\t\t\t\t\t\t\t\t\t\t\t\t<a class=\"elementor-toggle-title\" tabindex=\"0\">Inhalt<\/a>\n\t\t\t\t\t<\/div>\n\n\t\t\t\t\t<div id=\"elementor-tab-content-1411\" class=\"elementor-tab-content elementor-clearfix\" data-tab=\"1\" role=\"region\" aria-labelledby=\"elementor-tab-title-1411\"><ul><li>1x Huile Prodigieuse\u00ae Florale Multi-Purpose Dry Oil 10ml<br \/>1x Prodigieux\u00ae Floral le parfum 1,2ml<br \/>1x Prodigieux\u00ae Floral Scented Shower Gel 30ml<br \/>1x Very Rose 3-in-1 Soothing Micellar Water 50ml<br \/>1x Cr\u00e8me Prodigieuse\u00ae Boost Multi-Correction Gel Cream 15ml<br \/>1x Cr\u00e8me Fra\u00eeche de Beaut\u00e9\u00ae Moisturising Plumping Cream 48H 15ml<br \/>1x Cr\u00e8me Fra\u00eeche de Beaut\u00e9\u00ae Moisturising Cream 48H 3-in-1 15ml<br \/>1x Nuxe Bio Organic Skin Correcting Moisturising Fluid 15ml<br \/>1x R\u00eave de Miel Moisturising Lip Balm 4gr<br \/>1x R\u00eave de Miel Face Cleansing and Makeup Removing Gel 15ml<br \/>1x R\u00eave de Miel Clean Hands Gel 30ml<br \/>1x R\u00eave de Miel Ultra Conforting Face Balm 15ml<br \/>1x R\u00eave de Miel Hand and Nail Cream 15ml<br \/>1x Aquabella Micro-exfoliating Purifying Gel 15ml<br \/>1x Huile Prodigieuse\u00ae Riche Multi-Purpose Dry Oil 10ml<br \/>1x Nuxuriance\u00ae Ultra Replenishing Rich Cream 15ml<br \/>1x Nuxuriance\u00ae Gold Nutri-Fortifying Oil-Cream 15ml<br \/>1x Nuxe Body R\u00eave de Th\u00e9 Revitalising Granular Scrub 30ml<br \/>1x Merveillance\u00ae Lift The Firming Powdery Cream 15ml<br \/>1x Huile Prodigieuse\u00ae Multi-Purpose Dry Oil 10ml<br \/>1x Prodigieux\u00ae Huile de Douche Precious Scented Shower Oil 30ml<br \/>1x Prodigieux\u00ae Lait Parfum\u00e9 Beautifying Scented Body Lotion 30ml<br \/>1x Prodigieux\u00ae le parfum 1,2ml<\/li><\/ul><\/div>\n\t\t\t\t<\/div>\n\t\t\t\t\t\t\t\t<\/div>\n\t\t\t\t\t\t<\/div>\n\t\t\t\t<\/div>\n\t\t\t\t<div class=\"elementor-element elementor-element-dd33d1f elementor-align-left elementor-mobile-align-center elementor-widget elementor-widget-button\" data-id=\"dd33d1f\" data-element_type=\"widget\" data-e-type=\"widget\" data-widget_type=\"button.default\">\n\t\t\t\t<div class=\"elementor-widget-container\">\n\t\t\t\t\t\t\t\t\t<div class=\"elementor-button-wrapper\">\n\t\t\t\t\t<a class=\"elementor-button elementor-button-link elementor-size-sm\" href=\"https:\/\/www.kosmetikkaufhaus.de\/detail=816=NUX18173592=Nuxe=Nuxe-Adventskalender-2022.php\">\n\t\t\t\t\t\t<span class=\"elementor-button-content-wrapper\">\n\t\t\t\t\t\t\t\t\t<span class=\"elementor-button-text\">Mehr dazu<\/span>\n\t\t\t\t\t<\/span>\n\t\t\t\t\t<\/a>\n\t\t\t\t<\/div>\n\t\t\t\t\t\t\t\t<\/div>\n\t\t\t\t<\/div>\n\t\t\t\t\t<\/div>\n\t\t<\/div>\n\t\t\t\t\t<\/div>\n\t\t<\/section>\n\t\t\t\t<section class=\"elementor-section elementor-top-section elementor-element elementor-element-41854b5 elementor-section-boxed elementor-section-height-default elementor-section-height-default\" data-id=\"41854b5\" data-element_type=\"section\" data-e-type=\"section\" data-settings=\"{&quot;animation&quot;:&quot;none&quot;}\">\n\t\t\t\t\t\t<div class=\"elementor-container elementor-column-gap-default\">\n\t\t\t\t\t<div class=\"elementor-column elementor-col-50 elementor-top-column elementor-element elementor-element-9f86cbd\" data-id=\"9f86cbd\" data-element_type=\"column\" data-e-type=\"column\">\n\t\t\t<div class=\"elementor-widget-wrap elementor-element-populated\">\n\t\t\t\t\t\t<div class=\"elementor-element elementor-element-eca9a66 elementor-widget elementor-widget-image\" data-id=\"eca9a66\" data-element_type=\"widget\" data-e-type=\"widget\" data-widget_type=\"image.default\">\n\t\t\t\t<div class=\"elementor-widget-container\">\n\t\t\t\t\t\t\t\t\t\t\t\t\t\t\t\t<a href=\"https:\/\/www.kosmetikkaufhaus.de\/detail=666=PAY65118070=Payot=Payot-Adventskalender-2022.php\">\n\t\t\t\t\t\t\t<img loading=\"lazy\" decoding=\"async\" width=\"999\" height=\"999\" src=\"https:\/\/www.kosmetikkaufhaus.de\/neues\/wp-content\/uploads\/2022\/10\/PAY65118070_a.jpg\" class=\"attachment-full size-full wp-image-3012\" alt=\"\" srcset=\"https:\/\/www.kosmetikkaufhaus.de\/neues\/wp-content\/uploads\/2022\/10\/PAY65118070_a.jpg 999w, https:\/\/www.kosmetikkaufhaus.de\/neues\/wp-content\/uploads\/2022\/10\/PAY65118070_a-300x300.jpg 300w, https:\/\/www.kosmetikkaufhaus.de\/neues\/wp-content\/uploads\/2022\/10\/PAY65118070_a-150x150.jpg 150w, https:\/\/www.kosmetikkaufhaus.de\/neues\/wp-content\/uploads\/2022\/10\/PAY65118070_a-768x768.jpg 768w, https:\/\/www.kosmetikkaufhaus.de\/neues\/wp-content\/uploads\/2022\/10\/PAY65118070_a-624x624.jpg 624w\" sizes=\"(max-width: 999px) 100vw, 999px\" \/>\t\t\t\t\t\t\t\t<\/a>\n\t\t\t\t\t\t\t\t\t\t\t\t\t\t\t<\/div>\n\t\t\t\t<\/div>\n\t\t\t\t\t<\/div>\n\t\t<\/div>\n\t\t\t\t<div class=\"elementor-column elementor-col-50 elementor-top-column elementor-element elementor-element-24db32a\" data-id=\"24db32a\" data-element_type=\"column\" data-e-type=\"column\">\n\t\t\t<div class=\"elementor-widget-wrap elementor-element-populated\">\n\t\t\t\t\t\t<div class=\"elementor-element elementor-element-7c1bc76 elementor-widget elementor-widget-heading\" data-id=\"7c1bc76\" data-element_type=\"widget\" data-e-type=\"widget\" data-widget_type=\"heading.default\">\n\t\t\t\t<div class=\"elementor-widget-container\">\n\t\t\t\t\t<h2 class=\"elementor-heading-title elementor-size-default\">Payot Adventskalender<\/h2>\t\t\t\t<\/div>\n\t\t\t\t<\/div>\n\t\t\t\t<div class=\"elementor-element elementor-element-0b6a843 elementor-widget elementor-widget-text-editor\" data-id=\"0b6a843\" data-element_type=\"widget\" data-e-type=\"widget\" data-widget_type=\"text-editor.default\">\n\t\t\t\t<div class=\"elementor-widget-container\">\n\t\t\t\t\t\t\t\t\t<p>Der Adventskalender ist prall gef\u00fcllt mit Beauty-Produkten, die die Haut pflegen und strahlen lassen.<\/p><p><strong>Warenwert: <\/strong>200,00 \u20ac<\/p><p><strong>Preisvorteil: <\/strong>116,00 \u20ac<\/p><p><strong>Highlight-Produkt:<\/strong> My Payot Masque Sleep &amp; Glow<\/p>\t\t\t\t\t\t\t\t<\/div>\n\t\t\t\t<\/div>\n\t\t\t\t<div class=\"elementor-element elementor-element-21aa5a8 elementor-widget elementor-widget-toggle\" data-id=\"21aa5a8\" data-element_type=\"widget\" data-e-type=\"widget\" data-widget_type=\"toggle.default\">\n\t\t\t\t<div class=\"elementor-widget-container\">\n\t\t\t\t\t\t\t<div class=\"elementor-toggle\">\n\t\t\t\t\t\t\t<div class=\"elementor-toggle-item\">\n\t\t\t\t\t<div id=\"elementor-tab-title-3531\" class=\"elementor-tab-title\" data-tab=\"1\" role=\"button\" aria-controls=\"elementor-tab-content-3531\" aria-expanded=\"false\">\n\t\t\t\t\t\t\t\t\t\t\t\t<span class=\"elementor-toggle-icon elementor-toggle-icon-left\" aria-hidden=\"true\">\n\t\t\t\t\t\t\t\t\t\t\t\t\t\t\t<span class=\"elementor-toggle-icon-closed\"><i class=\"fas fa-caret-right\"><\/i><\/span>\n\t\t\t\t\t\t\t\t<span class=\"elementor-toggle-icon-opened\"><i class=\"elementor-toggle-icon-opened fas fa-caret-up\"><\/i><\/span>\n\t\t\t\t\t\t\t\t\t\t\t\t\t<\/span>\n\t\t\t\t\t\t\t\t\t\t\t\t<a class=\"elementor-toggle-title\" tabindex=\"0\">Inhalt<\/a>\n\t\t\t\t\t<\/div>\n\n\t\t\t\t\t<div id=\"elementor-tab-content-3531\" class=\"elementor-tab-content elementor-clearfix\" data-tab=\"1\" role=\"region\" aria-labelledby=\"elementor-tab-title-3531\"><ul><li>Nue Lotion Tonique \u00c9clat, 20ml<br \/>Hydra 24Plus Creme Glacee, 15ml<br \/>Nue Eau Micellaire D\u00e9maquillante, 20ml<br \/>Gelee Gommante Douceur, 15ml<br \/>Pate Grise Masque Charbon, 15ml<br \/>Gommage Amande, 25ml<br \/>Baume de Douche Reconfortant, 30ml<br \/>Rituel Douceur Lait Hydratant Corps, 25ml<br \/>Lisse Cure 10 Jours Rides Eclat Express Kur, 2x<br \/>Lisse Creme Lissante Rides Tagescreme, 30ml<br \/>Massage Cup<br \/>Nue Lait Micellaire D\u00e9maquillant, 20ml<br \/>Hydra 24+ Baume en Masque, 15ml<br \/>Herbier, Creme Universelle visage, 15ml<br \/>My Payot Masque Sleep &amp; Glow, 20ml<br \/>Roselift Patch Regard Liftant, 1 Set<br \/>Morning Mask Water Power<br \/>Nutricia Creme Confort, 30ml<br \/>Creme Mains Velours, 30ml<br \/>Creme N\u00b02 Stick L\u00e8vres, 4g<br \/>Pate Grise Gelee Nettoyante, 30ml<br \/>Pate Grise Jour, 15ml<br \/>Bubble Mask Peeling Coffret<br \/>My Payot CC Glow, 20ml\u00a0<\/li><\/ul><\/div>\n\t\t\t\t<\/div>\n\t\t\t\t\t\t\t\t<\/div>\n\t\t\t\t\t\t<\/div>\n\t\t\t\t<\/div>\n\t\t\t\t<div class=\"elementor-element elementor-element-3fd71ac elementor-align-left elementor-mobile-align-center elementor-widget elementor-widget-button\" data-id=\"3fd71ac\" data-element_type=\"widget\" data-e-type=\"widget\" data-widget_type=\"button.default\">\n\t\t\t\t<div class=\"elementor-widget-container\">\n\t\t\t\t\t\t\t\t\t<div class=\"elementor-button-wrapper\">\n\t\t\t\t\t<a class=\"elementor-button elementor-button-link elementor-size-sm\" href=\"https:\/\/www.kosmetikkaufhaus.de\/detail=666=PAY65118070=Payot=Payot-Adventskalender-2022.php\">\n\t\t\t\t\t\t<span class=\"elementor-button-content-wrapper\">\n\t\t\t\t\t\t\t\t\t<span class=\"elementor-button-text\">Mehr dazu<\/span>\n\t\t\t\t\t<\/span>\n\t\t\t\t\t<\/a>\n\t\t\t\t<\/div>\n\t\t\t\t\t\t\t\t<\/div>\n\t\t\t\t<\/div>\n\t\t\t\t\t<\/div>\n\t\t<\/div>\n\t\t\t\t\t<\/div>\n\t\t<\/section>\n\t\t\t\t<section class=\"elementor-section elementor-top-section elementor-element elementor-element-229d256 elementor-section-boxed elementor-section-height-default elementor-section-height-default\" data-id=\"229d256\" data-element_type=\"section\" data-e-type=\"section\" data-settings=\"{&quot;animation&quot;:&quot;none&quot;}\">\n\t\t\t\t\t\t<div class=\"elementor-container elementor-column-gap-default\">\n\t\t\t\t\t<div class=\"elementor-column elementor-col-50 elementor-top-column elementor-element elementor-element-ce833e5\" data-id=\"ce833e5\" data-element_type=\"column\" data-e-type=\"column\">\n\t\t\t<div class=\"elementor-widget-wrap elementor-element-populated\">\n\t\t\t\t\t\t<div class=\"elementor-element elementor-element-79f7592 elementor-widget elementor-widget-image\" data-id=\"79f7592\" data-element_type=\"widget\" data-e-type=\"widget\" data-widget_type=\"image.default\">\n\t\t\t\t<div class=\"elementor-widget-container\">\n\t\t\t\t\t\t\t\t\t\t\t\t\t\t\t\t<a href=\"https:\/\/www.kosmetikkaufhaus.de\/detail=5=PHY38018=Phyris=Phyris-Adventskalender-2022.php\">\n\t\t\t\t\t\t\t<img loading=\"lazy\" decoding=\"async\" width=\"1000\" height=\"1000\" src=\"https:\/\/www.kosmetikkaufhaus.de\/neues\/wp-content\/uploads\/2022\/10\/PHY38018.jpg\" class=\"attachment-full size-full wp-image-3011\" alt=\"\" srcset=\"https:\/\/www.kosmetikkaufhaus.de\/neues\/wp-content\/uploads\/2022\/10\/PHY38018.jpg 1000w, https:\/\/www.kosmetikkaufhaus.de\/neues\/wp-content\/uploads\/2022\/10\/PHY38018-300x300.jpg 300w, https:\/\/www.kosmetikkaufhaus.de\/neues\/wp-content\/uploads\/2022\/10\/PHY38018-150x150.jpg 150w, https:\/\/www.kosmetikkaufhaus.de\/neues\/wp-content\/uploads\/2022\/10\/PHY38018-768x768.jpg 768w, https:\/\/www.kosmetikkaufhaus.de\/neues\/wp-content\/uploads\/2022\/10\/PHY38018-624x624.jpg 624w\" sizes=\"(max-width: 1000px) 100vw, 1000px\" \/>\t\t\t\t\t\t\t\t<\/a>\n\t\t\t\t\t\t\t\t\t\t\t\t\t\t\t<\/div>\n\t\t\t\t<\/div>\n\t\t\t\t\t<\/div>\n\t\t<\/div>\n\t\t\t\t<div class=\"elementor-column elementor-col-50 elementor-top-column elementor-element elementor-element-276ce92\" data-id=\"276ce92\" data-element_type=\"column\" data-e-type=\"column\">\n\t\t\t<div class=\"elementor-widget-wrap elementor-element-populated\">\n\t\t\t\t\t\t<div class=\"elementor-element elementor-element-7f1ab04 elementor-widget elementor-widget-heading\" data-id=\"7f1ab04\" data-element_type=\"widget\" data-e-type=\"widget\" data-widget_type=\"heading.default\">\n\t\t\t\t<div class=\"elementor-widget-container\">\n\t\t\t\t\t<h2 class=\"elementor-heading-title elementor-size-default\">Phyris Adventskalender<\/h2>\t\t\t\t<\/div>\n\t\t\t\t<\/div>\n\t\t\t\t<div class=\"elementor-element elementor-element-c5a6978 elementor-widget elementor-widget-text-editor\" data-id=\"c5a6978\" data-element_type=\"widget\" data-e-type=\"widget\" data-widget_type=\"text-editor.default\">\n\t\t\t\t<div class=\"elementor-widget-container\">\n\t\t\t\t\t\t\t\t\t<p>Genie\u00dfen Sie\u00a0drei individuelle Gesichtspflegesets &#8211; passend aufeinander abgestimmt.<\/p><p><strong>Warenwert: <\/strong>90,40 \u20ac<\/p><p><strong>Preisvorteil: <\/strong>26,40 \u20ac<\/p><p><strong>Highlight-Produkt:<\/strong> Peptide Relax-Lift (Originalgr\u00f6\u00dfe)<\/p>\t\t\t\t\t\t\t\t<\/div>\n\t\t\t\t<\/div>\n\t\t\t\t<div class=\"elementor-element elementor-element-98d5784 elementor-widget elementor-widget-toggle\" data-id=\"98d5784\" data-element_type=\"widget\" data-e-type=\"widget\" data-widget_type=\"toggle.default\">\n\t\t\t\t<div class=\"elementor-widget-container\">\n\t\t\t\t\t\t\t<div class=\"elementor-toggle\">\n\t\t\t\t\t\t\t<div class=\"elementor-toggle-item\">\n\t\t\t\t\t<div id=\"elementor-tab-title-1601\" class=\"elementor-tab-title\" data-tab=\"1\" role=\"button\" aria-controls=\"elementor-tab-content-1601\" aria-expanded=\"false\">\n\t\t\t\t\t\t\t\t\t\t\t\t<span class=\"elementor-toggle-icon elementor-toggle-icon-left\" aria-hidden=\"true\">\n\t\t\t\t\t\t\t\t\t\t\t\t\t\t\t<span class=\"elementor-toggle-icon-closed\"><i class=\"fas fa-caret-right\"><\/i><\/span>\n\t\t\t\t\t\t\t\t<span class=\"elementor-toggle-icon-opened\"><i class=\"elementor-toggle-icon-opened fas fa-caret-up\"><\/i><\/span>\n\t\t\t\t\t\t\t\t\t\t\t\t\t<\/span>\n\t\t\t\t\t\t\t\t\t\t\t\t<a class=\"elementor-toggle-title\" tabindex=\"0\">Inhalt<\/a>\n\t\t\t\t\t<\/div>\n\n\t\t\t\t\t<div id=\"elementor-tab-content-1601\" class=\"elementor-tab-content elementor-clearfix\" data-tab=\"1\" role=\"region\" aria-labelledby=\"elementor-tab-title-1601\"><ul><li><strong>Woche 1: Ein Erholungsurlaub f\u00fcr sensible Haut \u2013 beruhigen und gl\u00e4tten<\/strong><br \/>1 x PHYRIS Micell Liquid 30 ml<br \/>1 x PHYRIS Sensisomi Balm\u00a020 ml<br \/>1 x PHYRIS Sensitive Anti Aging\u00a010 ml<\/li><li>\u00a0<\/li><li><strong>Woche 2: Intensive Feuchtigkeit mit Hyaluron \u2013 durchfeuchten und aufpolstern<\/strong><br \/>1 x PHYRIS Intelli Gel\u00a020 ml<br \/>1 x PHYRIS Termasomi Gel\u00a020 ml<br \/>1 x PHYRIS Hyaluron Sensation Cream\u00a010 ml<\/li><li>\u00a0<\/li><li><strong>Woche 3: Ein vitalisierender Waldspaziergang \u2013 Schutz und Glow<\/strong><br \/>1 x PHYRIS Cleansing Mousse \u00a020 ml<br \/>1 x PHYRIS Ultrasomi\u00a020 ml<br \/>1 x PHYRIS Forest Light Cream\u00a010 ml<\/li><li>\u00a0<\/li><li><strong>Woche 4: Der einzigartige Instant- &amp; Time-Release-Effect \u00a0\u2013 langfristig entspannte und glatte Haut\u00a0<\/strong><br \/>1 x PHYRIS\u00a0Peptide Relax-Lift 30 ml (Originalprodukt)<\/li><\/ul><\/div>\n\t\t\t\t<\/div>\n\t\t\t\t\t\t\t\t<\/div>\n\t\t\t\t\t\t<\/div>\n\t\t\t\t<\/div>\n\t\t\t\t<div class=\"elementor-element elementor-element-0430f11 elementor-align-left elementor-mobile-align-center elementor-widget elementor-widget-button\" data-id=\"0430f11\" data-element_type=\"widget\" data-e-type=\"widget\" data-widget_type=\"button.default\">\n\t\t\t\t<div class=\"elementor-widget-container\">\n\t\t\t\t\t\t\t\t\t<div class=\"elementor-button-wrapper\">\n\t\t\t\t\t<a class=\"elementor-button elementor-button-link elementor-size-sm\" href=\"https:\/\/www.kosmetikkaufhaus.de\/detail=5=PHY38018=Phyris=Phyris-Adventskalender-2022.php\">\n\t\t\t\t\t\t<span class=\"elementor-button-content-wrapper\">\n\t\t\t\t\t\t\t\t\t<span class=\"elementor-button-text\">Mehr dazu<\/span>\n\t\t\t\t\t<\/span>\n\t\t\t\t\t<\/a>\n\t\t\t\t<\/div>\n\t\t\t\t\t\t\t\t<\/div>\n\t\t\t\t<\/div>\n\t\t\t\t\t<\/div>\n\t\t<\/div>\n\t\t\t\t\t<\/div>\n\t\t<\/section>\n\t\t\t\t<section class=\"elementor-section elementor-top-section elementor-element elementor-element-d18f582 elementor-section-boxed elementor-section-height-default elementor-section-height-default\" data-id=\"d18f582\" data-element_type=\"section\" data-e-type=\"section\" data-settings=\"{&quot;animation&quot;:&quot;none&quot;}\">\n\t\t\t\t\t\t<div class=\"elementor-container elementor-column-gap-default\">\n\t\t\t\t\t<div class=\"elementor-column elementor-col-50 elementor-top-column elementor-element elementor-element-8d5592e\" data-id=\"8d5592e\" data-element_type=\"column\" data-e-type=\"column\">\n\t\t\t<div class=\"elementor-widget-wrap elementor-element-populated\">\n\t\t\t\t\t\t<div class=\"elementor-element elementor-element-189eae8 elementor-widget elementor-widget-image\" data-id=\"189eae8\" data-element_type=\"widget\" data-e-type=\"widget\" data-settings=\"{&quot;_animation&quot;:&quot;none&quot;}\" data-widget_type=\"image.default\">\n\t\t\t\t<div class=\"elementor-widget-container\">\n\t\t\t\t\t\t\t\t\t\t\t\t\t\t\t\t<a href=\"https:\/\/www.kosmetikkaufhaus.de\/detail=110=ROS2299A=Rosa-Graf=Rosa-Graf-24-Tage-Deluxe-Ampullen-Adventskalender.php\">\n\t\t\t\t\t\t\t<img loading=\"lazy\" decoding=\"async\" width=\"1000\" height=\"1000\" src=\"https:\/\/www.kosmetikkaufhaus.de\/neues\/wp-content\/uploads\/2022\/10\/ROS2299A.jpg\" class=\"attachment-full size-full wp-image-3010\" alt=\"\" srcset=\"https:\/\/www.kosmetikkaufhaus.de\/neues\/wp-content\/uploads\/2022\/10\/ROS2299A.jpg 1000w, https:\/\/www.kosmetikkaufhaus.de\/neues\/wp-content\/uploads\/2022\/10\/ROS2299A-300x300.jpg 300w, https:\/\/www.kosmetikkaufhaus.de\/neues\/wp-content\/uploads\/2022\/10\/ROS2299A-150x150.jpg 150w, https:\/\/www.kosmetikkaufhaus.de\/neues\/wp-content\/uploads\/2022\/10\/ROS2299A-768x768.jpg 768w, https:\/\/www.kosmetikkaufhaus.de\/neues\/wp-content\/uploads\/2022\/10\/ROS2299A-624x624.jpg 624w\" sizes=\"(max-width: 1000px) 100vw, 1000px\" \/>\t\t\t\t\t\t\t\t<\/a>\n\t\t\t\t\t\t\t\t\t\t\t\t\t\t\t<\/div>\n\t\t\t\t<\/div>\n\t\t\t\t\t<\/div>\n\t\t<\/div>\n\t\t\t\t<div class=\"elementor-column elementor-col-50 elementor-top-column elementor-element elementor-element-77fbc7c\" data-id=\"77fbc7c\" data-element_type=\"column\" data-e-type=\"column\">\n\t\t\t<div class=\"elementor-widget-wrap elementor-element-populated\">\n\t\t\t\t\t\t<div class=\"elementor-element elementor-element-b407e5b elementor-widget elementor-widget-heading\" data-id=\"b407e5b\" data-element_type=\"widget\" data-e-type=\"widget\" data-widget_type=\"heading.default\">\n\t\t\t\t<div class=\"elementor-widget-container\">\n\t\t\t\t\t<h2 class=\"elementor-heading-title elementor-size-default\">Rosa Graf Ampullen Adventskalender<\/h2>\t\t\t\t<\/div>\n\t\t\t\t<\/div>\n\t\t\t\t<div class=\"elementor-element elementor-element-cfd33c1 elementor-widget elementor-widget-text-editor\" data-id=\"cfd33c1\" data-element_type=\"widget\" data-e-type=\"widget\" data-widget_type=\"text-editor.default\">\n\t\t\t\t<div class=\"elementor-widget-container\">\n\t\t\t\t\t\t\t\t\t<p>Verw\u00f6hnen Sie Ihre Haut in der stressigen Weihnachtszeit mit einer perfekt abgestimmten 24 Tage Luxus Ampullenkur.<\/p><p><strong>Warenwert:\u00a0<\/strong>115,00 \u20ac<\/p><p><strong>Preisvorteil: <\/strong>60,00 \u20ac<\/p><p><strong>Highlight-Produkt:<\/strong> Skin Lift Collagen Boost Glow Ampoules<\/p>\t\t\t\t\t\t\t\t<\/div>\n\t\t\t\t<\/div>\n\t\t\t\t<div class=\"elementor-element elementor-element-c777f8f elementor-widget elementor-widget-toggle\" data-id=\"c777f8f\" data-element_type=\"widget\" data-e-type=\"widget\" data-widget_type=\"toggle.default\">\n\t\t\t\t<div class=\"elementor-widget-container\">\n\t\t\t\t\t\t\t<div class=\"elementor-toggle\">\n\t\t\t\t\t\t\t<div class=\"elementor-toggle-item\">\n\t\t\t\t\t<div id=\"elementor-tab-title-2091\" class=\"elementor-tab-title\" data-tab=\"1\" role=\"button\" aria-controls=\"elementor-tab-content-2091\" aria-expanded=\"false\">\n\t\t\t\t\t\t\t\t\t\t\t\t<span class=\"elementor-toggle-icon elementor-toggle-icon-left\" aria-hidden=\"true\">\n\t\t\t\t\t\t\t\t\t\t\t\t\t\t\t<span class=\"elementor-toggle-icon-closed\"><i class=\"fas fa-caret-right\"><\/i><\/span>\n\t\t\t\t\t\t\t\t<span class=\"elementor-toggle-icon-opened\"><i class=\"elementor-toggle-icon-opened fas fa-caret-up\"><\/i><\/span>\n\t\t\t\t\t\t\t\t\t\t\t\t\t<\/span>\n\t\t\t\t\t\t\t\t\t\t\t\t<a class=\"elementor-toggle-title\" tabindex=\"0\">Inhalt<\/a>\n\t\t\t\t\t<\/div>\n\n\t\t\t\t\t<div id=\"elementor-tab-content-2091\" class=\"elementor-tab-content elementor-clearfix\" data-tab=\"1\" role=\"region\" aria-labelledby=\"elementor-tab-title-2091\"><ul><li>3x Anti Stress Ampoules,<\/li><li>3x Hydrating Ampoules,<\/li><li>3x Hylauronic Acid Ampoules,<\/li><li>3x TeaTime Ampoules,<\/li><li>4x Bi-Phase Skin Energy Retinol\u00a0 Gold Ampoules,<\/li><li>3x Bi-Phase Skin Smooth &#8211; Caviar\u00a0 Pearl Ampoules,<\/li><li>3x Skin Lift Collagen Boost\u00a0 Glow Ampoules,<\/li><li>2x Hand Ampoules.<\/li><\/ul><\/div>\n\t\t\t\t<\/div>\n\t\t\t\t\t\t\t\t<\/div>\n\t\t\t\t\t\t<\/div>\n\t\t\t\t<\/div>\n\t\t\t\t<div class=\"elementor-element elementor-element-ce0d802 elementor-align-left elementor-mobile-align-center elementor-widget elementor-widget-button\" data-id=\"ce0d802\" data-element_type=\"widget\" data-e-type=\"widget\" data-widget_type=\"button.default\">\n\t\t\t\t<div class=\"elementor-widget-container\">\n\t\t\t\t\t\t\t\t\t<div class=\"elementor-button-wrapper\">\n\t\t\t\t\t<a class=\"elementor-button elementor-button-link elementor-size-sm\" href=\"https:\/\/www.kosmetikkaufhaus.de\/detail=110=ROS2299A=Rosa-Graf=Rosa-Graf-24-Tage-Deluxe-Ampullen-Adventskalender.php\">\n\t\t\t\t\t\t<span class=\"elementor-button-content-wrapper\">\n\t\t\t\t\t\t\t\t\t<span class=\"elementor-button-text\">Mehr dazu<\/span>\n\t\t\t\t\t<\/span>\n\t\t\t\t\t<\/a>\n\t\t\t\t<\/div>\n\t\t\t\t\t\t\t\t<\/div>\n\t\t\t\t<\/div>\n\t\t\t\t\t<\/div>\n\t\t<\/div>\n\t\t\t\t\t<\/div>\n\t\t<\/section>\n\t\t\t\t<section class=\"elementor-section elementor-top-section elementor-element elementor-element-82a8893 elementor-section-boxed elementor-section-height-default elementor-section-height-default\" data-id=\"82a8893\" data-element_type=\"section\" data-e-type=\"section\" data-settings=\"{&quot;animation&quot;:&quot;none&quot;}\">\n\t\t\t\t\t\t<div class=\"elementor-container elementor-column-gap-default\">\n\t\t\t\t\t<div class=\"elementor-column elementor-col-50 elementor-top-column elementor-element elementor-element-114daa0\" data-id=\"114daa0\" data-element_type=\"column\" data-e-type=\"column\">\n\t\t\t<div class=\"elementor-widget-wrap elementor-element-populated\">\n\t\t\t\t\t\t<div class=\"elementor-element elementor-element-36e9574 elementor-widget elementor-widget-image\" data-id=\"36e9574\" data-element_type=\"widget\" data-e-type=\"widget\" data-widget_type=\"image.default\">\n\t\t\t\t<div class=\"elementor-widget-container\">\n\t\t\t\t\t\t\t\t\t\t\t\t\t\t\t\t<a href=\"https:\/\/www.kosmetikkaufhaus.de\/detail=110=ROS2298A=Rosa-Graf=Rosa-Graf-Deluxe-Pflege-Adventskalender.php\">\n\t\t\t\t\t\t\t<img loading=\"lazy\" decoding=\"async\" width=\"1000\" height=\"1000\" src=\"https:\/\/www.kosmetikkaufhaus.de\/neues\/wp-content\/uploads\/2022\/10\/ROS2298A.jpg\" class=\"attachment-full size-full wp-image-3009\" alt=\"\" srcset=\"https:\/\/www.kosmetikkaufhaus.de\/neues\/wp-content\/uploads\/2022\/10\/ROS2298A.jpg 1000w, https:\/\/www.kosmetikkaufhaus.de\/neues\/wp-content\/uploads\/2022\/10\/ROS2298A-300x300.jpg 300w, https:\/\/www.kosmetikkaufhaus.de\/neues\/wp-content\/uploads\/2022\/10\/ROS2298A-150x150.jpg 150w, https:\/\/www.kosmetikkaufhaus.de\/neues\/wp-content\/uploads\/2022\/10\/ROS2298A-768x768.jpg 768w, https:\/\/www.kosmetikkaufhaus.de\/neues\/wp-content\/uploads\/2022\/10\/ROS2298A-624x624.jpg 624w\" sizes=\"(max-width: 1000px) 100vw, 1000px\" \/>\t\t\t\t\t\t\t\t<\/a>\n\t\t\t\t\t\t\t\t\t\t\t\t\t\t\t<\/div>\n\t\t\t\t<\/div>\n\t\t\t\t\t<\/div>\n\t\t<\/div>\n\t\t\t\t<div class=\"elementor-column elementor-col-50 elementor-top-column elementor-element elementor-element-17f34e6\" data-id=\"17f34e6\" data-element_type=\"column\" data-e-type=\"column\">\n\t\t\t<div class=\"elementor-widget-wrap elementor-element-populated\">\n\t\t\t\t\t\t<div class=\"elementor-element elementor-element-e419558 elementor-widget elementor-widget-heading\" data-id=\"e419558\" data-element_type=\"widget\" data-e-type=\"widget\" data-widget_type=\"heading.default\">\n\t\t\t\t<div class=\"elementor-widget-container\">\n\t\t\t\t\t<h2 class=\"elementor-heading-title elementor-size-default\">Rosa Graf Deluxe Pflege Adventskalender<\/h2>\t\t\t\t<\/div>\n\t\t\t\t<\/div>\n\t\t\t\t<div class=\"elementor-element elementor-element-428d234 elementor-widget elementor-widget-text-editor\" data-id=\"428d234\" data-element_type=\"widget\" data-e-type=\"widget\" data-widget_type=\"text-editor.default\">\n\t\t\t\t<div class=\"elementor-widget-container\">\n\t\t\t\t\t\t\t\t\t<p>Entdecken Sie 24 luxuri\u00f6se Pflegelieblinge f\u00fcr eine sch\u00f6ne, strahlende Haut.<\/p><p><strong>Warenwert:<\/strong> 375,00 \u20ac<\/p><p><strong>Preisvorteil: <\/strong>236,00 \u20ac<\/p><p><strong>Highlight-Produkt:<\/strong> White Tea Mask<\/p>\t\t\t\t\t\t\t\t<\/div>\n\t\t\t\t<\/div>\n\t\t\t\t<div class=\"elementor-element elementor-element-f2ad0f6 elementor-widget elementor-widget-toggle\" data-id=\"f2ad0f6\" data-element_type=\"widget\" data-e-type=\"widget\" data-widget_type=\"toggle.default\">\n\t\t\t\t<div class=\"elementor-widget-container\">\n\t\t\t\t\t\t\t<div class=\"elementor-toggle\">\n\t\t\t\t\t\t\t<div class=\"elementor-toggle-item\">\n\t\t\t\t\t<div id=\"elementor-tab-title-2541\" class=\"elementor-tab-title\" data-tab=\"1\" role=\"button\" aria-controls=\"elementor-tab-content-2541\" aria-expanded=\"false\">\n\t\t\t\t\t\t\t\t\t\t\t\t<span class=\"elementor-toggle-icon elementor-toggle-icon-left\" aria-hidden=\"true\">\n\t\t\t\t\t\t\t\t\t\t\t\t\t\t\t<span class=\"elementor-toggle-icon-closed\"><i class=\"fas fa-caret-right\"><\/i><\/span>\n\t\t\t\t\t\t\t\t<span class=\"elementor-toggle-icon-opened\"><i class=\"elementor-toggle-icon-opened fas fa-caret-up\"><\/i><\/span>\n\t\t\t\t\t\t\t\t\t\t\t\t\t<\/span>\n\t\t\t\t\t\t\t\t\t\t\t\t<a class=\"elementor-toggle-title\" tabindex=\"0\">Inhalt<\/a>\n\t\t\t\t\t<\/div>\n\n\t\t\t\t\t<div id=\"elementor-tab-content-2541\" class=\"elementor-tab-content elementor-clearfix\" data-tab=\"1\" role=\"region\" aria-labelledby=\"elementor-tab-title-2541\"><ul><li>Hyaluron Mask 50ml,<br \/>Almond Relax Mask 50 ml,<br \/>Gentle Soothing Mask 50 ml,<br \/>Passion Rose Mask 50ml,<br \/>White Tea Mask 50 ml,<br \/>Frizzante Mango Mask 50 ml,<br \/>Bio Kur Kamillen Hand Creme 30ml,<br \/>Shower Gel Orange\/ Lemongras 50 ml,<br \/>Thalasso Shower 7ml,<br \/>Perfect Boost Hyaluronic Cream 15 ml,<br \/>Winter Care Face 30 ml,<br \/>Lip Stick Innocent Kiss,<br \/>Plant Based Ultimate Stem Cell Cream 15ml,<br \/>Plant Based Ultimate Stem Cell Serum 30ml,<br \/>Encapsulated Skin Revitalization 8 Stck.,<br \/>Rejuvenating Eye Roll-On 10ml,<br \/>Lip Stick Spicy Red,<br \/>RG Lash Ultra 5ml,<br \/>Lip Booster 5 ml,<br \/>Ampoules Collection Effect 3 x 2 ml,<br \/>Aloe Vera Fleece Mask,<br \/>TEATIME Fleece Mask,<br \/>BB CREAM Beige Nr. 2 30ml,<br \/>TEATIME MULTI PROTECTION 24h-CREAM 15 ml<\/li><\/ul><\/div>\n\t\t\t\t<\/div>\n\t\t\t\t\t\t\t\t<\/div>\n\t\t\t\t\t\t<\/div>\n\t\t\t\t<\/div>\n\t\t\t\t<div class=\"elementor-element elementor-element-51d4814 elementor-align-left elementor-mobile-align-center elementor-widget elementor-widget-button\" data-id=\"51d4814\" data-element_type=\"widget\" data-e-type=\"widget\" data-widget_type=\"button.default\">\n\t\t\t\t<div class=\"elementor-widget-container\">\n\t\t\t\t\t\t\t\t\t<div class=\"elementor-button-wrapper\">\n\t\t\t\t\t<a class=\"elementor-button elementor-button-link elementor-size-sm\" href=\"https:\/\/www.kosmetikkaufhaus.de\/detail=110=ROS2298A=Rosa-Graf=Rosa-Graf-Deluxe-Pflege-Adventskalender.php\">\n\t\t\t\t\t\t<span class=\"elementor-button-content-wrapper\">\n\t\t\t\t\t\t\t\t\t<span class=\"elementor-button-text\">Mehr dazu<\/span>\n\t\t\t\t\t<\/span>\n\t\t\t\t\t<\/a>\n\t\t\t\t<\/div>\n\t\t\t\t\t\t\t\t<\/div>\n\t\t\t\t<\/div>\n\t\t\t\t\t<\/div>\n\t\t<\/div>\n\t\t\t\t\t<\/div>\n\t\t<\/section>\n\t\t\t\t<section class=\"elementor-section elementor-top-section elementor-element elementor-element-1bf3de1a elementor-section-boxed elementor-section-height-default elementor-section-height-default\" data-id=\"1bf3de1a\" data-element_type=\"section\" data-e-type=\"section\">\n\t\t\t\t\t\t<div class=\"elementor-container elementor-column-gap-default\">\n\t\t\t\t\t<div class=\"elementor-column elementor-col-100 elementor-top-column elementor-element elementor-element-d44b2ae\" data-id=\"d44b2ae\" data-element_type=\"column\" data-e-type=\"column\">\n\t\t\t<div class=\"elementor-widget-wrap elementor-element-populated\">\n\t\t\t\t\t\t<div class=\"elementor-element elementor-element-70a2a24d elementor-widget elementor-widget-text-editor\" data-id=\"70a2a24d\" data-element_type=\"widget\" data-e-type=\"widget\" data-widget_type=\"text-editor.default\">\n\t\t\t\t<div class=\"elementor-widget-container\">\n\t\t\t\t\t\t\t\t\t<p>Jetzt teilen:<\/p>\t\t\t\t\t\t\t\t<\/div>\n\t\t\t\t<\/div>\n\t\t\t\t<div class=\"elementor-element elementor-element-5af5db1b elementor-share-buttons--view-icon elementor-share-buttons--shape-circle elementor-share-buttons--color-custom elementor-grid-mobile-0 elementor-share-buttons--skin-gradient elementor-grid-0 elementor-widget elementor-widget-share-buttons\" data-id=\"5af5db1b\" data-element_type=\"widget\" data-e-type=\"widget\" data-widget_type=\"share-buttons.default\">\n\t\t\t\t<div class=\"elementor-widget-container\">\n\t\t\t\t\t\t\t<div class=\"elementor-grid\" role=\"list\">\n\t\t\t\t\t\t\t\t<div class=\"elementor-grid-item\" role=\"listitem\">\n\t\t\t\t\t\t<div class=\"elementor-share-btn elementor-share-btn_facebook\" role=\"button\" tabindex=\"0\" aria-label=\"Teilen auf facebook\">\n\t\t\t\t\t\t\t\t\t\t\t\t\t\t\t<span class=\"elementor-share-btn__icon\">\n\t\t\t\t\t\t\t\t<i class=\"fab fa-facebook\" aria-hidden=\"true\"><\/i>\t\t\t\t\t\t\t<\/span>\n\t\t\t\t\t\t\t\t\t\t\t\t\t\t\t\t\t\t\t\t<\/div>\n\t\t\t\t\t<\/div>\n\t\t\t\t\t\t\t\t\t<div class=\"elementor-grid-item\" role=\"listitem\">\n\t\t\t\t\t\t<div class=\"elementor-share-btn elementor-share-btn_twitter\" role=\"button\" tabindex=\"0\" aria-label=\"Teilen auf twitter\">\n\t\t\t\t\t\t\t\t\t\t\t\t\t\t\t<span class=\"elementor-share-btn__icon\">\n\t\t\t\t\t\t\t\t<i class=\"fab fa-twitter\" aria-hidden=\"true\"><\/i>\t\t\t\t\t\t\t<\/span>\n\t\t\t\t\t\t\t\t\t\t\t\t\t\t\t\t\t\t\t\t<\/div>\n\t\t\t\t\t<\/div>\n\t\t\t\t\t\t\t\t\t<div class=\"elementor-grid-item\" role=\"listitem\">\n\t\t\t\t\t\t<div class=\"elementor-share-btn elementor-share-btn_pinterest\" role=\"button\" tabindex=\"0\" aria-label=\"Teilen auf pinterest\">\n\t\t\t\t\t\t\t\t\t\t\t\t\t\t\t<span class=\"elementor-share-btn__icon\">\n\t\t\t\t\t\t\t\t<i class=\"fab fa-pinterest\" aria-hidden=\"true\"><\/i>\t\t\t\t\t\t\t<\/span>\n\t\t\t\t\t\t\t\t\t\t\t\t\t\t\t\t\t\t\t\t<\/div>\n\t\t\t\t\t<\/div>\n\t\t\t\t\t\t\t\t\t<div class=\"elementor-grid-item\" role=\"listitem\">\n\t\t\t\t\t\t<div class=\"elementor-share-btn elementor-share-btn_whatsapp\" role=\"button\" tabindex=\"0\" aria-label=\"Teilen auf whatsapp\">\n\t\t\t\t\t\t\t\t\t\t\t\t\t\t\t<span class=\"elementor-share-btn__icon\">\n\t\t\t\t\t\t\t\t<i class=\"fab fa-whatsapp\" aria-hidden=\"true\"><\/i>\t\t\t\t\t\t\t<\/span>\n\t\t\t\t\t\t\t\t\t\t\t\t\t\t\t\t\t\t\t\t<\/div>\n\t\t\t\t\t<\/div>\n\t\t\t\t\t\t\t\t\t<div class=\"elementor-grid-item\" role=\"listitem\">\n\t\t\t\t\t\t<div class=\"elementor-share-btn elementor-share-btn_telegram\" role=\"button\" tabindex=\"0\" aria-label=\"Teilen auf telegram\">\n\t\t\t\t\t\t\t\t\t\t\t\t\t\t\t<span class=\"elementor-share-btn__icon\">\n\t\t\t\t\t\t\t\t<i class=\"fab fa-telegram\" aria-hidden=\"true\"><\/i>\t\t\t\t\t\t\t<\/span>\n\t\t\t\t\t\t\t\t\t\t\t\t\t\t\t\t\t\t\t\t<\/div>\n\t\t\t\t\t<\/div>\n\t\t\t\t\t\t<\/div>\n\t\t\t\t\t\t<\/div>\n\t\t\t\t<\/div>\n\t\t\t\t\t<\/div>\n\t\t<\/div>\n\t\t\t\t\t<\/div>\n\t\t<\/section>\n\t\t\t\t<section class=\"elementor-section elementor-top-section elementor-element elementor-element-66caf1a3 elementor-section-boxed elementor-section-height-default elementor-section-height-default\" data-id=\"66caf1a3\" data-element_type=\"section\" data-e-type=\"section\">\n\t\t\t\t\t\t<div class=\"elementor-container elementor-column-gap-default\">\n\t\t\t\t\t<div class=\"elementor-column elementor-col-100 elementor-top-column elementor-element elementor-element-1ef3222b\" data-id=\"1ef3222b\" data-element_type=\"column\" data-e-type=\"column\">\n\t\t\t<div class=\"elementor-widget-wrap elementor-element-populated\">\n\t\t\t\t\t\t<div class=\"elementor-element elementor-element-988d2d5 elementor-grid-3 elementor-grid-tablet-2 elementor-grid-mobile-1 elementor-posts--thumbnail-top elementor-widget elementor-widget-posts\" data-id=\"988d2d5\" data-element_type=\"widget\" data-e-type=\"widget\" data-settings=\"{&quot;classic_columns&quot;:&quot;3&quot;,&quot;classic_columns_tablet&quot;:&quot;2&quot;,&quot;classic_columns_mobile&quot;:&quot;1&quot;,&quot;classic_row_gap&quot;:{&quot;unit&quot;:&quot;px&quot;,&quot;size&quot;:35,&quot;sizes&quot;:[]},&quot;classic_row_gap_tablet&quot;:{&quot;unit&quot;:&quot;px&quot;,&quot;size&quot;:&quot;&quot;,&quot;sizes&quot;:[]},&quot;classic_row_gap_mobile&quot;:{&quot;unit&quot;:&quot;px&quot;,&quot;size&quot;:&quot;&quot;,&quot;sizes&quot;:[]}}\" data-widget_type=\"posts.classic\">\n\t\t\t\t<div class=\"elementor-widget-container\">\n\t\t\t\t\t\t\t<div class=\"elementor-posts-container elementor-posts elementor-posts--skin-classic elementor-grid\" role=\"list\">\n\t\t\t\t<article class=\"elementor-post elementor-grid-item post-4819 post type-post status-publish format-standard has-post-thumbnail hentry category-gesichtspflege\" role=\"listitem\">\n\t\t\t\t<a class=\"elementor-post__thumbnail__link\" href=\"https:\/\/www.kosmetikkaufhaus.de\/neues\/gesichtspflege-im-sommer-ihr-ultimativer-leitfaden\/\" tabindex=\"-1\" >\n\t\t\t<div class=\"elementor-post__thumbnail\"><img loading=\"lazy\" decoding=\"async\" width=\"625\" height=\"625\" src=\"https:\/\/www.kosmetikkaufhaus.de\/neues\/wp-content\/uploads\/2023\/07\/pflege-im-sommer.jpg\" class=\"attachment-large size-large wp-image-5399\" alt=\"\" srcset=\"https:\/\/www.kosmetikkaufhaus.de\/neues\/wp-content\/uploads\/2023\/07\/pflege-im-sommer.jpg 1000w, https:\/\/www.kosmetikkaufhaus.de\/neues\/wp-content\/uploads\/2023\/07\/pflege-im-sommer-300x300.jpg 300w, https:\/\/www.kosmetikkaufhaus.de\/neues\/wp-content\/uploads\/2023\/07\/pflege-im-sommer-150x150.jpg 150w, https:\/\/www.kosmetikkaufhaus.de\/neues\/wp-content\/uploads\/2023\/07\/pflege-im-sommer-768x768.jpg 768w, https:\/\/www.kosmetikkaufhaus.de\/neues\/wp-content\/uploads\/2023\/07\/pflege-im-sommer-624x624.jpg 624w\" sizes=\"(max-width: 625px) 100vw, 625px\" \/><\/div>\n\t\t<\/a>\n\t\t\t\t<div class=\"elementor-post__text\">\n\t\t\t\t<h3 class=\"elementor-post__title\">\n\t\t\t<a href=\"https:\/\/www.kosmetikkaufhaus.de\/neues\/gesichtspflege-im-sommer-ihr-ultimativer-leitfaden\/\" >\n\t\t\t\tGesichtspflege im Sommer: Ihr ultimativer Leitfaden\t\t\t<\/a>\n\t\t<\/h3>\n\t\t\t\t<div class=\"elementor-post__meta-data\">\n\t\t\t\t\t<span class=\"elementor-post-date\">\n\t\t\t5. Juli 2023\t\t<\/span>\n\t\t\t\t<span class=\"elementor-post-avatar\">\n\t\t\tKeine Kommentare\t\t<\/span>\n\t\t\t\t<\/div>\n\t\t\t\t<div class=\"elementor-post__excerpt\">\n\t\t\t<p>Hier sind einige Tipps, wie Sie Ihre Gesichtshaut entsprechend ihrem Typ pflegen und sch\u00fctzen k\u00f6nnen.<\/p>\t\t<\/div>\n\t\t\t\t\t<div class=\"elementor-post__read-more-wrapper\">\n\t\t\n\t\t<a class=\"elementor-post__read-more\" href=\"https:\/\/www.kosmetikkaufhaus.de\/neues\/gesichtspflege-im-sommer-ihr-ultimativer-leitfaden\/\" aria-label=\"Mehr \u00fcber Gesichtspflege im Sommer: Ihr ultimativer Leitfaden\" tabindex=\"-1\" >\n\t\t\tWeiter lesen \u00bb\t\t<\/a>\n\n\t\t\t\t\t<\/div>\n\t\t\t\t<\/div>\n\t\t\t\t<\/article>\n\t\t\t\t<article class=\"elementor-post elementor-grid-item post-3799 post type-post status-publish format-standard has-post-thumbnail hentry category-gesichtspflege category-kosmetik\" role=\"listitem\">\n\t\t\t\t<a class=\"elementor-post__thumbnail__link\" href=\"https:\/\/www.kosmetikkaufhaus.de\/neues\/gesichtspflege-im-winter\/\" tabindex=\"-1\" >\n\t\t\t<div class=\"elementor-post__thumbnail\"><img loading=\"lazy\" decoding=\"async\" width=\"625\" height=\"313\" src=\"https:\/\/www.kosmetikkaufhaus.de\/neues\/wp-content\/uploads\/2022\/12\/AdobeStock_391335517-1024x512.jpg\" class=\"attachment-large size-large wp-image-3827\" alt=\"Winterpflege Produkte\" srcset=\"https:\/\/www.kosmetikkaufhaus.de\/neues\/wp-content\/uploads\/2022\/12\/AdobeStock_391335517-1024x512.jpg 1024w, https:\/\/www.kosmetikkaufhaus.de\/neues\/wp-content\/uploads\/2022\/12\/AdobeStock_391335517-300x150.jpg 300w, https:\/\/www.kosmetikkaufhaus.de\/neues\/wp-content\/uploads\/2022\/12\/AdobeStock_391335517-768x384.jpg 768w, https:\/\/www.kosmetikkaufhaus.de\/neues\/wp-content\/uploads\/2022\/12\/AdobeStock_391335517-624x312.jpg 624w, https:\/\/www.kosmetikkaufhaus.de\/neues\/wp-content\/uploads\/2022\/12\/AdobeStock_391335517.jpg 1200w\" sizes=\"(max-width: 625px) 100vw, 625px\" \/><\/div>\n\t\t<\/a>\n\t\t\t\t<div class=\"elementor-post__text\">\n\t\t\t\t<h3 class=\"elementor-post__title\">\n\t\t\t<a href=\"https:\/\/www.kosmetikkaufhaus.de\/neues\/gesichtspflege-im-winter\/\" >\n\t\t\t\tGesichtspflege im Winter\t\t\t<\/a>\n\t\t<\/h3>\n\t\t\t\t<div class=\"elementor-post__meta-data\">\n\t\t\t\t\t<span class=\"elementor-post-date\">\n\t\t\t13. Dezember 2022\t\t<\/span>\n\t\t\t\t<span class=\"elementor-post-avatar\">\n\t\t\tKeine Kommentare\t\t<\/span>\n\t\t\t\t<\/div>\n\t\t\t\t<div class=\"elementor-post__excerpt\">\n\t\t\t<p>Gesichtspflege \u00a9 Iryna- stock.adobe.com Gesichtspflege im Winter Darauf sollten Sie jetzt achten: Unsere Haut hat es im Winter nicht leicht:<\/p>\n\t\t<\/div>\n\t\t\t\t\t<div class=\"elementor-post__read-more-wrapper\">\n\t\t\n\t\t<a class=\"elementor-post__read-more\" href=\"https:\/\/www.kosmetikkaufhaus.de\/neues\/gesichtspflege-im-winter\/\" aria-label=\"Mehr \u00fcber Gesichtspflege im Winter\" tabindex=\"-1\" >\n\t\t\tWeiter lesen \u00bb\t\t<\/a>\n\n\t\t\t\t\t<\/div>\n\t\t\t\t<\/div>\n\t\t\t\t<\/article>\n\t\t\t\t<article class=\"elementor-post elementor-grid-item post-2960 post type-post status-publish format-standard has-post-thumbnail hentry category-gesichtspflege tag-gesichtspflege tag-haarpflege tag-handpflege tag-herbst tag-lippenpflege tag-trockene-haut\" role=\"listitem\">\n\t\t\t\t<a class=\"elementor-post__thumbnail__link\" href=\"https:\/\/www.kosmetikkaufhaus.de\/neues\/hautpflege-im-herbst\/\" tabindex=\"-1\" >\n\t\t\t<div class=\"elementor-post__thumbnail\"><img loading=\"lazy\" decoding=\"async\" width=\"625\" height=\"309\" src=\"https:\/\/www.kosmetikkaufhaus.de\/neues\/wp-content\/uploads\/2022\/10\/herbstpflege1.jpg\" class=\"attachment-large size-large wp-image-2992\" alt=\"Frau mit schwarzem Hut und roten Lippen. Die Wangen gl\u00e4nzen\" srcset=\"https:\/\/www.kosmetikkaufhaus.de\/neues\/wp-content\/uploads\/2022\/10\/herbstpflege1.jpg 1024w, https:\/\/www.kosmetikkaufhaus.de\/neues\/wp-content\/uploads\/2022\/10\/herbstpflege1-300x149.jpg 300w, https:\/\/www.kosmetikkaufhaus.de\/neues\/wp-content\/uploads\/2022\/10\/herbstpflege1-768x380.jpg 768w, https:\/\/www.kosmetikkaufhaus.de\/neues\/wp-content\/uploads\/2022\/10\/herbstpflege1-624x309.jpg 624w\" sizes=\"(max-width: 625px) 100vw, 625px\" \/><\/div>\n\t\t<\/a>\n\t\t\t\t<div class=\"elementor-post__text\">\n\t\t\t\t<h3 class=\"elementor-post__title\">\n\t\t\t<a href=\"https:\/\/www.kosmetikkaufhaus.de\/neues\/hautpflege-im-herbst\/\" >\n\t\t\t\tHautpflege im Herbst &#8211; darauf kommt es an:\t\t\t<\/a>\n\t\t<\/h3>\n\t\t\t\t<div class=\"elementor-post__meta-data\">\n\t\t\t\t\t<span class=\"elementor-post-date\">\n\t\t\t6. Oktober 2022\t\t<\/span>\n\t\t\t\t<span class=\"elementor-post-avatar\">\n\t\t\tKeine Kommentare\t\t<\/span>\n\t\t\t\t<\/div>\n\t\t\t\t<div class=\"elementor-post__excerpt\">\n\t\t\t<p>Der Herbst ist da und der Wechsel zwischen den Jahreszeiten bedeutet auch eine Umstellung in unserem Alltag. Wie unseren Kleiderschrank\t\t<\/div>\n\t\t\t\t\t<div class=\"elementor-post__read-more-wrapper\">\n\t\t\n\t\t<a class=\"elementor-post__read-more\" href=\"https:\/\/www.kosmetikkaufhaus.de\/neues\/hautpflege-im-herbst\/\" aria-label=\"Mehr \u00fcber Hautpflege im Herbst &#8211; darauf kommt es an:\" tabindex=\"-1\" >\n\t\t\tWeiter lesen \u00bb\t\t<\/a>\n\n\t\t\t\t\t<\/div>\n\t\t\t\t<\/div>\n\t\t\t\t<\/article>\n\t\t\t\t<\/div>\n\t\t\n\t\t\t\t\t\t<\/div>\n\t\t\t\t<\/div>\n\t\t\t\t\t<\/div>\n\t\t<\/div>\n\t\t\t\t\t<\/div>\n\t\t<\/section>\n\t\t\t\t<\/div>\n\t\t","protected":false},"excerpt":{"rendered":"<p>Adventskalender sind nur etwas f\u00fcr Kinder? Schon lange nicht mehr! Auch wir Erwachsene freuen uns in der Adventszeit jeden Tag aufs Neue ein T\u00fcrchen zu \u00f6ffnen.<\/p>\n","protected":false},"author":1,"featured_media":2998,"comment_status":"closed","ping_status":"open","sticky":false,"template":"elementor_header_footer","format":"standard","meta":{"footnotes":""},"categories":[13],"tags":[116,70,117,61,118,65],"class_list":["post-2977","post","type-post","status-publish","format-standard","has-post-thumbnail","hentry","category-gesichtspflege","tag-adventskalender","tag-augenpflege","tag-beauty-adventskalender","tag-gesichtspflege","tag-koerperpflege","tag-peeling"],"yoast_head":"<!-- This site is optimized with the Yoast SEO plugin v26.9 - https:\/\/yoast.com\/product\/yoast-seo-wordpress\/ -->\n<title>Beauty-Adventskalender 2022 - kosmetikkaufhaus News<\/title>\n<meta name=\"robots\" content=\"index, follow, max-snippet:-1, max-image-preview:large, max-video-preview:-1\" \/>\n<link rel=\"canonical\" href=\"https:\/\/www.kosmetikkaufhaus.de\/neues\/beauty-adventskalender-2022\/\" \/>\n<meta property=\"og:locale\" content=\"de_DE\" \/>\n<meta property=\"og:type\" content=\"article\" \/>\n<meta property=\"og:title\" content=\"Beauty-Adventskalender 2022 - kosmetikkaufhaus News\" \/>\n<meta property=\"og:description\" content=\"Adventskalender sind nur etwas f\u00fcr Kinder? Schon lange nicht mehr! Auch wir Erwachsene freuen uns in der Adventszeit jeden Tag aufs Neue ein T\u00fcrchen zu \u00f6ffnen.\" \/>\n<meta property=\"og:url\" content=\"https:\/\/www.kosmetikkaufhaus.de\/neues\/beauty-adventskalender-2022\/\" \/>\n<meta property=\"og:site_name\" content=\"kosmetikkaufhaus News\" \/>\n<meta property=\"article:publisher\" content=\"https:\/\/www.facebook.com\/kosmetikkaufhaus.de\" \/>\n<meta property=\"article:published_time\" content=\"2022-08-18T09:40:00+00:00\" \/>\n<meta property=\"article:modified_time\" content=\"2022-10-07T13:46:48+00:00\" \/>\n<meta property=\"og:image\" content=\"https:\/\/www.kosmetikkaufhaus.de\/neues\/wp-content\/uploads\/2022\/10\/adventskalenderbbb.jpg\" \/>\n\t<meta property=\"og:image:width\" content=\"1024\" \/>\n\t<meta property=\"og:image:height\" content=\"507\" \/>\n\t<meta property=\"og:image:type\" content=\"image\/jpeg\" \/>\n<meta name=\"author\" content=\"newsverwaltung\" \/>\n<meta name=\"twitter:card\" content=\"summary_large_image\" \/>\n<meta name=\"twitter:label1\" content=\"Verfasst von\" \/>\n\t<meta name=\"twitter:data1\" content=\"newsverwaltung\" \/>\n\t<meta name=\"twitter:label2\" content=\"Gesch\u00e4tzte Lesezeit\" \/>\n\t<meta name=\"twitter:data2\" content=\"15\u00a0Minuten\" \/>\n<script type=\"application\/ld+json\" class=\"yoast-schema-graph\">{\"@context\":\"https:\/\/schema.org\",\"@graph\":[{\"@type\":\"Article\",\"@id\":\"https:\/\/www.kosmetikkaufhaus.de\/neues\/beauty-adventskalender-2022\/#article\",\"isPartOf\":{\"@id\":\"https:\/\/www.kosmetikkaufhaus.de\/neues\/beauty-adventskalender-2022\/\"},\"author\":{\"name\":\"newsverwaltung\",\"@id\":\"https:\/\/www.kosmetikkaufhaus.de\/neues\/#\/schema\/person\/554d2fb8c59f3fb3e1a96c0f6376fcea\"},\"headline\":\"Beauty-Adventskalender 2022\",\"datePublished\":\"2022-08-18T09:40:00+00:00\",\"dateModified\":\"2022-10-07T13:46:48+00:00\",\"mainEntityOfPage\":{\"@id\":\"https:\/\/www.kosmetikkaufhaus.de\/neues\/beauty-adventskalender-2022\/\"},\"wordCount\":3070,\"publisher\":{\"@id\":\"https:\/\/www.kosmetikkaufhaus.de\/neues\/#organization\"},\"image\":{\"@id\":\"https:\/\/www.kosmetikkaufhaus.de\/neues\/beauty-adventskalender-2022\/#primaryimage\"},\"thumbnailUrl\":\"https:\/\/www.kosmetikkaufhaus.de\/neues\/wp-content\/uploads\/2022\/10\/adventskalenderbbb.jpg\",\"keywords\":[\"Adventskalender\",\"Augenpflege\",\"Beauty-Adventskalender\",\"Gesichtspflege\",\"K\u00f6rperpflege\",\"Peeling\"],\"articleSection\":[\"Gesichtspflege\"],\"inLanguage\":\"de\"},{\"@type\":\"WebPage\",\"@id\":\"https:\/\/www.kosmetikkaufhaus.de\/neues\/beauty-adventskalender-2022\/\",\"url\":\"https:\/\/www.kosmetikkaufhaus.de\/neues\/beauty-adventskalender-2022\/\",\"name\":\"Beauty-Adventskalender 2022 - kosmetikkaufhaus News\",\"isPartOf\":{\"@id\":\"https:\/\/www.kosmetikkaufhaus.de\/neues\/#website\"},\"primaryImageOfPage\":{\"@id\":\"https:\/\/www.kosmetikkaufhaus.de\/neues\/beauty-adventskalender-2022\/#primaryimage\"},\"image\":{\"@id\":\"https:\/\/www.kosmetikkaufhaus.de\/neues\/beauty-adventskalender-2022\/#primaryimage\"},\"thumbnailUrl\":\"https:\/\/www.kosmetikkaufhaus.de\/neues\/wp-content\/uploads\/2022\/10\/adventskalenderbbb.jpg\",\"datePublished\":\"2022-08-18T09:40:00+00:00\",\"dateModified\":\"2022-10-07T13:46:48+00:00\",\"breadcrumb\":{\"@id\":\"https:\/\/www.kosmetikkaufhaus.de\/neues\/beauty-adventskalender-2022\/#breadcrumb\"},\"inLanguage\":\"de\",\"potentialAction\":[{\"@type\":\"ReadAction\",\"target\":[\"https:\/\/www.kosmetikkaufhaus.de\/neues\/beauty-adventskalender-2022\/\"]}]},{\"@type\":\"ImageObject\",\"inLanguage\":\"de\",\"@id\":\"https:\/\/www.kosmetikkaufhaus.de\/neues\/beauty-adventskalender-2022\/#primaryimage\",\"url\":\"https:\/\/www.kosmetikkaufhaus.de\/neues\/wp-content\/uploads\/2022\/10\/adventskalenderbbb.jpg\",\"contentUrl\":\"https:\/\/www.kosmetikkaufhaus.de\/neues\/wp-content\/uploads\/2022\/10\/adventskalenderbbb.jpg\",\"width\":1024,\"height\":507},{\"@type\":\"BreadcrumbList\",\"@id\":\"https:\/\/www.kosmetikkaufhaus.de\/neues\/beauty-adventskalender-2022\/#breadcrumb\",\"itemListElement\":[{\"@type\":\"ListItem\",\"position\":1,\"name\":\"Startseite\",\"item\":\"https:\/\/www.kosmetikkaufhaus.de\/neues\/\"},{\"@type\":\"ListItem\",\"position\":2,\"name\":\"Beauty-Adventskalender 2022\"}]},{\"@type\":\"WebSite\",\"@id\":\"https:\/\/www.kosmetikkaufhaus.de\/neues\/#website\",\"url\":\"https:\/\/www.kosmetikkaufhaus.de\/neues\/\",\"name\":\"kosmetikkaufhaus News\",\"description\":\"Eine weitere WordPress-Website\",\"publisher\":{\"@id\":\"https:\/\/www.kosmetikkaufhaus.de\/neues\/#organization\"},\"potentialAction\":[{\"@type\":\"SearchAction\",\"target\":{\"@type\":\"EntryPoint\",\"urlTemplate\":\"https:\/\/www.kosmetikkaufhaus.de\/neues\/?s={search_term_string}\"},\"query-input\":{\"@type\":\"PropertyValueSpecification\",\"valueRequired\":true,\"valueName\":\"search_term_string\"}}],\"inLanguage\":\"de\"},{\"@type\":\"Organization\",\"@id\":\"https:\/\/www.kosmetikkaufhaus.de\/neues\/#organization\",\"name\":\"kosmetikkaufhaus News\",\"url\":\"https:\/\/www.kosmetikkaufhaus.de\/neues\/\",\"logo\":{\"@type\":\"ImageObject\",\"inLanguage\":\"de\",\"@id\":\"https:\/\/www.kosmetikkaufhaus.de\/neues\/#\/schema\/logo\/image\/\",\"url\":\"https:\/\/www.kosmetikkaufhaus.de\/neues\/wp-content\/uploads\/2022\/11\/LogoKKH.png\",\"contentUrl\":\"https:\/\/www.kosmetikkaufhaus.de\/neues\/wp-content\/uploads\/2022\/11\/LogoKKH.png\",\"width\":2833,\"height\":529,\"caption\":\"kosmetikkaufhaus News\"},\"image\":{\"@id\":\"https:\/\/www.kosmetikkaufhaus.de\/neues\/#\/schema\/logo\/image\/\"},\"sameAs\":[\"https:\/\/www.facebook.com\/kosmetikkaufhaus.de\"]},{\"@type\":\"Person\",\"@id\":\"https:\/\/www.kosmetikkaufhaus.de\/neues\/#\/schema\/person\/554d2fb8c59f3fb3e1a96c0f6376fcea\",\"name\":\"newsverwaltung\",\"sameAs\":[\"https:\/\/www.kosmetikkaufhaus.de\/neues\"],\"url\":\"https:\/\/www.kosmetikkaufhaus.de\/neues\/author\/newsverwaltung\/\"}]}<\/script>\n<!-- \/ Yoast SEO plugin. -->","yoast_head_json":{"title":"Beauty-Adventskalender 2022 - kosmetikkaufhaus News","robots":{"index":"index","follow":"follow","max-snippet":"max-snippet:-1","max-image-preview":"max-image-preview:large","max-video-preview":"max-video-preview:-1"},"canonical":"https:\/\/www.kosmetikkaufhaus.de\/neues\/beauty-adventskalender-2022\/","og_locale":"de_DE","og_type":"article","og_title":"Beauty-Adventskalender 2022 - kosmetikkaufhaus News","og_description":"Adventskalender sind nur etwas f\u00fcr Kinder? Schon lange nicht mehr! Auch wir Erwachsene freuen uns in der Adventszeit jeden Tag aufs Neue ein T\u00fcrchen zu \u00f6ffnen.","og_url":"https:\/\/www.kosmetikkaufhaus.de\/neues\/beauty-adventskalender-2022\/","og_site_name":"kosmetikkaufhaus News","article_publisher":"https:\/\/www.facebook.com\/kosmetikkaufhaus.de","article_published_time":"2022-08-18T09:40:00+00:00","article_modified_time":"2022-10-07T13:46:48+00:00","og_image":[{"width":1024,"height":507,"url":"https:\/\/www.kosmetikkaufhaus.de\/neues\/wp-content\/uploads\/2022\/10\/adventskalenderbbb.jpg","type":"image\/jpeg"}],"author":"newsverwaltung","twitter_card":"summary_large_image","twitter_misc":{"Verfasst von":"newsverwaltung","Gesch\u00e4tzte Lesezeit":"15\u00a0Minuten"},"schema":{"@context":"https:\/\/schema.org","@graph":[{"@type":"Article","@id":"https:\/\/www.kosmetikkaufhaus.de\/neues\/beauty-adventskalender-2022\/#article","isPartOf":{"@id":"https:\/\/www.kosmetikkaufhaus.de\/neues\/beauty-adventskalender-2022\/"},"author":{"name":"newsverwaltung","@id":"https:\/\/www.kosmetikkaufhaus.de\/neues\/#\/schema\/person\/554d2fb8c59f3fb3e1a96c0f6376fcea"},"headline":"Beauty-Adventskalender 2022","datePublished":"2022-08-18T09:40:00+00:00","dateModified":"2022-10-07T13:46:48+00:00","mainEntityOfPage":{"@id":"https:\/\/www.kosmetikkaufhaus.de\/neues\/beauty-adventskalender-2022\/"},"wordCount":3070,"publisher":{"@id":"https:\/\/www.kosmetikkaufhaus.de\/neues\/#organization"},"image":{"@id":"https:\/\/www.kosmetikkaufhaus.de\/neues\/beauty-adventskalender-2022\/#primaryimage"},"thumbnailUrl":"https:\/\/www.kosmetikkaufhaus.de\/neues\/wp-content\/uploads\/2022\/10\/adventskalenderbbb.jpg","keywords":["Adventskalender","Augenpflege","Beauty-Adventskalender","Gesichtspflege","K\u00f6rperpflege","Peeling"],"articleSection":["Gesichtspflege"],"inLanguage":"de"},{"@type":"WebPage","@id":"https:\/\/www.kosmetikkaufhaus.de\/neues\/beauty-adventskalender-2022\/","url":"https:\/\/www.kosmetikkaufhaus.de\/neues\/beauty-adventskalender-2022\/","name":"Beauty-Adventskalender 2022 - kosmetikkaufhaus News","isPartOf":{"@id":"https:\/\/www.kosmetikkaufhaus.de\/neues\/#website"},"primaryImageOfPage":{"@id":"https:\/\/www.kosmetikkaufhaus.de\/neues\/beauty-adventskalender-2022\/#primaryimage"},"image":{"@id":"https:\/\/www.kosmetikkaufhaus.de\/neues\/beauty-adventskalender-2022\/#primaryimage"},"thumbnailUrl":"https:\/\/www.kosmetikkaufhaus.de\/neues\/wp-content\/uploads\/2022\/10\/adventskalenderbbb.jpg","datePublished":"2022-08-18T09:40:00+00:00","dateModified":"2022-10-07T13:46:48+00:00","breadcrumb":{"@id":"https:\/\/www.kosmetikkaufhaus.de\/neues\/beauty-adventskalender-2022\/#breadcrumb"},"inLanguage":"de","potentialAction":[{"@type":"ReadAction","target":["https:\/\/www.kosmetikkaufhaus.de\/neues\/beauty-adventskalender-2022\/"]}]},{"@type":"ImageObject","inLanguage":"de","@id":"https:\/\/www.kosmetikkaufhaus.de\/neues\/beauty-adventskalender-2022\/#primaryimage","url":"https:\/\/www.kosmetikkaufhaus.de\/neues\/wp-content\/uploads\/2022\/10\/adventskalenderbbb.jpg","contentUrl":"https:\/\/www.kosmetikkaufhaus.de\/neues\/wp-content\/uploads\/2022\/10\/adventskalenderbbb.jpg","width":1024,"height":507},{"@type":"BreadcrumbList","@id":"https:\/\/www.kosmetikkaufhaus.de\/neues\/beauty-adventskalender-2022\/#breadcrumb","itemListElement":[{"@type":"ListItem","position":1,"name":"Startseite","item":"https:\/\/www.kosmetikkaufhaus.de\/neues\/"},{"@type":"ListItem","position":2,"name":"Beauty-Adventskalender 2022"}]},{"@type":"WebSite","@id":"https:\/\/www.kosmetikkaufhaus.de\/neues\/#website","url":"https:\/\/www.kosmetikkaufhaus.de\/neues\/","name":"kosmetikkaufhaus News","description":"Eine weitere WordPress-Website","publisher":{"@id":"https:\/\/www.kosmetikkaufhaus.de\/neues\/#organization"},"potentialAction":[{"@type":"SearchAction","target":{"@type":"EntryPoint","urlTemplate":"https:\/\/www.kosmetikkaufhaus.de\/neues\/?s={search_term_string}"},"query-input":{"@type":"PropertyValueSpecification","valueRequired":true,"valueName":"search_term_string"}}],"inLanguage":"de"},{"@type":"Organization","@id":"https:\/\/www.kosmetikkaufhaus.de\/neues\/#organization","name":"kosmetikkaufhaus News","url":"https:\/\/www.kosmetikkaufhaus.de\/neues\/","logo":{"@type":"ImageObject","inLanguage":"de","@id":"https:\/\/www.kosmetikkaufhaus.de\/neues\/#\/schema\/logo\/image\/","url":"https:\/\/www.kosmetikkaufhaus.de\/neues\/wp-content\/uploads\/2022\/11\/LogoKKH.png","contentUrl":"https:\/\/www.kosmetikkaufhaus.de\/neues\/wp-content\/uploads\/2022\/11\/LogoKKH.png","width":2833,"height":529,"caption":"kosmetikkaufhaus News"},"image":{"@id":"https:\/\/www.kosmetikkaufhaus.de\/neues\/#\/schema\/logo\/image\/"},"sameAs":["https:\/\/www.facebook.com\/kosmetikkaufhaus.de"]},{"@type":"Person","@id":"https:\/\/www.kosmetikkaufhaus.de\/neues\/#\/schema\/person\/554d2fb8c59f3fb3e1a96c0f6376fcea","name":"newsverwaltung","sameAs":["https:\/\/www.kosmetikkaufhaus.de\/neues"],"url":"https:\/\/www.kosmetikkaufhaus.de\/neues\/author\/newsverwaltung\/"}]}},"_links":{"self":[{"href":"https:\/\/www.kosmetikkaufhaus.de\/neues\/wp-json\/wp\/v2\/posts\/2977","targetHints":{"allow":["GET"]}}],"collection":[{"href":"https:\/\/www.kosmetikkaufhaus.de\/neues\/wp-json\/wp\/v2\/posts"}],"about":[{"href":"https:\/\/www.kosmetikkaufhaus.de\/neues\/wp-json\/wp\/v2\/types\/post"}],"author":[{"embeddable":true,"href":"https:\/\/www.kosmetikkaufhaus.de\/neues\/wp-json\/wp\/v2\/users\/1"}],"replies":[{"embeddable":true,"href":"https:\/\/www.kosmetikkaufhaus.de\/neues\/wp-json\/wp\/v2\/comments?post=2977"}],"version-history":[{"count":46,"href":"https:\/\/www.kosmetikkaufhaus.de\/neues\/wp-json\/wp\/v2\/posts\/2977\/revisions"}],"predecessor-version":[{"id":3091,"href":"https:\/\/www.kosmetikkaufhaus.de\/neues\/wp-json\/wp\/v2\/posts\/2977\/revisions\/3091"}],"wp:featuredmedia":[{"embeddable":true,"href":"https:\/\/www.kosmetikkaufhaus.de\/neues\/wp-json\/wp\/v2\/media\/2998"}],"wp:attachment":[{"href":"https:\/\/www.kosmetikkaufhaus.de\/neues\/wp-json\/wp\/v2\/media?parent=2977"}],"wp:term":[{"taxonomy":"category","embeddable":true,"href":"https:\/\/www.kosmetikkaufhaus.de\/neues\/wp-json\/wp\/v2\/categories?post=2977"},{"taxonomy":"post_tag","embeddable":true,"href":"https:\/\/www.kosmetikkaufhaus.de\/neues\/wp-json\/wp\/v2\/tags?post=2977"}],"curies":[{"name":"wp","href":"https:\/\/api.w.org\/{rel}","templated":true}]}}