{"id":3799,"date":"2022-12-13T16:39:51","date_gmt":"2022-12-13T15:39:51","guid":{"rendered":"https:\/\/www.kosmetikkaufhaus.de\/neues\/?p=3799"},"modified":"2022-12-16T14:07:37","modified_gmt":"2022-12-16T13:07:37","slug":"gesichtspflege-im-winter","status":"publish","type":"post","link":"https:\/\/www.kosmetikkaufhaus.de\/neues\/gesichtspflege-im-winter\/","title":{"rendered":"Gesichtspflege im Winter"},"content":{"rendered":"\t\t<div data-elementor-type=\"wp-post\" data-elementor-id=\"3799\" class=\"elementor elementor-3799\" data-elementor-post-type=\"post\">\n\t\t\t\t\t\t<section class=\"elementor-section elementor-top-section elementor-element elementor-element-54e8e0bf elementor-section-boxed elementor-section-height-default elementor-section-height-default\" data-id=\"54e8e0bf\" data-element_type=\"section\" data-e-type=\"section\">\n\t\t\t\t\t\t<div class=\"elementor-container elementor-column-gap-default\">\n\t\t\t\t\t<div class=\"elementor-column elementor-col-100 elementor-top-column elementor-element elementor-element-1d3d9d6a\" data-id=\"1d3d9d6a\" data-element_type=\"column\" data-e-type=\"column\">\n\t\t\t<div class=\"elementor-widget-wrap elementor-element-populated\">\n\t\t\t\t\t\t<div class=\"elementor-element elementor-element-77c60418 elementor-widget-divider--view-line_text elementor-widget elementor-widget-divider\" data-id=\"77c60418\" data-element_type=\"widget\" data-e-type=\"widget\" data-widget_type=\"divider.default\">\n\t\t\t\t<div class=\"elementor-widget-container\">\n\t\t\t\t\t\t\t<div class=\"elementor-divider\">\n\t\t\t<span class=\"elementor-divider-separator\">\n\t\t\t\t\t\t\t<span class=\"elementor-divider__text elementor-divider__element\">\n\t\t\t\tGesichtspflege\t\t\t\t<\/span>\n\t\t\t\t\t\t<\/span>\n\t\t<\/div>\n\t\t\t\t\t\t<\/div>\n\t\t\t\t<\/div>\n\t\t\t\t\t<\/div>\n\t\t<\/div>\n\t\t\t\t\t<\/div>\n\t\t<\/section>\n\t\t\t\t<section class=\"elementor-section elementor-top-section elementor-element elementor-element-24bd083a elementor-section-height-min-height elementor-section-full_width elementor-section-height-default elementor-section-items-middle\" data-id=\"24bd083a\" data-element_type=\"section\" data-e-type=\"section\" data-settings=\"{&quot;background_background&quot;:&quot;classic&quot;}\">\n\t\t\t\t\t\t\t<div class=\"elementor-background-overlay\"><\/div>\n\t\t\t\t\t\t\t<div class=\"elementor-container elementor-column-gap-no\">\n\t\t\t\t\t<div class=\"elementor-column elementor-col-100 elementor-top-column elementor-element elementor-element-3e9469cf\" data-id=\"3e9469cf\" data-element_type=\"column\" data-e-type=\"column\">\n\t\t\t<div class=\"elementor-widget-wrap\">\n\t\t\t\t\t\t\t<\/div>\n\t\t<\/div>\n\t\t\t\t\t<\/div>\n\t\t<\/section>\n\t\t\t\t<section class=\"elementor-section elementor-top-section elementor-element elementor-element-3bdebbe8 elementor-section-boxed elementor-section-height-default elementor-section-height-default\" data-id=\"3bdebbe8\" data-element_type=\"section\" data-e-type=\"section\">\n\t\t\t\t\t\t<div class=\"elementor-container elementor-column-gap-default\">\n\t\t\t\t\t<div class=\"elementor-column elementor-col-100 elementor-top-column elementor-element elementor-element-40b4d219\" data-id=\"40b4d219\" data-element_type=\"column\" data-e-type=\"column\">\n\t\t\t<div class=\"elementor-widget-wrap elementor-element-populated\">\n\t\t\t\t\t\t<div class=\"elementor-element elementor-element-5ef2d1b8 elementor-widget elementor-widget-text-editor\" data-id=\"5ef2d1b8\" data-element_type=\"widget\" data-e-type=\"widget\" data-widget_type=\"text-editor.default\">\n\t\t\t\t<div class=\"elementor-widget-container\">\n\t\t\t\t\t\t\t\t\t<p>\u00a9 Iryna- stock.adobe.com<\/p>\t\t\t\t\t\t\t\t<\/div>\n\t\t\t\t<\/div>\n\t\t\t\t<div class=\"elementor-element elementor-element-1707c2c8 elementor-widget elementor-widget-heading\" data-id=\"1707c2c8\" data-element_type=\"widget\" data-e-type=\"widget\" data-widget_type=\"heading.default\">\n\t\t\t\t<div class=\"elementor-widget-container\">\n\t\t\t\t\t<h1 class=\"elementor-heading-title elementor-size-default\">Gesichtspflege im Winter<\/h1>\t\t\t\t<\/div>\n\t\t\t\t<\/div>\n\t\t\t\t<div class=\"elementor-element elementor-element-7f9ed5df elementor-widget elementor-widget-heading\" data-id=\"7f9ed5df\" data-element_type=\"widget\" data-e-type=\"widget\" data-widget_type=\"heading.default\">\n\t\t\t\t<div class=\"elementor-widget-container\">\n\t\t\t\t\t<h2 class=\"elementor-heading-title elementor-size-default\">Darauf sollten Sie jetzt achten:<\/h2>\t\t\t\t<\/div>\n\t\t\t\t<\/div>\n\t\t\t\t<div class=\"elementor-element elementor-element-601c0e19 elementor-widget-divider--view-line elementor-widget elementor-widget-divider\" data-id=\"601c0e19\" data-element_type=\"widget\" data-e-type=\"widget\" data-widget_type=\"divider.default\">\n\t\t\t\t<div class=\"elementor-widget-container\">\n\t\t\t\t\t\t\t<div class=\"elementor-divider\">\n\t\t\t<span class=\"elementor-divider-separator\">\n\t\t\t\t\t\t<\/span>\n\t\t<\/div>\n\t\t\t\t\t\t<\/div>\n\t\t\t\t<\/div>\n\t\t\t\t<div class=\"elementor-element elementor-element-198f5788 elementor-drop-cap-yes elementor-drop-cap-view-default elementor-widget elementor-widget-text-editor\" data-id=\"198f5788\" data-element_type=\"widget\" data-e-type=\"widget\" data-settings=\"{&quot;drop_cap&quot;:&quot;yes&quot;}\" data-widget_type=\"text-editor.default\">\n\t\t\t\t<div class=\"elementor-widget-container\">\n\t\t\t\t\t\t\t\t\t<p>Unsere Haut hat es im Winter nicht leicht: der stetige Wechsel von eisiger K\u00e4lte in wohlig, warme Heizungsluft bedeutet f\u00fcr unsere Haut harte Arbeit. Gerade die trockene Luft in gut beheizten R\u00e4umen setzt unserem Teint so richtig zu. Spannungsgef\u00fchle und juckende, trockene Winterhaut ist daher keine \u00dcberraschung. \u00a0Wir verraten Ihnen auf was es bei der Gesichtspflege im Winter wirklich ankommt.<\/p>\t\t\t\t\t\t\t\t<\/div>\n\t\t\t\t<\/div>\n\t\t\t\t<div class=\"elementor-element elementor-element-5d53cbf5 elementor-widget-divider--view-line elementor-widget elementor-widget-divider\" data-id=\"5d53cbf5\" data-element_type=\"widget\" data-e-type=\"widget\" data-widget_type=\"divider.default\">\n\t\t\t\t<div class=\"elementor-widget-container\">\n\t\t\t\t\t\t\t<div class=\"elementor-divider\">\n\t\t\t<span class=\"elementor-divider-separator\">\n\t\t\t\t\t\t<\/span>\n\t\t<\/div>\n\t\t\t\t\t\t<\/div>\n\t\t\t\t<\/div>\n\t\t\t\t<div class=\"elementor-element elementor-element-165f9058 elementor-position-inline-start elementor-view-default elementor-mobile-position-block-start elementor-widget elementor-widget-icon-box\" data-id=\"165f9058\" data-element_type=\"widget\" data-e-type=\"widget\" data-widget_type=\"icon-box.default\">\n\t\t\t\t<div class=\"elementor-widget-container\">\n\t\t\t\t\t\t\t<div class=\"elementor-icon-box-wrapper\">\n\n\t\t\t\t\t\t<div class=\"elementor-icon-box-icon\">\n\t\t\t\t<span  class=\"elementor-icon\">\n\t\t\t\t<i aria-hidden=\"true\" class=\"far fa-lightbulb\"><\/i>\t\t\t\t<\/span>\n\t\t\t<\/div>\n\t\t\t\n\t\t\t\t\t\t<div class=\"elementor-icon-box-content\">\n\n\t\t\t\t\t\t\t\t\t<h3 class=\"elementor-icon-box-title\">\n\t\t\t\t\t\t<span  >\n\t\t\t\t\t\t\tWarum ist unsere Haut im Winter besonders trocken:\t\t\t\t\t\t<\/span>\n\t\t\t\t\t<\/h3>\n\t\t\t\t\n\t\t\t\t\t\t\t\t\t<p class=\"elementor-icon-box-description\">\n\t\t\t\t\t\tDie Haut produziert im Winter deutlich weniger Talg. Dadurch wird die nat\u00fcrliche Hautbarriere, also der Schutzschild der Haut, sp\u00fcrbar d\u00fcnner.  Ohne die sch\u00fctzende Fettschicht, verliert unsere Haut die dringend ben\u00f6tigte Feuchtigkeit. Eine entsprechende Hautpflege bewahrt Ihre Haut auch im Winter vor dem Austrocknen.\t\t\t\t\t<\/p>\n\t\t\t\t\n\t\t\t<\/div>\n\t\t\t\n\t\t<\/div>\n\t\t\t\t\t\t<\/div>\n\t\t\t\t<\/div>\n\t\t\t\t<div class=\"elementor-element elementor-element-caa0bc4 elementor-toc--minimized-on-tablet elementor-widget elementor-widget-table-of-contents\" data-id=\"caa0bc4\" data-element_type=\"widget\" data-e-type=\"widget\" data-settings=\"{&quot;headings_by_tags&quot;:[&quot;h2&quot;],&quot;exclude_headings_by_selector&quot;:[],&quot;marker_view&quot;:&quot;bullets&quot;,&quot;icon&quot;:{&quot;value&quot;:&quot;fas fa-circle&quot;,&quot;library&quot;:&quot;fa-solid&quot;},&quot;no_headings_message&quot;:&quot;Es wurden keine \\u00dcberschriften auf dieser Seite gefunden.&quot;,&quot;minimize_box&quot;:&quot;yes&quot;,&quot;minimized_on&quot;:&quot;tablet&quot;,&quot;hierarchical_view&quot;:&quot;yes&quot;,&quot;min_height&quot;:{&quot;unit&quot;:&quot;px&quot;,&quot;size&quot;:&quot;&quot;,&quot;sizes&quot;:[]},&quot;min_height_tablet&quot;:{&quot;unit&quot;:&quot;px&quot;,&quot;size&quot;:&quot;&quot;,&quot;sizes&quot;:[]},&quot;min_height_mobile&quot;:{&quot;unit&quot;:&quot;px&quot;,&quot;size&quot;:&quot;&quot;,&quot;sizes&quot;:[]}}\" data-widget_type=\"table-of-contents.default\">\n\t\t\t\t<div class=\"elementor-widget-container\">\n\t\t\t\t\t\t\t\t\t<div class=\"elementor-toc__header\">\n\t\t\t\t\t\t<h4 class=\"elementor-toc__header-title\">\n\t\t\t\tInhalt\t\t\t<\/h4>\n\t\t\t\t\t\t\t\t\t\t<div class=\"elementor-toc__toggle-button elementor-toc__toggle-button--expand\" role=\"button\" tabindex=\"0\" aria-controls=\"elementor-toc__caa0bc4\" aria-expanded=\"true\" aria-label=\"Inhaltsverzeichnis \u00f6ffnen\"><i aria-hidden=\"true\" class=\"fas fa-chevron-down\"><\/i><\/div>\n\t\t\t\t<div class=\"elementor-toc__toggle-button elementor-toc__toggle-button--collapse\" role=\"button\" tabindex=\"0\" aria-controls=\"elementor-toc__caa0bc4\" aria-expanded=\"true\" aria-label=\"Inhaltsverzeichnis schlie\u00dfen\"><i aria-hidden=\"true\" class=\"fas fa-chevron-up\"><\/i><\/div>\n\t\t\t\t\t<\/div>\n\t\t\t\t<div id=\"elementor-toc__caa0bc4\" class=\"elementor-toc__body\">\n\t\t\t<div class=\"elementor-toc__spinner-container\">\n\t\t\t\t<i class=\"elementor-toc__spinner eicon-animation-spin eicon-loading\" aria-hidden=\"true\"><\/i>\t\t\t<\/div>\n\t\t<\/div>\n\t\t\t\t\t\t<\/div>\n\t\t\t\t<\/div>\n\t\t\t\t<div class=\"elementor-element elementor-element-47c2966f elementor-widget elementor-widget-heading\" data-id=\"47c2966f\" data-element_type=\"widget\" data-e-type=\"widget\" data-widget_type=\"heading.default\">\n\t\t\t\t<div class=\"elementor-widget-container\">\n\t\t\t\t\t<h2 class=\"elementor-heading-title elementor-size-default\">Sanfte Reinigung<\/h2>\t\t\t\t<\/div>\n\t\t\t\t<\/div>\n\t\t\t\t<div class=\"elementor-element elementor-element-5154236e elementor-widget elementor-widget-text-editor\" data-id=\"5154236e\" data-element_type=\"widget\" data-e-type=\"widget\" data-widget_type=\"text-editor.default\">\n\t\t\t\t<div class=\"elementor-widget-container\">\n\t\t\t\t\t\t\t\t\t<p>Die Basis Ihrer Hautpflege ist die passende Gesichtsreinigung. Neben Ihren pers\u00f6nlichen Vorlieben f\u00fcr die Art des Reinigungsprodukts \u2013 spielt die Ber\u00fccksichtigung Ihres Hauttyps eine Rolle. Dabei ist zu beachten:<\/p><p>F\u00fcr trockene Haut eignet sich eine Reinigungsmilch, ein Reinigungsbalsam oder ein Reinigungs\u00f6l. Ein Reinigungsgel oder ein Reinigungsschaum empfiehlt sich bei normaler, fettiger Haut oder Mischhaut. Sensible Haut reinigen Sie am besten mit einer Reinigungscreme.<\/p>\t\t\t\t\t\t\t\t<\/div>\n\t\t\t\t<\/div>\n\t\t\t\t<div class=\"elementor-element elementor-element-f585b9f elementor-widget elementor-widget-heading\" data-id=\"f585b9f\" data-element_type=\"widget\" data-e-type=\"widget\" data-widget_type=\"heading.default\">\n\t\t\t\t<div class=\"elementor-widget-container\">\n\t\t\t\t\t<h2 class=\"elementor-heading-title elementor-size-default\">Gesichtspeelings<\/h2>\t\t\t\t<\/div>\n\t\t\t\t<\/div>\n\t\t\t\t<div class=\"elementor-element elementor-element-329dc01 elementor-widget elementor-widget-text-editor\" data-id=\"329dc01\" data-element_type=\"widget\" data-e-type=\"widget\" data-widget_type=\"text-editor.default\">\n\t\t\t\t<div class=\"elementor-widget-container\">\n\t\t\t\t\t\t\t\t\t<p>In den lichtarmen Wintermonaten bieten sich je nach Hauttyp und Hautzustand Fruchts\u00e4ure Peelings zur Gesichtspflege im Winter an. Ist Ihre Haut allerdings gestresst, greifen Sie lieber zu einem sanftem Enzyme Peeling. Wenn Sie mehr \u00fcber die verschiedenen Peeling-Arten erfahren m\u00f6chten, klicken Sie <a href=\"https:\/\/www.kosmetikkaufhaus.de\/neues\/peeling_guide\/\" target=\"_blank\" rel=\"noopener\">hier<\/a>. In unserem Peeling-Guide verraten wir Ihnen alles, was Sie \u00fcber Gesichtspeelings wissen m\u00fcssen.<\/p>\t\t\t\t\t\t\t\t<\/div>\n\t\t\t\t<\/div>\n\t\t\t\t<div class=\"elementor-element elementor-element-6da711a elementor-align-justify elementor-widget__width-auto elementor-widget elementor-widget-button\" data-id=\"6da711a\" data-element_type=\"widget\" data-e-type=\"widget\" data-widget_type=\"button.default\">\n\t\t\t\t<div class=\"elementor-widget-container\">\n\t\t\t\t\t\t\t\t\t<div class=\"elementor-button-wrapper\">\n\t\t\t\t\t<a class=\"elementor-button elementor-button-link elementor-size-xs\" href=\"https:\/\/www.kosmetikkaufhaus.de\/neues\/peeling_guide\/\">\n\t\t\t\t\t\t<span class=\"elementor-button-content-wrapper\">\n\t\t\t\t\t\t\t\t\t<span class=\"elementor-button-text\">Peeling-Guide<\/span>\n\t\t\t\t\t<\/span>\n\t\t\t\t\t<\/a>\n\t\t\t\t<\/div>\n\t\t\t\t\t\t\t\t<\/div>\n\t\t\t\t<\/div>\n\t\t\t\t<div class=\"elementor-element elementor-element-40ebb71 elementor-widget elementor-widget-heading\" data-id=\"40ebb71\" data-element_type=\"widget\" data-e-type=\"widget\" data-widget_type=\"heading.default\">\n\t\t\t\t<div class=\"elementor-widget-container\">\n\t\t\t\t\t<h2 class=\"elementor-heading-title elementor-size-default\">Gesichtspflege im Winter - Die richtige Creme<\/h2>\t\t\t\t<\/div>\n\t\t\t\t<\/div>\n\t\t\t\t<div class=\"elementor-element elementor-element-38302b7 elementor-widget elementor-widget-text-editor\" data-id=\"38302b7\" data-element_type=\"widget\" data-e-type=\"widget\" data-widget_type=\"text-editor.default\">\n\t\t\t\t<div class=\"elementor-widget-container\">\n\t\t\t\t\t\t\t\t\t<p>Bei einem Wechsel der Pflegeprodukte steht auch hier Ihr Hauttyp nat\u00fcrlich trotzdem im Vordergrund. Fettige, \u00f6lige Haut ben\u00f6tigt im Verh\u00e4ltnis weiterhin mehr Feuchtigkeit als Fett. Normale oder trockene Haut dagegen freut sich jetzt \u00fcber eine reichhaltigere Pflege mit mehr Fettanteil.<\/p>\t\t\t\t\t\t\t\t<\/div>\n\t\t\t\t<\/div>\n\t\t\t\t<div class=\"elementor-element elementor-element-b5667ab elementor-position-inline-start elementor-view-default elementor-mobile-position-block-start elementor-widget elementor-widget-icon-box\" data-id=\"b5667ab\" data-element_type=\"widget\" data-e-type=\"widget\" data-widget_type=\"icon-box.default\">\n\t\t\t\t<div class=\"elementor-widget-container\">\n\t\t\t\t\t\t\t<div class=\"elementor-icon-box-wrapper\">\n\n\t\t\t\t\t\t<div class=\"elementor-icon-box-icon\">\n\t\t\t\t<span  class=\"elementor-icon\">\n\t\t\t\t<i aria-hidden=\"true\" class=\"fas fa-exclamation\"><\/i>\t\t\t\t<\/span>\n\t\t\t<\/div>\n\t\t\t\n\t\t\t\t\t\t<div class=\"elementor-icon-box-content\">\n\n\t\t\t\t\t\t\t\t\t<h3 class=\"elementor-icon-box-title\">\n\t\t\t\t\t\t<span  >\n\t\t\t\t\t\t\tVorsicht\t\t\t\t\t\t<\/span>\n\t\t\t\t\t<\/h3>\n\t\t\t\t\n\t\t\t\t\t\t\t\t\t<p class=\"elementor-icon-box-description\">\n\t\t\t\t\t\tSinken die Temperaturen unter 0\u00b0 Celsius, k\u00f6nnen Cremes mit hohem Wassergehalt auf der Haut gefrieren.\t\t\t\t\t<\/p>\n\t\t\t\t\n\t\t\t<\/div>\n\t\t\t\n\t\t<\/div>\n\t\t\t\t\t\t<\/div>\n\t\t\t\t<\/div>\n\t\t\t\t<div class=\"elementor-element elementor-element-e9e5b50 elementor-widget elementor-widget-text-editor\" data-id=\"e9e5b50\" data-element_type=\"widget\" data-e-type=\"widget\" data-widget_type=\"text-editor.default\">\n\t\t\t\t<div class=\"elementor-widget-container\">\n\t\t\t\t\t\t\t\t\t<p><a href=\"https:\/\/www.kosmetikkaufhaus.de\/detail=5=PHY7823=Phyris=Cocooning-Cream.php\"><img decoding=\"async\" class=\"alignleft wp-image-3844\" style=\"margin-top: 0.857143rem; margin-right: 1.71429rem; margin-bottom: 0.857143rem;\" src=\"https:\/\/www.kosmetikkaufhaus.de\/neues\/wp-content\/uploads\/2022\/12\/7823_cocooning_cream_75ml_2022-113x300.png\" alt=\"Phyris Cocooning Creme - Gesichtspflege im Winter \" width=\"77\" height=\"204\" srcset=\"https:\/\/www.kosmetikkaufhaus.de\/neues\/wp-content\/uploads\/2022\/12\/7823_cocooning_cream_75ml_2022-113x300.png 113w, https:\/\/www.kosmetikkaufhaus.de\/neues\/wp-content\/uploads\/2022\/12\/7823_cocooning_cream_75ml_2022-384x1024.png 384w, https:\/\/www.kosmetikkaufhaus.de\/neues\/wp-content\/uploads\/2022\/12\/7823_cocooning_cream_75ml_2022-576x1536.png 576w, https:\/\/www.kosmetikkaufhaus.de\/neues\/wp-content\/uploads\/2022\/12\/7823_cocooning_cream_75ml_2022.png 600w\" sizes=\"(max-width: 77px) 100vw, 77px\" \/><\/a><\/p><p>Die reichhaltige Pflege von PHYRIS kommt immer dann zum Einsatz, wenn Ihre Haut einen besonderen Schutz\u00a0 ben\u00f6tigt. Externe klimatische Faktoren wie frostige Temperaturen oder Wind k\u00f6nnen die Haut strapazieren und austrocknen. Sie spannt und f\u00fchlt sich rau an. Die reichhaltige Creme pflegt die Haut mit wertvollen Lipiden und sch\u00fctzt die Haut wie ein Schild.\u00a0 Trockene, raue Haut bekommt mit der Cocooning Cream ihr Wohlgef\u00fchl zur\u00fcck.<\/p><p><a href=\"https:\/\/www.kosmetikkaufhaus.de\/detail=14=DEY516=Deynique=Aloe-Vera-Wintercreme-SPF-15.php\"><img decoding=\"async\" class=\"alignright wp-image-3849\" style=\"margin-top: 0.857143rem; margin-bottom: 0.857143rem; margin-left: 1.71429rem;\" src=\"https:\/\/www.kosmetikkaufhaus.de\/neues\/wp-content\/uploads\/2022\/12\/516_aloevera_wintercream_50ml_ados4hIUWaHRtn-145x300.png\" alt=\"Deynique Wintercreme mit LSF - Gesichtspflege im Winter\" width=\"120\" height=\"248\" srcset=\"https:\/\/www.kosmetikkaufhaus.de\/neues\/wp-content\/uploads\/2022\/12\/516_aloevera_wintercream_50ml_ados4hIUWaHRtn-145x300.png 145w, https:\/\/www.kosmetikkaufhaus.de\/neues\/wp-content\/uploads\/2022\/12\/516_aloevera_wintercream_50ml_ados4hIUWaHRtn.png 252w\" sizes=\"(max-width: 120px) 100vw, 120px\" \/><\/a><\/p><p>Die &#8222;Aloe Vera Wintercreme&#8220; von Deynique ist ein ausgezeichneter Intensivschutz gegen \u00e4u\u00dfere Einfl\u00fcsse. Sie legt sich sie ein Mantel um die Haut. So mildert die den Degenerationsprozess, verhindert das Austrocknen der Haut und wirkt R\u00f6tungen und K\u00e4ltesch\u00e4den entgegen. Au\u00dferdem bringt sie auch einen Lichtschutzfaktor mit. Das macht sie zur idealen Creme f\u00fcr Freizeitaktivit\u00e4ten im Winter.<\/p><p><strong><a href=\"https:\/\/www.kosmetikkaufhaus.de\/detail=54=MG21173=Martina-Gebhardt=Intensive-Care-Primrose-Caps-40-Caps.php\"><img decoding=\"async\" class=\"alignleft wp-image-3859 size-full\" src=\"https:\/\/www.kosmetikkaufhaus.de\/neues\/wp-content\/uploads\/2022\/12\/MG21173_d.png\" alt=\"Pflegekapseln von martina gebhardt\" width=\"102\" height=\"200\" \/><\/a><\/strong><\/p><p><strong>TIPP: <\/strong>Mit Pflegekapseln k\u00f6nnen Sie die Reichhaltigkeit Ihrer Creme erh\u00f6hen! Geben Sie einfach den Inhalt einer Kapsel vor dem Auftragen der Creme in die Handinnenfl\u00e4che und vermischen beides miteinander.<\/p><p>Die Primrose Caps von Martina Gebhardt sorgen f\u00fcr eine Intensivpflege aus feinen \u00d6len, die sich besonders f\u00fcr empfindliche und trockene Haut eignet. Diese k\u00f6nnen Sie mit jeder Tagescreme mischen!<\/p>\t\t\t\t\t\t\t\t<\/div>\n\t\t\t\t<\/div>\n\t\t\t\t<div class=\"elementor-element elementor-element-42ef890 elementor-widget elementor-widget-heading\" data-id=\"42ef890\" data-element_type=\"widget\" data-e-type=\"widget\" data-widget_type=\"heading.default\">\n\t\t\t\t<div class=\"elementor-widget-container\">\n\t\t\t\t\t<h2 class=\"elementor-heading-title elementor-size-default\">Hautpflege im Winter bei Couperose<\/h2>\t\t\t\t<\/div>\n\t\t\t\t<\/div>\n\t\t\t\t<div class=\"elementor-element elementor-element-d9758b3 elementor-widget elementor-widget-text-editor\" data-id=\"d9758b3\" data-element_type=\"widget\" data-e-type=\"widget\" data-widget_type=\"text-editor.default\">\n\t\t\t\t<div class=\"elementor-widget-container\">\n\t\t\t\t\t\t\t\t\t<p><a href=\"https:\/\/www.kosmetikkaufhaus.de\/detail=2=BNN7321716=Binella=Couperose-Protection-Cream.php\"><img loading=\"lazy\" decoding=\"async\" class=\"alignleft wp-image-3858\" style=\"margin-top: 0.857143rem; margin-right: 1.71429rem; margin-bottom: 0.857143rem;\" src=\"https:\/\/www.kosmetikkaufhaus.de\/neues\/wp-content\/uploads\/2022\/12\/BNN7321716-1-127x300.png\" alt=\"Couperose Winterpflege\" width=\"113\" height=\"267\" srcset=\"https:\/\/www.kosmetikkaufhaus.de\/neues\/wp-content\/uploads\/2022\/12\/BNN7321716-1-127x300.png 127w, https:\/\/www.kosmetikkaufhaus.de\/neues\/wp-content\/uploads\/2022\/12\/BNN7321716-1.png 403w\" sizes=\"(max-width: 113px) 100vw, 113px\" \/><\/a><\/p><p>Sichtbare rote \u00c4derchen sind typisch f\u00fcr Couperose. Erweiterte Blutgef\u00e4\u00dfe werden auf der Oberfl\u00e4che der Haut sichtbar und entstehen durch Blutstauungen. Mit der Zeit verlieren die Gef\u00e4\u00dfe ihre Elastizit\u00e4t und bleiben dauerhaft geweitet.<\/p><p>Wenn sie sich mit zu viel Blut f\u00fcllen, bilden sich im Gesicht, auf Nase und Wangen ein feines, sichtbares Adergeflecht und R\u00f6tungen.<\/p><p><strong>Im Winter wird dies durch Temperaturschwankungen und Umwelteinfl\u00fcsse zus\u00e4tzlich verst\u00e4rkt.<\/strong><\/p><p>Die Couperose Protection Cream von Binella sorgt selbst bei h\u00e4ufigem Temperaturwechsel f\u00fcr eine weitestgehend konstante Hauttemperatur. Sie st\u00e4rkt und kr\u00e4ftigt die feinen Gef\u00e4\u00dfw\u00e4nde und beh\u00fctet die zu roten \u00c4derchen neigende Haut.<\/p>\t\t\t\t\t\t\t\t<\/div>\n\t\t\t\t<\/div>\n\t\t\t\t<div class=\"elementor-element elementor-element-18fba3c elementor-widget elementor-widget-heading\" data-id=\"18fba3c\" data-element_type=\"widget\" data-e-type=\"widget\" data-widget_type=\"heading.default\">\n\t\t\t\t<div class=\"elementor-widget-container\">\n\t\t\t\t\t<h2 class=\"elementor-heading-title elementor-size-default\">Dos &amp; Don\u00b4ts - Hautpflege im Winter<\/h2>\t\t\t\t<\/div>\n\t\t\t\t<\/div>\n\t\t\t\t<div class=\"elementor-element elementor-element-950aefd elementor-icon-list--layout-traditional elementor-list-item-link-full_width elementor-widget elementor-widget-icon-list\" data-id=\"950aefd\" data-element_type=\"widget\" data-e-type=\"widget\" data-widget_type=\"icon-list.default\">\n\t\t\t\t<div class=\"elementor-widget-container\">\n\t\t\t\t\t\t\t<ul class=\"elementor-icon-list-items\">\n\t\t\t\t\t\t\t<li class=\"elementor-icon-list-item\">\n\t\t\t\t\t\t\t\t\t\t\t<span class=\"elementor-icon-list-icon\">\n\t\t\t\t\t\t\t<i aria-hidden=\"true\" class=\"far fa-check-circle\"><\/i>\t\t\t\t\t\t<\/span>\n\t\t\t\t\t\t\t\t\t\t<span class=\"elementor-icon-list-text\">Zur Gesichtsreinigung lauwarmes Wasser verwenden.<\/span>\n\t\t\t\t\t\t\t\t\t<\/li>\n\t\t\t\t\t\t\t\t<li class=\"elementor-icon-list-item\">\n\t\t\t\t\t\t\t\t\t\t\t<span class=\"elementor-icon-list-icon\">\n\t\t\t\t\t\t\t<i aria-hidden=\"true\" class=\"far fa-check-circle\"><\/i>\t\t\t\t\t\t<\/span>\n\t\t\t\t\t\t\t\t\t\t<span class=\"elementor-icon-list-text\">Lippenpflege auftragen<\/span>\n\t\t\t\t\t\t\t\t\t<\/li>\n\t\t\t\t\t\t\t\t<li class=\"elementor-icon-list-item\">\n\t\t\t\t\t\t\t\t\t\t\t<span class=\"elementor-icon-list-icon\">\n\t\t\t\t\t\t\t<i aria-hidden=\"true\" class=\"far fa-check-circle\"><\/i>\t\t\t\t\t\t<\/span>\n\t\t\t\t\t\t\t\t\t\t<span class=\"elementor-icon-list-text\">Sonnenschutz nicht vergessen<\/span>\n\t\t\t\t\t\t\t\t\t<\/li>\n\t\t\t\t\t\t<\/ul>\n\t\t\t\t\t\t<\/div>\n\t\t\t\t<\/div>\n\t\t\t\t<div class=\"elementor-element elementor-element-c34718d elementor-icon-list--layout-traditional elementor-list-item-link-full_width elementor-widget elementor-widget-icon-list\" data-id=\"c34718d\" data-element_type=\"widget\" data-e-type=\"widget\" data-widget_type=\"icon-list.default\">\n\t\t\t\t<div class=\"elementor-widget-container\">\n\t\t\t\t\t\t\t<ul class=\"elementor-icon-list-items\">\n\t\t\t\t\t\t\t<li class=\"elementor-icon-list-item\">\n\t\t\t\t\t\t\t\t\t\t\t<span class=\"elementor-icon-list-icon\">\n\t\t\t\t\t\t\t<i aria-hidden=\"true\" class=\"far fa-times-circle\"><\/i>\t\t\t\t\t\t<\/span>\n\t\t\t\t\t\t\t\t\t\t<span class=\"elementor-icon-list-text\">Zu hei\u00df baden oder duschen.<\/span>\n\t\t\t\t\t\t\t\t\t<\/li>\n\t\t\t\t\t\t\t\t<li class=\"elementor-icon-list-item\">\n\t\t\t\t\t\t\t\t\t\t\t<span class=\"elementor-icon-list-icon\">\n\t\t\t\t\t\t\t<i aria-hidden=\"true\" class=\"far fa-times-circle\"><\/i>\t\t\t\t\t\t<\/span>\n\t\t\t\t\t\t\t\t\t\t<span class=\"elementor-icon-list-text\">Kratzige Stoffe auf der Haut<\/span>\n\t\t\t\t\t\t\t\t\t<\/li>\n\t\t\t\t\t\t\t\t<li class=\"elementor-icon-list-item\">\n\t\t\t\t\t\t\t\t\t\t\t<span class=\"elementor-icon-list-icon\">\n\t\t\t\t\t\t\t<i aria-hidden=\"true\" class=\"far fa-times-circle\"><\/i>\t\t\t\t\t\t<\/span>\n\t\t\t\t\t\t\t\t\t\t<span class=\"elementor-icon-list-text\">Zu wenig Wasser trinken<\/span>\n\t\t\t\t\t\t\t\t\t<\/li>\n\t\t\t\t\t\t<\/ul>\n\t\t\t\t\t\t<\/div>\n\t\t\t\t<\/div>\n\t\t\t\t\t<\/div>\n\t\t<\/div>\n\t\t\t\t\t<\/div>\n\t\t<\/section>\n\t\t\t\t<section class=\"elementor-section elementor-top-section elementor-element elementor-element-7318f2a1 elementor-section-boxed elementor-section-height-default elementor-section-height-default\" data-id=\"7318f2a1\" data-element_type=\"section\" data-e-type=\"section\">\n\t\t\t\t\t\t<div class=\"elementor-container elementor-column-gap-default\">\n\t\t\t\t\t<div class=\"elementor-column elementor-col-100 elementor-top-column elementor-element elementor-element-79bb1190\" data-id=\"79bb1190\" data-element_type=\"column\" data-e-type=\"column\">\n\t\t\t<div class=\"elementor-widget-wrap elementor-element-populated\">\n\t\t\t\t\t\t<div class=\"elementor-element elementor-element-d7b906e elementor-widget elementor-widget-text-editor\" data-id=\"d7b906e\" data-element_type=\"widget\" data-e-type=\"widget\" data-widget_type=\"text-editor.default\">\n\t\t\t\t<div class=\"elementor-widget-container\">\n\t\t\t\t\t\t\t\t\t<p>Jetzt teilen:<\/p>\t\t\t\t\t\t\t\t<\/div>\n\t\t\t\t<\/div>\n\t\t\t\t<div class=\"elementor-element elementor-element-27e511cd elementor-share-buttons--view-icon elementor-share-buttons--shape-circle elementor-share-buttons--color-custom elementor-grid-mobile-0 elementor-share-buttons--skin-gradient elementor-grid-0 elementor-widget elementor-widget-share-buttons\" data-id=\"27e511cd\" data-element_type=\"widget\" data-e-type=\"widget\" data-widget_type=\"share-buttons.default\">\n\t\t\t\t<div class=\"elementor-widget-container\">\n\t\t\t\t\t\t\t<div class=\"elementor-grid\" role=\"list\">\n\t\t\t\t\t\t\t\t<div class=\"elementor-grid-item\" role=\"listitem\">\n\t\t\t\t\t\t<div class=\"elementor-share-btn elementor-share-btn_facebook\" role=\"button\" tabindex=\"0\" aria-label=\"Teilen auf facebook\">\n\t\t\t\t\t\t\t\t\t\t\t\t\t\t\t<span class=\"elementor-share-btn__icon\">\n\t\t\t\t\t\t\t\t<i class=\"fab fa-facebook\" aria-hidden=\"true\"><\/i>\t\t\t\t\t\t\t<\/span>\n\t\t\t\t\t\t\t\t\t\t\t\t\t\t\t\t\t\t\t\t<\/div>\n\t\t\t\t\t<\/div>\n\t\t\t\t\t\t\t\t\t<div class=\"elementor-grid-item\" role=\"listitem\">\n\t\t\t\t\t\t<div class=\"elementor-share-btn elementor-share-btn_twitter\" role=\"button\" tabindex=\"0\" aria-label=\"Teilen auf twitter\">\n\t\t\t\t\t\t\t\t\t\t\t\t\t\t\t<span class=\"elementor-share-btn__icon\">\n\t\t\t\t\t\t\t\t<i class=\"fab fa-twitter\" aria-hidden=\"true\"><\/i>\t\t\t\t\t\t\t<\/span>\n\t\t\t\t\t\t\t\t\t\t\t\t\t\t\t\t\t\t\t\t<\/div>\n\t\t\t\t\t<\/div>\n\t\t\t\t\t\t\t\t\t<div class=\"elementor-grid-item\" role=\"listitem\">\n\t\t\t\t\t\t<div class=\"elementor-share-btn elementor-share-btn_pinterest\" role=\"button\" tabindex=\"0\" aria-label=\"Teilen auf pinterest\">\n\t\t\t\t\t\t\t\t\t\t\t\t\t\t\t<span class=\"elementor-share-btn__icon\">\n\t\t\t\t\t\t\t\t<i class=\"fab fa-pinterest\" aria-hidden=\"true\"><\/i>\t\t\t\t\t\t\t<\/span>\n\t\t\t\t\t\t\t\t\t\t\t\t\t\t\t\t\t\t\t\t<\/div>\n\t\t\t\t\t<\/div>\n\t\t\t\t\t\t\t\t\t<div class=\"elementor-grid-item\" role=\"listitem\">\n\t\t\t\t\t\t<div class=\"elementor-share-btn elementor-share-btn_whatsapp\" role=\"button\" tabindex=\"0\" aria-label=\"Teilen auf whatsapp\">\n\t\t\t\t\t\t\t\t\t\t\t\t\t\t\t<span class=\"elementor-share-btn__icon\">\n\t\t\t\t\t\t\t\t<i class=\"fab fa-whatsapp\" aria-hidden=\"true\"><\/i>\t\t\t\t\t\t\t<\/span>\n\t\t\t\t\t\t\t\t\t\t\t\t\t\t\t\t\t\t\t\t<\/div>\n\t\t\t\t\t<\/div>\n\t\t\t\t\t\t\t\t\t<div class=\"elementor-grid-item\" role=\"listitem\">\n\t\t\t\t\t\t<div class=\"elementor-share-btn elementor-share-btn_telegram\" role=\"button\" tabindex=\"0\" aria-label=\"Teilen auf telegram\">\n\t\t\t\t\t\t\t\t\t\t\t\t\t\t\t<span class=\"elementor-share-btn__icon\">\n\t\t\t\t\t\t\t\t<i class=\"fab fa-telegram\" aria-hidden=\"true\"><\/i>\t\t\t\t\t\t\t<\/span>\n\t\t\t\t\t\t\t\t\t\t\t\t\t\t\t\t\t\t\t\t<\/div>\n\t\t\t\t\t<\/div>\n\t\t\t\t\t\t<\/div>\n\t\t\t\t\t\t<\/div>\n\t\t\t\t<\/div>\n\t\t\t\t\t<\/div>\n\t\t<\/div>\n\t\t\t\t\t<\/div>\n\t\t<\/section>\n\t\t\t\t<section class=\"elementor-section elementor-top-section elementor-element elementor-element-75097969 elementor-section-boxed elementor-section-height-default elementor-section-height-default\" data-id=\"75097969\" data-element_type=\"section\" data-e-type=\"section\" data-settings=\"{&quot;background_background&quot;:&quot;classic&quot;}\">\n\t\t\t\t\t\t<div class=\"elementor-container elementor-column-gap-default\">\n\t\t\t\t\t<div class=\"elementor-column elementor-col-100 elementor-top-column elementor-element elementor-element-371c77a9\" data-id=\"371c77a9\" data-element_type=\"column\" data-e-type=\"column\">\n\t\t\t<div class=\"elementor-widget-wrap elementor-element-populated\">\n\t\t\t\t\t\t<div class=\"elementor-element elementor-element-4be44d25 elementor-grid-4 elementor-grid-tablet-2 elementor-grid-mobile-1 elementor-posts--thumbnail-top elementor-widget elementor-widget-posts\" data-id=\"4be44d25\" data-element_type=\"widget\" data-e-type=\"widget\" data-settings=\"{&quot;classic_columns&quot;:&quot;4&quot;,&quot;classic_columns_tablet&quot;:&quot;2&quot;,&quot;classic_columns_mobile&quot;:&quot;1&quot;,&quot;classic_row_gap&quot;:{&quot;unit&quot;:&quot;px&quot;,&quot;size&quot;:35,&quot;sizes&quot;:[]},&quot;classic_row_gap_tablet&quot;:{&quot;unit&quot;:&quot;px&quot;,&quot;size&quot;:&quot;&quot;,&quot;sizes&quot;:[]},&quot;classic_row_gap_mobile&quot;:{&quot;unit&quot;:&quot;px&quot;,&quot;size&quot;:&quot;&quot;,&quot;sizes&quot;:[]}}\" data-widget_type=\"posts.classic\">\n\t\t\t\t<div class=\"elementor-widget-container\">\n\t\t\t\t\t\t\t<div class=\"elementor-posts-container elementor-posts elementor-posts--skin-classic elementor-grid\" role=\"list\">\n\t\t\t\t<article class=\"elementor-post elementor-grid-item post-5273 post type-post status-publish format-standard has-post-thumbnail hentry category-trends\" role=\"listitem\">\n\t\t\t\t<a class=\"elementor-post__thumbnail__link\" href=\"https:\/\/www.kosmetikkaufhaus.de\/neues\/mocha-mousse\/\" tabindex=\"-1\" >\n\t\t\t<div class=\"elementor-post__thumbnail\"><img loading=\"lazy\" decoding=\"async\" width=\"625\" height=\"226\" src=\"https:\/\/www.kosmetikkaufhaus.de\/neues\/wp-content\/uploads\/2025\/01\/trendfarbe-mocha-mousse-2025-768x278.jpg\" class=\"attachment-medium_large size-medium_large wp-image-5295\" alt=\"\" srcset=\"https:\/\/www.kosmetikkaufhaus.de\/neues\/wp-content\/uploads\/2025\/01\/trendfarbe-mocha-mousse-2025-768x278.jpg 768w, https:\/\/www.kosmetikkaufhaus.de\/neues\/wp-content\/uploads\/2025\/01\/trendfarbe-mocha-mousse-2025-300x108.jpg 300w, https:\/\/www.kosmetikkaufhaus.de\/neues\/wp-content\/uploads\/2025\/01\/trendfarbe-mocha-mousse-2025-624x225.jpg 624w, https:\/\/www.kosmetikkaufhaus.de\/neues\/wp-content\/uploads\/2025\/01\/trendfarbe-mocha-mousse-2025.jpg 1024w\" sizes=\"(max-width: 625px) 100vw, 625px\" \/><\/div>\n\t\t<\/a>\n\t\t\t\t<div class=\"elementor-post__text\">\n\t\t\t\t<h3 class=\"elementor-post__title\">\n\t\t\t<a href=\"https:\/\/www.kosmetikkaufhaus.de\/neues\/mocha-mousse\/\" >\n\t\t\t\tMocha Mousse: Die Farbe des Jahres 2025\t\t\t<\/a>\n\t\t<\/h3>\n\t\t\t\t<div class=\"elementor-post__meta-data\">\n\t\t\t\t\t<span class=\"elementor-post-date\">\n\t\t\t15. Januar 2025\t\t<\/span>\n\t\t\t\t<\/div>\n\t\t\t\t<\/div>\n\t\t\t\t<\/article>\n\t\t\t\t<article class=\"elementor-post elementor-grid-item post-4819 post type-post status-publish format-standard has-post-thumbnail hentry category-gesichtspflege\" role=\"listitem\">\n\t\t\t\t<a class=\"elementor-post__thumbnail__link\" href=\"https:\/\/www.kosmetikkaufhaus.de\/neues\/gesichtspflege-im-sommer-ihr-ultimativer-leitfaden\/\" tabindex=\"-1\" >\n\t\t\t<div class=\"elementor-post__thumbnail\"><img loading=\"lazy\" decoding=\"async\" width=\"625\" height=\"625\" src=\"https:\/\/www.kosmetikkaufhaus.de\/neues\/wp-content\/uploads\/2023\/07\/pflege-im-sommer-768x768.jpg\" class=\"attachment-medium_large size-medium_large wp-image-5399\" alt=\"\" srcset=\"https:\/\/www.kosmetikkaufhaus.de\/neues\/wp-content\/uploads\/2023\/07\/pflege-im-sommer-768x768.jpg 768w, https:\/\/www.kosmetikkaufhaus.de\/neues\/wp-content\/uploads\/2023\/07\/pflege-im-sommer-300x300.jpg 300w, https:\/\/www.kosmetikkaufhaus.de\/neues\/wp-content\/uploads\/2023\/07\/pflege-im-sommer-150x150.jpg 150w, https:\/\/www.kosmetikkaufhaus.de\/neues\/wp-content\/uploads\/2023\/07\/pflege-im-sommer-624x624.jpg 624w, https:\/\/www.kosmetikkaufhaus.de\/neues\/wp-content\/uploads\/2023\/07\/pflege-im-sommer.jpg 1000w\" sizes=\"(max-width: 625px) 100vw, 625px\" \/><\/div>\n\t\t<\/a>\n\t\t\t\t<div class=\"elementor-post__text\">\n\t\t\t\t<h3 class=\"elementor-post__title\">\n\t\t\t<a href=\"https:\/\/www.kosmetikkaufhaus.de\/neues\/gesichtspflege-im-sommer-ihr-ultimativer-leitfaden\/\" >\n\t\t\t\tGesichtspflege im Sommer: Ihr ultimativer Leitfaden\t\t\t<\/a>\n\t\t<\/h3>\n\t\t\t\t<div class=\"elementor-post__meta-data\">\n\t\t\t\t\t<span class=\"elementor-post-date\">\n\t\t\t5. Juli 2023\t\t<\/span>\n\t\t\t\t<\/div>\n\t\t\t\t<\/div>\n\t\t\t\t<\/article>\n\t\t\t\t<article class=\"elementor-post elementor-grid-item post-4648 post type-post status-publish format-standard has-post-thumbnail hentry category-kosmetik\" role=\"listitem\">\n\t\t\t\t<a class=\"elementor-post__thumbnail__link\" href=\"https:\/\/www.kosmetikkaufhaus.de\/neues\/hautpflege-im-fruehling\/\" tabindex=\"-1\" >\n\t\t\t<div class=\"elementor-post__thumbnail\"><img loading=\"lazy\" decoding=\"async\" width=\"625\" height=\"625\" src=\"https:\/\/www.kosmetikkaufhaus.de\/neues\/wp-content\/uploads\/2023\/03\/AdobeStock_545036713-1-768x768.jpg\" class=\"attachment-medium_large size-medium_large wp-image-4689\" alt=\"Hautpflege im Fr\u00fchling\" srcset=\"https:\/\/www.kosmetikkaufhaus.de\/neues\/wp-content\/uploads\/2023\/03\/AdobeStock_545036713-1-768x768.jpg 768w, https:\/\/www.kosmetikkaufhaus.de\/neues\/wp-content\/uploads\/2023\/03\/AdobeStock_545036713-1-300x300.jpg 300w, https:\/\/www.kosmetikkaufhaus.de\/neues\/wp-content\/uploads\/2023\/03\/AdobeStock_545036713-1-1024x1024.jpg 1024w, https:\/\/www.kosmetikkaufhaus.de\/neues\/wp-content\/uploads\/2023\/03\/AdobeStock_545036713-1-150x150.jpg 150w, https:\/\/www.kosmetikkaufhaus.de\/neues\/wp-content\/uploads\/2023\/03\/AdobeStock_545036713-1-624x624.jpg 624w, https:\/\/www.kosmetikkaufhaus.de\/neues\/wp-content\/uploads\/2023\/03\/AdobeStock_545036713-1.jpg 1500w\" sizes=\"(max-width: 625px) 100vw, 625px\" \/><\/div>\n\t\t<\/a>\n\t\t\t\t<div class=\"elementor-post__text\">\n\t\t\t\t<h3 class=\"elementor-post__title\">\n\t\t\t<a href=\"https:\/\/www.kosmetikkaufhaus.de\/neues\/hautpflege-im-fruehling\/\" >\n\t\t\t\tHautpflege im Fr\u00fchling\t\t\t<\/a>\n\t\t<\/h3>\n\t\t\t\t<div class=\"elementor-post__meta-data\">\n\t\t\t\t\t<span class=\"elementor-post-date\">\n\t\t\t13. M\u00e4rz 2023\t\t<\/span>\n\t\t\t\t<\/div>\n\t\t\t\t<\/div>\n\t\t\t\t<\/article>\n\t\t\t\t<article class=\"elementor-post elementor-grid-item post-4272 post type-post status-publish format-standard has-post-thumbnail hentry category-trends\" role=\"listitem\">\n\t\t\t\t<a class=\"elementor-post__thumbnail__link\" href=\"https:\/\/www.kosmetikkaufhaus.de\/neues\/striplac-anwendung\/\" tabindex=\"-1\" >\n\t\t\t<div class=\"elementor-post__thumbnail\"><img loading=\"lazy\" decoding=\"async\" width=\"625\" height=\"449\" src=\"https:\/\/www.kosmetikkaufhaus.de\/neues\/wp-content\/uploads\/2023\/01\/119598570_3581879198498481_4934451862368038406-768x552.jpg\" class=\"attachment-medium_large size-medium_large wp-image-4524\" alt=\"StripLac Zubeh\u00f6r f\u00fcr eine Manik\u00fcre\" srcset=\"https:\/\/www.kosmetikkaufhaus.de\/neues\/wp-content\/uploads\/2023\/01\/119598570_3581879198498481_4934451862368038406-768x552.jpg 768w, https:\/\/www.kosmetikkaufhaus.de\/neues\/wp-content\/uploads\/2023\/01\/119598570_3581879198498481_4934451862368038406-300x216.jpg 300w, https:\/\/www.kosmetikkaufhaus.de\/neues\/wp-content\/uploads\/2023\/01\/119598570_3581879198498481_4934451862368038406-1024x737.jpg 1024w, https:\/\/www.kosmetikkaufhaus.de\/neues\/wp-content\/uploads\/2023\/01\/119598570_3581879198498481_4934451862368038406-1536x1105.jpg 1536w, https:\/\/www.kosmetikkaufhaus.de\/neues\/wp-content\/uploads\/2023\/01\/119598570_3581879198498481_4934451862368038406-624x449.jpg 624w, https:\/\/www.kosmetikkaufhaus.de\/neues\/wp-content\/uploads\/2023\/01\/119598570_3581879198498481_4934451862368038406.jpg 1600w\" sizes=\"(max-width: 625px) 100vw, 625px\" \/><\/div>\n\t\t<\/a>\n\t\t\t\t<div class=\"elementor-post__text\">\n\t\t\t\t<h3 class=\"elementor-post__title\">\n\t\t\t<a href=\"https:\/\/www.kosmetikkaufhaus.de\/neues\/striplac-anwendung\/\" >\n\t\t\t\tStriplac Anwendung\t\t\t<\/a>\n\t\t<\/h3>\n\t\t\t\t<div class=\"elementor-post__meta-data\">\n\t\t\t\t\t<span class=\"elementor-post-date\">\n\t\t\t23. Januar 2023\t\t<\/span>\n\t\t\t\t<\/div>\n\t\t\t\t<\/div>\n\t\t\t\t<\/article>\n\t\t\t\t<\/div>\n\t\t\n\t\t\t\t\t\t<\/div>\n\t\t\t\t<\/div>\n\t\t\t\t\t<\/div>\n\t\t<\/div>\n\t\t\t\t\t<\/div>\n\t\t<\/section>\n\t\t\t\t<\/div>\n\t\t","protected":false},"excerpt":{"rendered":"<p>Gesichtspflege \u00a9 Iryna- stock.adobe.com Gesichtspflege im Winter Darauf sollten Sie jetzt achten: Unsere Haut hat es im Winter nicht leicht:<\/p>\n","protected":false},"author":1,"featured_media":3827,"comment_status":"closed","ping_status":"open","sticky":false,"template":"elementor_header_footer","format":"standard","meta":{"footnotes":""},"categories":[13,4],"tags":[],"class_list":["post-3799","post","type-post","status-publish","format-standard","has-post-thumbnail","hentry","category-gesichtspflege","category-kosmetik"],"yoast_head":"<!-- This site is optimized with the Yoast SEO plugin v26.9 - https:\/\/yoast.com\/product\/yoast-seo-wordpress\/ -->\n<title>Gesichtspflege im Winter<\/title>\n<meta name=\"description\" content=\"Gesichtspflege im Winter: So pflegen Sie Ihre Haut auch im Winter optimal. Alles was Sie zur Winterpflege wissen m\u00fcssen, erfahren Sie hier.\" \/>\n<meta name=\"robots\" content=\"index, follow, max-snippet:-1, max-image-preview:large, max-video-preview:-1\" \/>\n<link rel=\"canonical\" href=\"https:\/\/www.kosmetikkaufhaus.de\/neues\/gesichtspflege-im-winter\/\" \/>\n<meta property=\"og:locale\" content=\"de_DE\" \/>\n<meta property=\"og:type\" content=\"article\" \/>\n<meta property=\"og:title\" content=\"Gesichtspflege im Winter\" \/>\n<meta property=\"og:description\" content=\"Gesichtspflege im Winter: So pflegen Sie Ihre Haut auch im Winter optimal. Alles was Sie zur Winterpflege wissen m\u00fcssen, erfahren Sie hier.\" \/>\n<meta property=\"og:url\" content=\"https:\/\/www.kosmetikkaufhaus.de\/neues\/gesichtspflege-im-winter\/\" \/>\n<meta property=\"og:site_name\" content=\"kosmetikkaufhaus News\" \/>\n<meta property=\"article:publisher\" content=\"https:\/\/www.facebook.com\/kosmetikkaufhaus.de\" \/>\n<meta property=\"article:published_time\" content=\"2022-12-13T15:39:51+00:00\" \/>\n<meta property=\"article:modified_time\" content=\"2022-12-16T13:07:37+00:00\" \/>\n<meta property=\"og:image\" content=\"https:\/\/www.kosmetikkaufhaus.de\/neues\/wp-content\/uploads\/2022\/12\/AdobeStock_391335517.jpg\" \/>\n\t<meta property=\"og:image:width\" content=\"1200\" \/>\n\t<meta property=\"og:image:height\" content=\"600\" \/>\n\t<meta property=\"og:image:type\" content=\"image\/jpeg\" \/>\n<meta name=\"author\" content=\"newsverwaltung\" \/>\n<meta name=\"twitter:card\" content=\"summary_large_image\" \/>\n<meta name=\"twitter:label1\" content=\"Verfasst von\" \/>\n\t<meta name=\"twitter:data1\" content=\"newsverwaltung\" \/>\n\t<meta name=\"twitter:label2\" content=\"Gesch\u00e4tzte Lesezeit\" \/>\n\t<meta name=\"twitter:data2\" content=\"5\u00a0Minuten\" \/>\n<script type=\"application\/ld+json\" class=\"yoast-schema-graph\">{\"@context\":\"https:\/\/schema.org\",\"@graph\":[{\"@type\":\"Article\",\"@id\":\"https:\/\/www.kosmetikkaufhaus.de\/neues\/gesichtspflege-im-winter\/#article\",\"isPartOf\":{\"@id\":\"https:\/\/www.kosmetikkaufhaus.de\/neues\/gesichtspflege-im-winter\/\"},\"author\":{\"name\":\"newsverwaltung\",\"@id\":\"https:\/\/www.kosmetikkaufhaus.de\/neues\/#\/schema\/person\/554d2fb8c59f3fb3e1a96c0f6376fcea\"},\"headline\":\"Gesichtspflege im Winter\",\"datePublished\":\"2022-12-13T15:39:51+00:00\",\"dateModified\":\"2022-12-16T13:07:37+00:00\",\"mainEntityOfPage\":{\"@id\":\"https:\/\/www.kosmetikkaufhaus.de\/neues\/gesichtspflege-im-winter\/\"},\"wordCount\":685,\"publisher\":{\"@id\":\"https:\/\/www.kosmetikkaufhaus.de\/neues\/#organization\"},\"image\":{\"@id\":\"https:\/\/www.kosmetikkaufhaus.de\/neues\/gesichtspflege-im-winter\/#primaryimage\"},\"thumbnailUrl\":\"https:\/\/www.kosmetikkaufhaus.de\/neues\/wp-content\/uploads\/2022\/12\/AdobeStock_391335517.jpg\",\"articleSection\":[\"Gesichtspflege\",\"Kosmetik\"],\"inLanguage\":\"de\"},{\"@type\":\"WebPage\",\"@id\":\"https:\/\/www.kosmetikkaufhaus.de\/neues\/gesichtspflege-im-winter\/\",\"url\":\"https:\/\/www.kosmetikkaufhaus.de\/neues\/gesichtspflege-im-winter\/\",\"name\":\"Gesichtspflege im Winter\",\"isPartOf\":{\"@id\":\"https:\/\/www.kosmetikkaufhaus.de\/neues\/#website\"},\"primaryImageOfPage\":{\"@id\":\"https:\/\/www.kosmetikkaufhaus.de\/neues\/gesichtspflege-im-winter\/#primaryimage\"},\"image\":{\"@id\":\"https:\/\/www.kosmetikkaufhaus.de\/neues\/gesichtspflege-im-winter\/#primaryimage\"},\"thumbnailUrl\":\"https:\/\/www.kosmetikkaufhaus.de\/neues\/wp-content\/uploads\/2022\/12\/AdobeStock_391335517.jpg\",\"datePublished\":\"2022-12-13T15:39:51+00:00\",\"dateModified\":\"2022-12-16T13:07:37+00:00\",\"description\":\"Gesichtspflege im Winter: So pflegen Sie Ihre Haut auch im Winter optimal. Alles was Sie zur Winterpflege wissen m\u00fcssen, erfahren Sie hier.\",\"breadcrumb\":{\"@id\":\"https:\/\/www.kosmetikkaufhaus.de\/neues\/gesichtspflege-im-winter\/#breadcrumb\"},\"inLanguage\":\"de\",\"potentialAction\":[{\"@type\":\"ReadAction\",\"target\":[\"https:\/\/www.kosmetikkaufhaus.de\/neues\/gesichtspflege-im-winter\/\"]}]},{\"@type\":\"ImageObject\",\"inLanguage\":\"de\",\"@id\":\"https:\/\/www.kosmetikkaufhaus.de\/neues\/gesichtspflege-im-winter\/#primaryimage\",\"url\":\"https:\/\/www.kosmetikkaufhaus.de\/neues\/wp-content\/uploads\/2022\/12\/AdobeStock_391335517.jpg\",\"contentUrl\":\"https:\/\/www.kosmetikkaufhaus.de\/neues\/wp-content\/uploads\/2022\/12\/AdobeStock_391335517.jpg\",\"width\":1200,\"height\":600,\"caption\":\"Winterpflege Produkte\"},{\"@type\":\"BreadcrumbList\",\"@id\":\"https:\/\/www.kosmetikkaufhaus.de\/neues\/gesichtspflege-im-winter\/#breadcrumb\",\"itemListElement\":[{\"@type\":\"ListItem\",\"position\":1,\"name\":\"Startseite\",\"item\":\"https:\/\/www.kosmetikkaufhaus.de\/neues\/\"},{\"@type\":\"ListItem\",\"position\":2,\"name\":\"Gesichtspflege im Winter\"}]},{\"@type\":\"WebSite\",\"@id\":\"https:\/\/www.kosmetikkaufhaus.de\/neues\/#website\",\"url\":\"https:\/\/www.kosmetikkaufhaus.de\/neues\/\",\"name\":\"kosmetikkaufhaus News\",\"description\":\"Eine weitere WordPress-Website\",\"publisher\":{\"@id\":\"https:\/\/www.kosmetikkaufhaus.de\/neues\/#organization\"},\"potentialAction\":[{\"@type\":\"SearchAction\",\"target\":{\"@type\":\"EntryPoint\",\"urlTemplate\":\"https:\/\/www.kosmetikkaufhaus.de\/neues\/?s={search_term_string}\"},\"query-input\":{\"@type\":\"PropertyValueSpecification\",\"valueRequired\":true,\"valueName\":\"search_term_string\"}}],\"inLanguage\":\"de\"},{\"@type\":\"Organization\",\"@id\":\"https:\/\/www.kosmetikkaufhaus.de\/neues\/#organization\",\"name\":\"kosmetikkaufhaus News\",\"url\":\"https:\/\/www.kosmetikkaufhaus.de\/neues\/\",\"logo\":{\"@type\":\"ImageObject\",\"inLanguage\":\"de\",\"@id\":\"https:\/\/www.kosmetikkaufhaus.de\/neues\/#\/schema\/logo\/image\/\",\"url\":\"https:\/\/www.kosmetikkaufhaus.de\/neues\/wp-content\/uploads\/2022\/11\/LogoKKH.png\",\"contentUrl\":\"https:\/\/www.kosmetikkaufhaus.de\/neues\/wp-content\/uploads\/2022\/11\/LogoKKH.png\",\"width\":2833,\"height\":529,\"caption\":\"kosmetikkaufhaus News\"},\"image\":{\"@id\":\"https:\/\/www.kosmetikkaufhaus.de\/neues\/#\/schema\/logo\/image\/\"},\"sameAs\":[\"https:\/\/www.facebook.com\/kosmetikkaufhaus.de\"]},{\"@type\":\"Person\",\"@id\":\"https:\/\/www.kosmetikkaufhaus.de\/neues\/#\/schema\/person\/554d2fb8c59f3fb3e1a96c0f6376fcea\",\"name\":\"newsverwaltung\",\"sameAs\":[\"https:\/\/www.kosmetikkaufhaus.de\/neues\"],\"url\":\"https:\/\/www.kosmetikkaufhaus.de\/neues\/author\/newsverwaltung\/\"}]}<\/script>\n<!-- \/ Yoast SEO plugin. -->","yoast_head_json":{"title":"Gesichtspflege im Winter","description":"Gesichtspflege im Winter: So pflegen Sie Ihre Haut auch im Winter optimal. Alles was Sie zur Winterpflege wissen m\u00fcssen, erfahren Sie hier.","robots":{"index":"index","follow":"follow","max-snippet":"max-snippet:-1","max-image-preview":"max-image-preview:large","max-video-preview":"max-video-preview:-1"},"canonical":"https:\/\/www.kosmetikkaufhaus.de\/neues\/gesichtspflege-im-winter\/","og_locale":"de_DE","og_type":"article","og_title":"Gesichtspflege im Winter","og_description":"Gesichtspflege im Winter: So pflegen Sie Ihre Haut auch im Winter optimal. Alles was Sie zur Winterpflege wissen m\u00fcssen, erfahren Sie hier.","og_url":"https:\/\/www.kosmetikkaufhaus.de\/neues\/gesichtspflege-im-winter\/","og_site_name":"kosmetikkaufhaus News","article_publisher":"https:\/\/www.facebook.com\/kosmetikkaufhaus.de","article_published_time":"2022-12-13T15:39:51+00:00","article_modified_time":"2022-12-16T13:07:37+00:00","og_image":[{"width":1200,"height":600,"url":"https:\/\/www.kosmetikkaufhaus.de\/neues\/wp-content\/uploads\/2022\/12\/AdobeStock_391335517.jpg","type":"image\/jpeg"}],"author":"newsverwaltung","twitter_card":"summary_large_image","twitter_misc":{"Verfasst von":"newsverwaltung","Gesch\u00e4tzte Lesezeit":"5\u00a0Minuten"},"schema":{"@context":"https:\/\/schema.org","@graph":[{"@type":"Article","@id":"https:\/\/www.kosmetikkaufhaus.de\/neues\/gesichtspflege-im-winter\/#article","isPartOf":{"@id":"https:\/\/www.kosmetikkaufhaus.de\/neues\/gesichtspflege-im-winter\/"},"author":{"name":"newsverwaltung","@id":"https:\/\/www.kosmetikkaufhaus.de\/neues\/#\/schema\/person\/554d2fb8c59f3fb3e1a96c0f6376fcea"},"headline":"Gesichtspflege im Winter","datePublished":"2022-12-13T15:39:51+00:00","dateModified":"2022-12-16T13:07:37+00:00","mainEntityOfPage":{"@id":"https:\/\/www.kosmetikkaufhaus.de\/neues\/gesichtspflege-im-winter\/"},"wordCount":685,"publisher":{"@id":"https:\/\/www.kosmetikkaufhaus.de\/neues\/#organization"},"image":{"@id":"https:\/\/www.kosmetikkaufhaus.de\/neues\/gesichtspflege-im-winter\/#primaryimage"},"thumbnailUrl":"https:\/\/www.kosmetikkaufhaus.de\/neues\/wp-content\/uploads\/2022\/12\/AdobeStock_391335517.jpg","articleSection":["Gesichtspflege","Kosmetik"],"inLanguage":"de"},{"@type":"WebPage","@id":"https:\/\/www.kosmetikkaufhaus.de\/neues\/gesichtspflege-im-winter\/","url":"https:\/\/www.kosmetikkaufhaus.de\/neues\/gesichtspflege-im-winter\/","name":"Gesichtspflege im Winter","isPartOf":{"@id":"https:\/\/www.kosmetikkaufhaus.de\/neues\/#website"},"primaryImageOfPage":{"@id":"https:\/\/www.kosmetikkaufhaus.de\/neues\/gesichtspflege-im-winter\/#primaryimage"},"image":{"@id":"https:\/\/www.kosmetikkaufhaus.de\/neues\/gesichtspflege-im-winter\/#primaryimage"},"thumbnailUrl":"https:\/\/www.kosmetikkaufhaus.de\/neues\/wp-content\/uploads\/2022\/12\/AdobeStock_391335517.jpg","datePublished":"2022-12-13T15:39:51+00:00","dateModified":"2022-12-16T13:07:37+00:00","description":"Gesichtspflege im Winter: So pflegen Sie Ihre Haut auch im Winter optimal. Alles was Sie zur Winterpflege wissen m\u00fcssen, erfahren Sie hier.","breadcrumb":{"@id":"https:\/\/www.kosmetikkaufhaus.de\/neues\/gesichtspflege-im-winter\/#breadcrumb"},"inLanguage":"de","potentialAction":[{"@type":"ReadAction","target":["https:\/\/www.kosmetikkaufhaus.de\/neues\/gesichtspflege-im-winter\/"]}]},{"@type":"ImageObject","inLanguage":"de","@id":"https:\/\/www.kosmetikkaufhaus.de\/neues\/gesichtspflege-im-winter\/#primaryimage","url":"https:\/\/www.kosmetikkaufhaus.de\/neues\/wp-content\/uploads\/2022\/12\/AdobeStock_391335517.jpg","contentUrl":"https:\/\/www.kosmetikkaufhaus.de\/neues\/wp-content\/uploads\/2022\/12\/AdobeStock_391335517.jpg","width":1200,"height":600,"caption":"Winterpflege Produkte"},{"@type":"BreadcrumbList","@id":"https:\/\/www.kosmetikkaufhaus.de\/neues\/gesichtspflege-im-winter\/#breadcrumb","itemListElement":[{"@type":"ListItem","position":1,"name":"Startseite","item":"https:\/\/www.kosmetikkaufhaus.de\/neues\/"},{"@type":"ListItem","position":2,"name":"Gesichtspflege im Winter"}]},{"@type":"WebSite","@id":"https:\/\/www.kosmetikkaufhaus.de\/neues\/#website","url":"https:\/\/www.kosmetikkaufhaus.de\/neues\/","name":"kosmetikkaufhaus News","description":"Eine weitere WordPress-Website","publisher":{"@id":"https:\/\/www.kosmetikkaufhaus.de\/neues\/#organization"},"potentialAction":[{"@type":"SearchAction","target":{"@type":"EntryPoint","urlTemplate":"https:\/\/www.kosmetikkaufhaus.de\/neues\/?s={search_term_string}"},"query-input":{"@type":"PropertyValueSpecification","valueRequired":true,"valueName":"search_term_string"}}],"inLanguage":"de"},{"@type":"Organization","@id":"https:\/\/www.kosmetikkaufhaus.de\/neues\/#organization","name":"kosmetikkaufhaus News","url":"https:\/\/www.kosmetikkaufhaus.de\/neues\/","logo":{"@type":"ImageObject","inLanguage":"de","@id":"https:\/\/www.kosmetikkaufhaus.de\/neues\/#\/schema\/logo\/image\/","url":"https:\/\/www.kosmetikkaufhaus.de\/neues\/wp-content\/uploads\/2022\/11\/LogoKKH.png","contentUrl":"https:\/\/www.kosmetikkaufhaus.de\/neues\/wp-content\/uploads\/2022\/11\/LogoKKH.png","width":2833,"height":529,"caption":"kosmetikkaufhaus News"},"image":{"@id":"https:\/\/www.kosmetikkaufhaus.de\/neues\/#\/schema\/logo\/image\/"},"sameAs":["https:\/\/www.facebook.com\/kosmetikkaufhaus.de"]},{"@type":"Person","@id":"https:\/\/www.kosmetikkaufhaus.de\/neues\/#\/schema\/person\/554d2fb8c59f3fb3e1a96c0f6376fcea","name":"newsverwaltung","sameAs":["https:\/\/www.kosmetikkaufhaus.de\/neues"],"url":"https:\/\/www.kosmetikkaufhaus.de\/neues\/author\/newsverwaltung\/"}]}},"_links":{"self":[{"href":"https:\/\/www.kosmetikkaufhaus.de\/neues\/wp-json\/wp\/v2\/posts\/3799","targetHints":{"allow":["GET"]}}],"collection":[{"href":"https:\/\/www.kosmetikkaufhaus.de\/neues\/wp-json\/wp\/v2\/posts"}],"about":[{"href":"https:\/\/www.kosmetikkaufhaus.de\/neues\/wp-json\/wp\/v2\/types\/post"}],"author":[{"embeddable":true,"href":"https:\/\/www.kosmetikkaufhaus.de\/neues\/wp-json\/wp\/v2\/users\/1"}],"replies":[{"embeddable":true,"href":"https:\/\/www.kosmetikkaufhaus.de\/neues\/wp-json\/wp\/v2\/comments?post=3799"}],"version-history":[{"count":48,"href":"https:\/\/www.kosmetikkaufhaus.de\/neues\/wp-json\/wp\/v2\/posts\/3799\/revisions"}],"predecessor-version":[{"id":3895,"href":"https:\/\/www.kosmetikkaufhaus.de\/neues\/wp-json\/wp\/v2\/posts\/3799\/revisions\/3895"}],"wp:featuredmedia":[{"embeddable":true,"href":"https:\/\/www.kosmetikkaufhaus.de\/neues\/wp-json\/wp\/v2\/media\/3827"}],"wp:attachment":[{"href":"https:\/\/www.kosmetikkaufhaus.de\/neues\/wp-json\/wp\/v2\/media?parent=3799"}],"wp:term":[{"taxonomy":"category","embeddable":true,"href":"https:\/\/www.kosmetikkaufhaus.de\/neues\/wp-json\/wp\/v2\/categories?post=3799"},{"taxonomy":"post_tag","embeddable":true,"href":"https:\/\/www.kosmetikkaufhaus.de\/neues\/wp-json\/wp\/v2\/tags?post=3799"}],"curies":[{"name":"wp","href":"https:\/\/api.w.org\/{rel}","templated":true}]}}