{"id":729,"date":"2022-08-09T16:13:35","date_gmt":"2022-08-09T14:13:35","guid":{"rendered":"https:\/\/www.kosmetikkaufhaus.de\/neues\/?p=729"},"modified":"2022-08-16T23:00:28","modified_gmt":"2022-08-16T21:00:28","slug":"augenpflege","status":"publish","type":"post","link":"https:\/\/www.kosmetikkaufhaus.de\/neues\/augenpflege\/","title":{"rendered":"Stand der Dinge? Augenringe!"},"content":{"rendered":"\t\t<div data-elementor-type=\"wp-post\" data-elementor-id=\"729\" class=\"elementor elementor-729\" data-elementor-post-type=\"post\">\n\t\t\t\t\t\t<section class=\"elementor-section elementor-top-section elementor-element elementor-element-488c5708 elementor-section-boxed elementor-section-height-default elementor-section-height-default\" data-id=\"488c5708\" data-element_type=\"section\" data-e-type=\"section\">\n\t\t\t\t\t\t<div class=\"elementor-container elementor-column-gap-default\">\n\t\t\t\t\t<div class=\"elementor-column elementor-col-100 elementor-top-column elementor-element elementor-element-e850f58\" data-id=\"e850f58\" data-element_type=\"column\" data-e-type=\"column\">\n\t\t\t<div class=\"elementor-widget-wrap elementor-element-populated\">\n\t\t\t\t\t\t<div class=\"elementor-element elementor-element-7975a537 elementor-widget-divider--view-line_text elementor-widget elementor-widget-divider\" data-id=\"7975a537\" data-element_type=\"widget\" data-e-type=\"widget\" data-widget_type=\"divider.default\">\n\t\t\t\t<div class=\"elementor-widget-container\">\n\t\t\t\t\t\t\t<div class=\"elementor-divider\">\n\t\t\t<span class=\"elementor-divider-separator\">\n\t\t\t\t\t\t\t<span class=\"elementor-divider__text elementor-divider__element\">\n\t\t\t\tGesichtspflege\t\t\t\t<\/span>\n\t\t\t\t\t\t<\/span>\n\t\t<\/div>\n\t\t\t\t\t\t<\/div>\n\t\t\t\t<\/div>\n\t\t\t\t\t<\/div>\n\t\t<\/div>\n\t\t\t\t\t<\/div>\n\t\t<\/section>\n\t\t\t\t<section class=\"elementor-section elementor-top-section elementor-element elementor-element-28781960 elementor-section-height-min-height elementor-section-full_width elementor-section-height-default elementor-section-items-middle\" data-id=\"28781960\" data-element_type=\"section\" data-e-type=\"section\" data-settings=\"{&quot;background_background&quot;:&quot;classic&quot;}\">\n\t\t\t\t\t\t\t<div class=\"elementor-background-overlay\"><\/div>\n\t\t\t\t\t\t\t<div class=\"elementor-container elementor-column-gap-no\">\n\t\t\t\t\t<div class=\"elementor-column elementor-col-100 elementor-top-column elementor-element elementor-element-40732c80\" data-id=\"40732c80\" data-element_type=\"column\" data-e-type=\"column\">\n\t\t\t<div class=\"elementor-widget-wrap\">\n\t\t\t\t\t\t\t<\/div>\n\t\t<\/div>\n\t\t\t\t\t<\/div>\n\t\t<\/section>\n\t\t\t\t<section class=\"elementor-section elementor-top-section elementor-element elementor-element-34545d18 elementor-section-boxed elementor-section-height-default elementor-section-height-default\" data-id=\"34545d18\" data-element_type=\"section\" data-e-type=\"section\">\n\t\t\t\t\t\t<div class=\"elementor-container elementor-column-gap-default\">\n\t\t\t\t\t<div class=\"elementor-column elementor-col-100 elementor-top-column elementor-element elementor-element-4cde5fb1\" data-id=\"4cde5fb1\" data-element_type=\"column\" data-e-type=\"column\">\n\t\t\t<div class=\"elementor-widget-wrap elementor-element-populated\">\n\t\t\t\t\t\t<div class=\"elementor-element elementor-element-b1d0fc5 elementor-widget elementor-widget-text-editor\" data-id=\"b1d0fc5\" data-element_type=\"widget\" data-e-type=\"widget\" data-widget_type=\"text-editor.default\">\n\t\t\t\t<div class=\"elementor-widget-container\">\n\t\t\t\t\t\t\t\t\t<p>\u00a9 Liubov Levytska &#8211; stock.adobe.com<\/p>\t\t\t\t\t\t\t\t<\/div>\n\t\t\t\t<\/div>\n\t\t\t\t<div class=\"elementor-element elementor-element-618e04fc elementor-widget elementor-widget-heading\" data-id=\"618e04fc\" data-element_type=\"widget\" data-e-type=\"widget\" data-widget_type=\"heading.default\">\n\t\t\t\t<div class=\"elementor-widget-container\">\n\t\t\t\t\t<h1 class=\"elementor-heading-title elementor-size-default\">Stand der Dinge? Augenringe!<\/h1>\t\t\t\t<\/div>\n\t\t\t\t<\/div>\n\t\t\t\t<div class=\"elementor-element elementor-element-54d0bd6c elementor-widget elementor-widget-heading\" data-id=\"54d0bd6c\" data-element_type=\"widget\" data-e-type=\"widget\" data-widget_type=\"heading.default\">\n\t\t\t\t<div class=\"elementor-widget-container\">\n\t\t\t\t\t<h2 class=\"elementor-heading-title elementor-size-default\">So bringen Sie Ihre Augen wieder zum Strahlen:<\/h2>\t\t\t\t<\/div>\n\t\t\t\t<\/div>\n\t\t\t\t<div class=\"elementor-element elementor-element-15354b27 elementor-widget-divider--view-line elementor-widget elementor-widget-divider\" data-id=\"15354b27\" data-element_type=\"widget\" data-e-type=\"widget\" data-widget_type=\"divider.default\">\n\t\t\t\t<div class=\"elementor-widget-container\">\n\t\t\t\t\t\t\t<div class=\"elementor-divider\">\n\t\t\t<span class=\"elementor-divider-separator\">\n\t\t\t\t\t\t<\/span>\n\t\t<\/div>\n\t\t\t\t\t\t<\/div>\n\t\t\t\t<\/div>\n\t\t\t\t<div class=\"elementor-element elementor-element-35e9d4d8 elementor-drop-cap-yes elementor-drop-cap-view-default elementor-widget elementor-widget-text-editor\" data-id=\"35e9d4d8\" data-element_type=\"widget\" data-e-type=\"widget\" data-settings=\"{&quot;drop_cap&quot;:&quot;yes&quot;}\" data-widget_type=\"text-editor.default\">\n\t\t\t\t<div class=\"elementor-widget-container\">\n\t\t\t\t\t\t\t\t\t<p>Tr\u00e4nens\u00e4cke, dunkle Augenringe, geschwollene und rote Augen \u2013 der Blick in den Spiegel kann einen morgens schon mal erschrecken. Jetzt nur nicht in Panik verfallen, mit speziellen Pflegeprodukten und ein paar kleinen Muntermachern werden die Augen wieder auf Vordermann gebracht und einem strahlendem Blick steht nichts mehr im Weg!<\/p>\t\t\t\t\t\t\t\t<\/div>\n\t\t\t\t<\/div>\n\t\t\t\t<div class=\"elementor-element elementor-element-23ff9553 elementor-widget-divider--view-line elementor-widget elementor-widget-divider\" data-id=\"23ff9553\" data-element_type=\"widget\" data-e-type=\"widget\" data-widget_type=\"divider.default\">\n\t\t\t\t<div class=\"elementor-widget-container\">\n\t\t\t\t\t\t\t<div class=\"elementor-divider\">\n\t\t\t<span class=\"elementor-divider-separator\">\n\t\t\t\t\t\t<\/span>\n\t\t<\/div>\n\t\t\t\t\t\t<\/div>\n\t\t\t\t<\/div>\n\t\t\t\t<div class=\"elementor-element elementor-element-2ef6d6a7 elementor-widget elementor-widget-heading\" data-id=\"2ef6d6a7\" data-element_type=\"widget\" data-e-type=\"widget\" data-widget_type=\"heading.default\">\n\t\t\t\t<div class=\"elementor-widget-container\">\n\t\t\t\t\t<h6 class=\"elementor-heading-title elementor-size-default\">M\u00f6gliche Ursachen f\u00fcr Augenringe:<\/h6>\t\t\t\t<\/div>\n\t\t\t\t<\/div>\n\t\t\t\t<div class=\"elementor-element elementor-element-4b27b37 elementor-widget elementor-widget-text-editor\" data-id=\"4b27b37\" data-element_type=\"widget\" data-e-type=\"widget\" data-widget_type=\"text-editor.default\">\n\t\t\t\t<div class=\"elementor-widget-container\">\n\t\t\t\t\t\t\t\t\t<ul><li>Stress und Anspannung<\/li><li>Schlechter oder wenig Schlaf<\/li><li>\u00dcberm\u00e4\u00dfiger Alkoholkonsum<\/li><li>\u00dcberm\u00e4\u00dfige Salzaufnahme<\/li><li>Dehydration<\/li><li>Ungesunde Ern\u00e4hrung<\/li><\/ul>\t\t\t\t\t\t\t\t<\/div>\n\t\t\t\t<\/div>\n\t\t\t\t<div class=\"elementor-element elementor-element-7e970dbf elementor-widget elementor-widget-heading\" data-id=\"7e970dbf\" data-element_type=\"widget\" data-e-type=\"widget\" data-widget_type=\"heading.default\">\n\t\t\t\t<div class=\"elementor-widget-container\">\n\t\t\t\t\t<h6 class=\"elementor-heading-title elementor-size-default\">Augencreme<\/h6>\t\t\t\t<\/div>\n\t\t\t\t<\/div>\n\t\t\t\t<div class=\"elementor-element elementor-element-3c289fcf elementor-widget elementor-widget-text-editor\" data-id=\"3c289fcf\" data-element_type=\"widget\" data-e-type=\"widget\" data-widget_type=\"text-editor.default\">\n\t\t\t\t<div class=\"elementor-widget-container\">\n\t\t\t\t\t\t\t\t\t<p>Um die sensible Haut rund um die Augen ideal zu pflegen, muss eine gute Augencreme so einiges k\u00f6nnen. Die Pflegebed\u00fcrfnisse der Haut sind bei geschwollenen Lidern, Mimikfalten oder einem blassen Teint\u00a0 n\u00e4mlich sehr unterschiedlich. Daher sind den Cremes meist gleich mehrere Wirkstoffe enthalten, die genau auf die Augenpartie abgestimmt sind.<\/p><p>Augencremes eignen sich f\u00fcr <b>normale, trockene und empfindliche Haut<\/b>, da sie reichhaltiger sind und die Haut um die Augen mit Feuchtigkeit und Fetten versorgen.<\/p>\t\t\t\t\t\t\t\t<\/div>\n\t\t\t\t<\/div>\n\t\t\t\t<div class=\"elementor-element elementor-element-b67ecd7 elementor-skin-carousel elementor-arrows-yes elementor-widget elementor-widget-media-carousel\" data-id=\"b67ecd7\" data-element_type=\"widget\" data-e-type=\"widget\" data-settings=\"{&quot;slides_per_view&quot;:&quot;4&quot;,&quot;_animation&quot;:&quot;none&quot;,&quot;slides_per_view_tablet&quot;:&quot;3&quot;,&quot;slides_to_scroll&quot;:&quot;1&quot;,&quot;slides_to_scroll_tablet&quot;:&quot;1&quot;,&quot;slides_per_view_mobile&quot;:&quot;2&quot;,&quot;speed&quot;:649,&quot;skin&quot;:&quot;carousel&quot;,&quot;effect&quot;:&quot;slide&quot;,&quot;show_arrows&quot;:&quot;yes&quot;,&quot;space_between&quot;:{&quot;unit&quot;:&quot;px&quot;,&quot;size&quot;:10,&quot;sizes&quot;:[]},&quot;space_between_tablet&quot;:{&quot;unit&quot;:&quot;px&quot;,&quot;size&quot;:10,&quot;sizes&quot;:[]},&quot;space_between_mobile&quot;:{&quot;unit&quot;:&quot;px&quot;,&quot;size&quot;:10,&quot;sizes&quot;:[]}}\" data-widget_type=\"media-carousel.default\">\n\t\t\t\t<div class=\"elementor-widget-container\">\n\t\t\t\t\t\t\t\t\t<div class=\"elementor-swiper\">\n\t\t\t\t\t<div class=\"elementor-main-swiper swiper\" role=\"region\" aria-roledescription=\"carousel\" aria-label=\"Slider\">\n\t\t\t\t<div class=\"swiper-wrapper\">\n\t\t\t\t\t\t\t\t\t\t\t<div class=\"swiper-slide\" role=\"group\" aria-roledescription=\"slide\">\n\t\t\t\t\t\t\t<a href=\"https:\/\/www.kosmetikkaufhaus.de\/detail=33=GRA41187=Dr-Grandel=Pro-Collagen-Eye-Cream.php\">\t\t<div class=\"elementor-carousel-image\" role=\"img\" aria-label=\"procollagen\" style=\"background-image: url(&#039;https:\/\/www.kosmetikkaufhaus.de\/neues\/wp-content\/uploads\/2022\/08\/procollagen.jpg&#039;)\">\n\n\t\t\t\n\t\t\t\t\t<\/div>\n\t\t<\/a>\t\t\t\t\t\t<\/div>\n\t\t\t\t\t\t\t\t\t\t\t<div class=\"swiper-slide\" role=\"group\" aria-roledescription=\"slide\">\n\t\t\t\t\t\t\t<a href=\"https:\/\/www.kosmetikkaufhaus.de\/detail=80=PMV700183=Primavera=Eye-Cream-Brightening.php\">\t\t<div class=\"elementor-carousel-image\" role=\"img\" aria-label=\"primavera\" style=\"background-image: url(&#039;https:\/\/www.kosmetikkaufhaus.de\/neues\/wp-content\/uploads\/2022\/08\/primavera.jpg&#039;)\">\n\n\t\t\t\n\t\t\t\t\t<\/div>\n\t\t<\/a>\t\t\t\t\t\t<\/div>\n\t\t\t\t\t\t\t\t\t\t\t<div class=\"swiper-slide\" role=\"group\" aria-roledescription=\"slide\">\n\t\t\t\t\t\t\t<a href=\"https:\/\/www.kosmetikkaufhaus.de\/detail=624=DLOG111236=dermalogica=AGE-Reversal-Eye-Complex.php\">\t\t<div class=\"elementor-carousel-image\" role=\"img\" aria-label=\"derma-(1)\" style=\"background-image: url(&#039;https:\/\/www.kosmetikkaufhaus.de\/neues\/wp-content\/uploads\/2022\/08\/derma-1.jpg&#039;)\">\n\n\t\t\t\n\t\t\t\t\t<\/div>\n\t\t<\/a>\t\t\t\t\t\t<\/div>\n\t\t\t\t\t\t\t\t\t<\/div>\n\t\t\t\t\t\t\t\t\t\t\t\t\t\t\t<div class=\"elementor-swiper-button elementor-swiper-button-prev\" role=\"button\" tabindex=\"0\" aria-label=\"Voriger\">\n\t\t\t\t\t\t\t<i aria-hidden=\"true\" class=\"eicon-chevron-left\"><\/i>\t\t\t\t\t\t<\/div>\n\t\t\t\t\t\t<div class=\"elementor-swiper-button elementor-swiper-button-next\" role=\"button\" tabindex=\"0\" aria-label=\"N\u00e4chster\">\n\t\t\t\t\t\t\t<i aria-hidden=\"true\" class=\"eicon-chevron-right\"><\/i>\t\t\t\t\t\t<\/div>\n\t\t\t\t\t\t\t\t\t\t\t\t\t\t\t\t\t<\/div>\n\t\t\t\t<\/div>\n\t\t\t\t\t\t\t\t<\/div>\n\t\t\t\t<\/div>\n\t\t\t\t<div class=\"elementor-element elementor-element-7168a53a elementor-align-justify elementor-widget elementor-widget-button\" data-id=\"7168a53a\" data-element_type=\"widget\" data-e-type=\"widget\" data-widget_type=\"button.default\">\n\t\t\t\t<div class=\"elementor-widget-container\">\n\t\t\t\t\t\t\t\t\t<div class=\"elementor-button-wrapper\">\n\t\t\t\t\t<a class=\"elementor-button elementor-button-link elementor-size-xs\" href=\"https:\/\/www.kosmetikkaufhaus.de\/kategorie=17=102=Gesicht-Augenpflege.php?page=1&#038;perpage=10&#038;hfilter=0&#038;afilter=0&#038;s_filter=undefined\">\n\t\t\t\t\t\t<span class=\"elementor-button-content-wrapper\">\n\t\t\t\t\t\t\t\t\t<span class=\"elementor-button-text\">Alle Produkte<\/span>\n\t\t\t\t\t<\/span>\n\t\t\t\t\t<\/a>\n\t\t\t\t<\/div>\n\t\t\t\t\t\t\t\t<\/div>\n\t\t\t\t<\/div>\n\t\t\t\t<div class=\"elementor-element elementor-element-0486e1d elementor-widget elementor-widget-heading\" data-id=\"0486e1d\" data-element_type=\"widget\" data-e-type=\"widget\" data-widget_type=\"heading.default\">\n\t\t\t\t<div class=\"elementor-widget-container\">\n\t\t\t\t\t<h6 class=\"elementor-heading-title elementor-size-default\">Augen-Gel<\/h6>\t\t\t\t<\/div>\n\t\t\t\t<\/div>\n\t\t\t\t<div class=\"elementor-element elementor-element-e39d252 elementor-widget elementor-widget-text-editor\" data-id=\"e39d252\" data-element_type=\"widget\" data-e-type=\"widget\" data-widget_type=\"text-editor.default\">\n\t\t\t\t<div class=\"elementor-widget-container\">\n\t\t\t\t\t\t\t\t\t<p>Bei einem Augengel ist der Feuchtigkeitsgehalt <b>deutlich h\u00f6her<\/b> als bei einer Creme. Sie wirken k\u00fchlend und abschwellend. Zudem mildern Augen-Gele R\u00f6tungen und Augenringe.\u00a0<\/p><p><strong>Wenn Sie Misch- oder Problemhaut<\/strong> haben, ist ein fettfreies Gel genau das Richtige f\u00fcr Sie.<\/p>\t\t\t\t\t\t\t\t<\/div>\n\t\t\t\t<\/div>\n\t\t\t\t<div class=\"elementor-element elementor-element-1d4091c5 elementor-skin-carousel elementor-arrows-yes elementor-widget elementor-widget-media-carousel\" data-id=\"1d4091c5\" data-element_type=\"widget\" data-e-type=\"widget\" data-settings=\"{&quot;slides_per_view&quot;:&quot;3&quot;,&quot;_animation&quot;:&quot;none&quot;,&quot;slides_per_view_tablet&quot;:&quot;3&quot;,&quot;slides_to_scroll&quot;:&quot;1&quot;,&quot;slides_to_scroll_tablet&quot;:&quot;1&quot;,&quot;slides_per_view_mobile&quot;:&quot;2&quot;,&quot;speed&quot;:649,&quot;skin&quot;:&quot;carousel&quot;,&quot;effect&quot;:&quot;slide&quot;,&quot;show_arrows&quot;:&quot;yes&quot;,&quot;space_between&quot;:{&quot;unit&quot;:&quot;px&quot;,&quot;size&quot;:10,&quot;sizes&quot;:[]},&quot;space_between_tablet&quot;:{&quot;unit&quot;:&quot;px&quot;,&quot;size&quot;:10,&quot;sizes&quot;:[]},&quot;space_between_mobile&quot;:{&quot;unit&quot;:&quot;px&quot;,&quot;size&quot;:10,&quot;sizes&quot;:[]}}\" data-widget_type=\"media-carousel.default\">\n\t\t\t\t<div class=\"elementor-widget-container\">\n\t\t\t\t\t\t\t\t\t<div class=\"elementor-swiper\">\n\t\t\t\t\t<div class=\"elementor-main-swiper swiper\" role=\"region\" aria-roledescription=\"carousel\" aria-label=\"Slider\">\n\t\t\t\t<div class=\"swiper-wrapper\">\n\t\t\t\t\t\t\t\t\t\t\t<div class=\"swiper-slide\" role=\"group\" aria-roledescription=\"slide\">\n\t\t\t\t\t\t\t<a href=\"https:\/\/www.kosmetikkaufhaus.de\/detail=124=MBT431125=Marbert=Aqua-Booster-Augengel-Creme.php\">\t\t<div class=\"elementor-carousel-image\" role=\"img\" aria-label=\"marbert\" style=\"background-image: url(&#039;https:\/\/www.kosmetikkaufhaus.de\/neues\/wp-content\/uploads\/2022\/08\/marbert.jpg&#039;)\">\n\n\t\t\t\n\t\t\t\t\t<\/div>\n\t\t<\/a>\t\t\t\t\t\t<\/div>\n\t\t\t\t\t\t\t\t\t\t\t<div class=\"swiper-slide\" role=\"group\" aria-roledescription=\"slide\">\n\t\t\t\t\t\t\t<a href=\"https:\/\/www.kosmetikkaufhaus.de\/detail=21=KLAP2522=Klapp=CAVIAR-POWER-Eye-Care-Roll-on.php\">\t\t<div class=\"elementor-carousel-image\" role=\"img\" aria-label=\"klapp\" style=\"background-image: url(&#039;https:\/\/www.kosmetikkaufhaus.de\/neues\/wp-content\/uploads\/2022\/08\/klapp.jpg&#039;)\">\n\n\t\t\t\n\t\t\t\t\t<\/div>\n\t\t<\/a>\t\t\t\t\t\t<\/div>\n\t\t\t\t\t\t\t\t\t\t\t<div class=\"swiper-slide\" role=\"group\" aria-roledescription=\"slide\">\n\t\t\t\t\t\t\t<a href=\"https:\/\/www.kosmetikkaufhaus.de\/detail=816=NUX14209896=Nuxe=Multi-Correction-Eye-Balm-Gel.php\">\t\t<div class=\"elementor-carousel-image\" role=\"img\" aria-label=\"nuxe\" style=\"background-image: url(&#039;https:\/\/www.kosmetikkaufhaus.de\/neues\/wp-content\/uploads\/2022\/08\/nuxe.jpg&#039;)\">\n\n\t\t\t\n\t\t\t\t\t<\/div>\n\t\t<\/a>\t\t\t\t\t\t<\/div>\n\t\t\t\t\t\t\t\t\t<\/div>\n\t\t\t\t\t\t\t\t\t\t\t\t\t\t\t<div class=\"elementor-swiper-button elementor-swiper-button-prev\" role=\"button\" tabindex=\"0\" aria-label=\"Voriger\">\n\t\t\t\t\t\t\t<i aria-hidden=\"true\" class=\"eicon-chevron-left\"><\/i>\t\t\t\t\t\t<\/div>\n\t\t\t\t\t\t<div class=\"elementor-swiper-button elementor-swiper-button-next\" role=\"button\" tabindex=\"0\" aria-label=\"N\u00e4chster\">\n\t\t\t\t\t\t\t<i aria-hidden=\"true\" class=\"eicon-chevron-right\"><\/i>\t\t\t\t\t\t<\/div>\n\t\t\t\t\t\t\t\t\t\t\t\t\t\t\t\t\t<\/div>\n\t\t\t\t<\/div>\n\t\t\t\t\t\t\t\t<\/div>\n\t\t\t\t<\/div>\n\t\t\t\t<div class=\"elementor-element elementor-element-a2cfc18 elementor-align-justify elementor-widget elementor-widget-button\" data-id=\"a2cfc18\" data-element_type=\"widget\" data-e-type=\"widget\" data-widget_type=\"button.default\">\n\t\t\t\t<div class=\"elementor-widget-container\">\n\t\t\t\t\t\t\t\t\t<div class=\"elementor-button-wrapper\">\n\t\t\t\t\t<a class=\"elementor-button elementor-button-link elementor-size-xs\" href=\"https:\/\/www.kosmetikkaufhaus.de\/kategorie=17=102=Gesicht-Augenpflege.php?page=1&#038;perpage=10&#038;hfilter=0&#038;afilter=0&#038;s_filter=undefined\">\n\t\t\t\t\t\t<span class=\"elementor-button-content-wrapper\">\n\t\t\t\t\t\t\t\t\t<span class=\"elementor-button-text\">Alle Produkte<\/span>\n\t\t\t\t\t<\/span>\n\t\t\t\t\t<\/a>\n\t\t\t\t<\/div>\n\t\t\t\t\t\t\t\t<\/div>\n\t\t\t\t<\/div>\n\t\t\t\t<div class=\"elementor-element elementor-element-5a6c34aa elementor-widget elementor-widget-heading\" data-id=\"5a6c34aa\" data-element_type=\"widget\" data-e-type=\"widget\" data-widget_type=\"heading.default\">\n\t\t\t\t<div class=\"elementor-widget-container\">\n\t\t\t\t\t<h6 class=\"elementor-heading-title elementor-size-default\">Augenpads<\/h6>\t\t\t\t<\/div>\n\t\t\t\t<\/div>\n\t\t\t\t<div class=\"elementor-element elementor-element-7b55aca4 elementor-widget elementor-widget-text-editor\" data-id=\"7b55aca4\" data-element_type=\"widget\" data-e-type=\"widget\" data-widget_type=\"text-editor.default\">\n\t\t\t\t<div class=\"elementor-widget-container\">\n\t\t\t\t\t\t\t\t\t<p>Wenn Sie Ihren Augen eine Extraportion Pflege g\u00f6nnen m\u00f6chten, sind Augenpads praktische Helfer. <b>Augenpads <\/b>haben durch den hohen Feuchtigkeitsgehalt<b>,<\/b> eine k\u00fchlende Wirkung auf die Haut \u2013 dadurch k\u00f6nnen sie nicht nur Tr\u00e4nens\u00e4cke minimieren und Augenringe bek\u00e4mpfen. Auch vorzeitiger Hautalterung wird vorgebeugt.<\/p><p>Wie oft Sie Augenpads benutzen, h\u00e4ngt von Ihrem Hautzustand, bedingt durch Alter oder Lebensgewohnheiten (Stress, wenig Schlaf, Sonne, Tabak &#8211; oder Alkoholkonsum), ab. <strong>Direkt aus dem K\u00fchlschrank<\/strong>, ist die abschwellende, erfrischende Wirkung gleich noch viel st\u00e4rker.<\/p><p><strong>Unsere Empfehlung:<\/strong>\u00a0 2 bis 3 mal die Woche \u2013 morgens oder abends nach der Gesichtsreinigung auflegen.<\/p><p>Funktioniert \u00fcbrigens auch super in Verbindung mit einer Gesichtsmaske! Zuerst werden die Augenpads aufgelegt, danach die Maske f\u00fcr das ganze Gesicht.\u00a0<\/p>\t\t\t\t\t\t\t\t<\/div>\n\t\t\t\t<\/div>\n\t\t\t\t<div class=\"elementor-element elementor-element-928f6f7 elementor-skin-carousel elementor-arrows-yes elementor-widget elementor-widget-media-carousel\" data-id=\"928f6f7\" data-element_type=\"widget\" data-e-type=\"widget\" data-settings=\"{&quot;slides_per_view&quot;:&quot;3&quot;,&quot;_animation&quot;:&quot;none&quot;,&quot;slides_per_view_tablet&quot;:&quot;3&quot;,&quot;slides_to_scroll&quot;:&quot;1&quot;,&quot;slides_to_scroll_tablet&quot;:&quot;1&quot;,&quot;slides_per_view_mobile&quot;:&quot;2&quot;,&quot;speed&quot;:649,&quot;skin&quot;:&quot;carousel&quot;,&quot;effect&quot;:&quot;slide&quot;,&quot;show_arrows&quot;:&quot;yes&quot;,&quot;space_between&quot;:{&quot;unit&quot;:&quot;px&quot;,&quot;size&quot;:10,&quot;sizes&quot;:[]},&quot;space_between_tablet&quot;:{&quot;unit&quot;:&quot;px&quot;,&quot;size&quot;:10,&quot;sizes&quot;:[]},&quot;space_between_mobile&quot;:{&quot;unit&quot;:&quot;px&quot;,&quot;size&quot;:10,&quot;sizes&quot;:[]}}\" data-widget_type=\"media-carousel.default\">\n\t\t\t\t<div class=\"elementor-widget-container\">\n\t\t\t\t\t\t\t\t\t<div class=\"elementor-swiper\">\n\t\t\t\t\t<div class=\"elementor-main-swiper swiper\" role=\"region\" aria-roledescription=\"carousel\" aria-label=\"Slider\">\n\t\t\t\t<div class=\"swiper-wrapper\">\n\t\t\t\t\t\t\t\t\t\t\t<div class=\"swiper-slide\" role=\"group\" aria-roledescription=\"slide\">\n\t\t\t\t\t\t\t<a href=\"https:\/\/www.kosmetikkaufhaus.de\/detail=223=AMB898=Annemarie-Boerlind=Hyaluron-Augenpads-6x2Stck.php\">\t\t<div class=\"elementor-carousel-image\" role=\"img\" aria-label=\"boerlindaugen\" style=\"background-image: url(&#039;https:\/\/www.kosmetikkaufhaus.de\/neues\/wp-content\/uploads\/2022\/08\/boerlindaugen.jpg&#039;)\">\n\n\t\t\t\n\t\t\t\t\t<\/div>\n\t\t<\/a>\t\t\t\t\t\t<\/div>\n\t\t\t\t\t\t\t\t\t\t\t<div class=\"swiper-slide\" role=\"group\" aria-roledescription=\"slide\">\n\t\t\t\t\t\t\t<a href=\"https:\/\/www.kosmetikkaufhaus.de\/detail=690=LBCV221501=LBC-Paris=Hydrogel-Augenpads.php\">\t\t<div class=\"elementor-carousel-image\" role=\"img\" aria-label=\"lbcaugen\" style=\"background-image: url(&#039;https:\/\/www.kosmetikkaufhaus.de\/neues\/wp-content\/uploads\/2022\/08\/lbcaugen.jpg&#039;)\">\n\n\t\t\t\n\t\t\t\t\t<\/div>\n\t\t<\/a>\t\t\t\t\t\t<\/div>\n\t\t\t\t\t\t\t\t\t\t\t<div class=\"swiper-slide\" role=\"group\" aria-roledescription=\"slide\">\n\t\t\t\t\t\t\t<a href=\"https:\/\/www.kosmetikkaufhaus.de\/detail=778=GRU122150=Gertraud-Gruber=HydroWellness-plus-Bio-Cellulose-HyaluronAugenpads.php\">\t\t<div class=\"elementor-carousel-image\" role=\"img\" aria-label=\"gruberaugen\" style=\"background-image: url(&#039;https:\/\/www.kosmetikkaufhaus.de\/neues\/wp-content\/uploads\/2022\/08\/gruberaugen.jpg&#039;)\">\n\n\t\t\t\n\t\t\t\t\t<\/div>\n\t\t<\/a>\t\t\t\t\t\t<\/div>\n\t\t\t\t\t\t\t\t\t<\/div>\n\t\t\t\t\t\t\t\t\t\t\t\t\t\t\t<div class=\"elementor-swiper-button elementor-swiper-button-prev\" role=\"button\" tabindex=\"0\" aria-label=\"Voriger\">\n\t\t\t\t\t\t\t<i aria-hidden=\"true\" class=\"eicon-chevron-left\"><\/i>\t\t\t\t\t\t<\/div>\n\t\t\t\t\t\t<div class=\"elementor-swiper-button elementor-swiper-button-next\" role=\"button\" tabindex=\"0\" aria-label=\"N\u00e4chster\">\n\t\t\t\t\t\t\t<i aria-hidden=\"true\" class=\"eicon-chevron-right\"><\/i>\t\t\t\t\t\t<\/div>\n\t\t\t\t\t\t\t\t\t\t\t\t\t\t\t\t\t<\/div>\n\t\t\t\t<\/div>\n\t\t\t\t\t\t\t\t<\/div>\n\t\t\t\t<\/div>\n\t\t\t\t<div class=\"elementor-element elementor-element-6f3610da elementor-align-justify elementor-widget elementor-widget-button\" data-id=\"6f3610da\" data-element_type=\"widget\" data-e-type=\"widget\" data-widget_type=\"button.default\">\n\t\t\t\t<div class=\"elementor-widget-container\">\n\t\t\t\t\t\t\t\t\t<div class=\"elementor-button-wrapper\">\n\t\t\t\t\t<a class=\"elementor-button elementor-button-link elementor-size-xs\" href=\"https:\/\/www.kosmetikkaufhaus.de\/kategorie=10073=102=Gesicht-Augenmasken-und-Pads.php?page=1&#038;perpage=10&#038;hfilter=0&#038;afilter=0&#038;s_filter=undefined\">\n\t\t\t\t\t\t<span class=\"elementor-button-content-wrapper\">\n\t\t\t\t\t\t\t\t\t<span class=\"elementor-button-text\">Alle Produkte<\/span>\n\t\t\t\t\t<\/span>\n\t\t\t\t\t<\/a>\n\t\t\t\t<\/div>\n\t\t\t\t\t\t\t\t<\/div>\n\t\t\t\t<\/div>\n\t\t\t\t<div class=\"elementor-element elementor-element-2a74997c elementor-widget elementor-widget-heading\" data-id=\"2a74997c\" data-element_type=\"widget\" data-e-type=\"widget\" data-widget_type=\"heading.default\">\n\t\t\t\t<div class=\"elementor-widget-container\">\n\t\t\t\t\t<h6 class=\"elementor-heading-title elementor-size-default\">Wenn\u00b4s schnell gehen muss!\n<\/h6>\t\t\t\t<\/div>\n\t\t\t\t<\/div>\n\t\t\t\t<div class=\"elementor-element elementor-element-7ce722b8 elementor-widget elementor-widget-text-editor\" data-id=\"7ce722b8\" data-element_type=\"widget\" data-e-type=\"widget\" data-widget_type=\"text-editor.default\">\n\t\t\t\t<div class=\"elementor-widget-container\">\n\t\t\t\t\t\t\t\t\t<p>Keine Zeit f\u00fcr ein ausgiebiges Beauty-Ritual? Dann hilft nur noch ein\u00a0<b>Concealer<\/b>! Es gibt ihn als Stift, in der Tube oder als Palette mit verschiedenen Farbt\u00f6nen. Er ist das Weichzeichner-Tool f\u00fcrs Gesicht, zaubert haupts\u00e4chlich dunkle Augenringe weg, kann aber auch optisch Narben, R\u00f6tungen, Pigmentst\u00f6rungen, Unreinheiten und erste F\u00e4ltchen kaschieren. Ein absoluter Multitasker!<\/p><p><strong>Was tr\u00e4gt man zuerst auf, Foundation oder Concealer?<\/strong><\/p><p>Zuerst wird die Foundation aufgetragen um die Grundlage f\u00fcr einen ebenm\u00e4\u00dfigeren Teint zu schaffen. Mit dem Concealer wird perfektioniert. Augenringe, R\u00f6tungen und kleine Makel k\u00f6nnen ganz leicht abgedeckt werden. W\u00e4hlen Sie dazu einen Concealer, der eine Nuance heller ist als Ihr Hautton.<\/p><p><strong>TIPP:<\/strong> Den\u00a0<b>Concealer<\/b>\u00a0 am besten mit dem Ringfinger einklopfen. Durch die K\u00f6rperw\u00e4rme verschmilzt das Produkt <b>besser<\/b> mit der Haut.<\/p>\t\t\t\t\t\t\t\t<\/div>\n\t\t\t\t<\/div>\n\t\t\t\t\t<\/div>\n\t\t<\/div>\n\t\t\t\t\t<\/div>\n\t\t<\/section>\n\t\t\t\t<section class=\"elementor-section elementor-top-section elementor-element elementor-element-35cfcc38 elementor-section-boxed elementor-section-height-default elementor-section-height-default\" data-id=\"35cfcc38\" data-element_type=\"section\" data-e-type=\"section\">\n\t\t\t\t\t\t<div class=\"elementor-container elementor-column-gap-default\">\n\t\t\t\t\t<div class=\"elementor-column elementor-col-100 elementor-top-column elementor-element elementor-element-42fc705e\" data-id=\"42fc705e\" data-element_type=\"column\" data-e-type=\"column\">\n\t\t\t<div class=\"elementor-widget-wrap elementor-element-populated\">\n\t\t\t\t\t\t<div class=\"elementor-element elementor-element-266eee81 elementor-skin-carousel elementor-arrows-yes elementor-widget elementor-widget-media-carousel\" data-id=\"266eee81\" data-element_type=\"widget\" data-e-type=\"widget\" data-settings=\"{&quot;slides_per_view&quot;:&quot;3&quot;,&quot;_animation&quot;:&quot;none&quot;,&quot;slides_per_view_tablet&quot;:&quot;3&quot;,&quot;slides_to_scroll&quot;:&quot;1&quot;,&quot;slides_to_scroll_tablet&quot;:&quot;1&quot;,&quot;slides_per_view_mobile&quot;:&quot;2&quot;,&quot;speed&quot;:649,&quot;skin&quot;:&quot;carousel&quot;,&quot;effect&quot;:&quot;slide&quot;,&quot;show_arrows&quot;:&quot;yes&quot;,&quot;space_between&quot;:{&quot;unit&quot;:&quot;px&quot;,&quot;size&quot;:10,&quot;sizes&quot;:[]},&quot;space_between_tablet&quot;:{&quot;unit&quot;:&quot;px&quot;,&quot;size&quot;:10,&quot;sizes&quot;:[]},&quot;space_between_mobile&quot;:{&quot;unit&quot;:&quot;px&quot;,&quot;size&quot;:10,&quot;sizes&quot;:[]}}\" data-widget_type=\"media-carousel.default\">\n\t\t\t\t<div class=\"elementor-widget-container\">\n\t\t\t\t\t\t\t\t\t<div class=\"elementor-swiper\">\n\t\t\t\t\t<div class=\"elementor-main-swiper swiper\" role=\"region\" aria-roledescription=\"carousel\" aria-label=\"Slider\">\n\t\t\t\t<div class=\"swiper-wrapper\">\n\t\t\t\t\t\t\t\t\t\t\t<div class=\"swiper-slide\" role=\"group\" aria-roledescription=\"slide\">\n\t\t\t\t\t\t\t<a href=\"https:\/\/www.kosmetikkaufhaus.de\/detail=620=EVA3011330=Eva-Garden=Concealer-Perfector-330-light-beige.php\">\t\t<div class=\"elementor-carousel-image\" role=\"img\" aria-label=\"eva\" style=\"background-image: url(&#039;https:\/\/www.kosmetikkaufhaus.de\/neues\/wp-content\/uploads\/2022\/08\/eva.jpg&#039;)\">\n\n\t\t\t\n\t\t\t\t\t<\/div>\n\t\t<\/a>\t\t\t\t\t\t<\/div>\n\t\t\t\t\t\t\t\t\t\t\t<div class=\"swiper-slide\" role=\"group\" aria-roledescription=\"slide\">\n\t\t\t\t\t\t\t<a href=\"https:\/\/www.kosmetikkaufhaus.de\/detail=519=MWD43921=Malu-Wilz-Kosmetik=Lifting-Concealer-1-light-sensual-apricot.php\">\t\t<div class=\"elementor-carousel-image\" role=\"img\" aria-label=\"maluconcealer\" style=\"background-image: url(&#039;https:\/\/www.kosmetikkaufhaus.de\/neues\/wp-content\/uploads\/2022\/08\/maluconcealer.jpg&#039;)\">\n\n\t\t\t\n\t\t\t\t\t<\/div>\n\t\t<\/a>\t\t\t\t\t\t<\/div>\n\t\t\t\t\t\t\t\t\t\t\t<div class=\"swiper-slide\" role=\"group\" aria-roledescription=\"slide\">\n\t\t\t\t\t\t\t<a href=\"https:\/\/www.kosmetikkaufhaus.de\/detail=73=SAT545163=Sante=Correcting-Concealer-3in1.php\">\t\t<div class=\"elementor-carousel-image\" role=\"img\" aria-label=\"sante\" style=\"background-image: url(&#039;https:\/\/www.kosmetikkaufhaus.de\/neues\/wp-content\/uploads\/2022\/08\/sante.jpg&#039;)\">\n\n\t\t\t\n\t\t\t\t\t<\/div>\n\t\t<\/a>\t\t\t\t\t\t<\/div>\n\t\t\t\t\t\t\t\t\t<\/div>\n\t\t\t\t\t\t\t\t\t\t\t\t\t\t\t<div class=\"elementor-swiper-button elementor-swiper-button-prev\" role=\"button\" tabindex=\"0\" aria-label=\"Voriger\">\n\t\t\t\t\t\t\t<i aria-hidden=\"true\" class=\"eicon-chevron-left\"><\/i>\t\t\t\t\t\t<\/div>\n\t\t\t\t\t\t<div class=\"elementor-swiper-button elementor-swiper-button-next\" role=\"button\" tabindex=\"0\" aria-label=\"N\u00e4chster\">\n\t\t\t\t\t\t\t<i aria-hidden=\"true\" class=\"eicon-chevron-right\"><\/i>\t\t\t\t\t\t<\/div>\n\t\t\t\t\t\t\t\t\t\t\t\t\t\t\t\t\t<\/div>\n\t\t\t\t<\/div>\n\t\t\t\t\t\t\t\t<\/div>\n\t\t\t\t<\/div>\n\t\t\t\t<div class=\"elementor-element elementor-element-507b3365 elementor-align-justify elementor-widget elementor-widget-button\" data-id=\"507b3365\" data-element_type=\"widget\" data-e-type=\"widget\" data-widget_type=\"button.default\">\n\t\t\t\t<div class=\"elementor-widget-container\">\n\t\t\t\t\t\t\t\t\t<div class=\"elementor-button-wrapper\">\n\t\t\t\t\t<a class=\"elementor-button elementor-button-link elementor-size-xs\" href=\"https:\/\/www.kosmetikkaufhaus.de\/kategorie=57=107=Make-up-Concealer-Under-Eye-Cover.php\">\n\t\t\t\t\t\t<span class=\"elementor-button-content-wrapper\">\n\t\t\t\t\t\t\t\t\t<span class=\"elementor-button-text\">Alle Produkte<\/span>\n\t\t\t\t\t<\/span>\n\t\t\t\t\t<\/a>\n\t\t\t\t<\/div>\n\t\t\t\t\t\t\t\t<\/div>\n\t\t\t\t<\/div>\n\t\t\t\t<div class=\"elementor-element elementor-element-10452c3 elementor-widget elementor-widget-text-editor\" data-id=\"10452c3\" data-element_type=\"widget\" data-e-type=\"widget\" data-widget_type=\"text-editor.default\">\n\t\t\t\t<div class=\"elementor-widget-container\">\n\t\t\t\t\t\t\t\t\t<p>Jetzt teilen:<\/p>\t\t\t\t\t\t\t\t<\/div>\n\t\t\t\t<\/div>\n\t\t\t\t<div class=\"elementor-element elementor-element-19c3e4f3 elementor-share-buttons--view-icon elementor-share-buttons--shape-circle elementor-share-buttons--color-custom elementor-grid-mobile-0 elementor-share-buttons--skin-gradient elementor-grid-0 elementor-widget elementor-widget-share-buttons\" data-id=\"19c3e4f3\" data-element_type=\"widget\" data-e-type=\"widget\" data-widget_type=\"share-buttons.default\">\n\t\t\t\t<div class=\"elementor-widget-container\">\n\t\t\t\t\t\t\t<div class=\"elementor-grid\" role=\"list\">\n\t\t\t\t\t\t\t\t<div class=\"elementor-grid-item\" role=\"listitem\">\n\t\t\t\t\t\t<div class=\"elementor-share-btn elementor-share-btn_facebook\" role=\"button\" tabindex=\"0\" aria-label=\"Teilen auf facebook\">\n\t\t\t\t\t\t\t\t\t\t\t\t\t\t\t<span class=\"elementor-share-btn__icon\">\n\t\t\t\t\t\t\t\t<i class=\"fab fa-facebook\" aria-hidden=\"true\"><\/i>\t\t\t\t\t\t\t<\/span>\n\t\t\t\t\t\t\t\t\t\t\t\t\t\t\t\t\t\t\t\t<\/div>\n\t\t\t\t\t<\/div>\n\t\t\t\t\t\t\t\t\t<div class=\"elementor-grid-item\" role=\"listitem\">\n\t\t\t\t\t\t<div class=\"elementor-share-btn elementor-share-btn_twitter\" role=\"button\" tabindex=\"0\" aria-label=\"Teilen auf twitter\">\n\t\t\t\t\t\t\t\t\t\t\t\t\t\t\t<span class=\"elementor-share-btn__icon\">\n\t\t\t\t\t\t\t\t<i class=\"fab fa-twitter\" aria-hidden=\"true\"><\/i>\t\t\t\t\t\t\t<\/span>\n\t\t\t\t\t\t\t\t\t\t\t\t\t\t\t\t\t\t\t\t<\/div>\n\t\t\t\t\t<\/div>\n\t\t\t\t\t\t\t\t\t<div class=\"elementor-grid-item\" role=\"listitem\">\n\t\t\t\t\t\t<div class=\"elementor-share-btn elementor-share-btn_pinterest\" role=\"button\" tabindex=\"0\" aria-label=\"Teilen auf pinterest\">\n\t\t\t\t\t\t\t\t\t\t\t\t\t\t\t<span class=\"elementor-share-btn__icon\">\n\t\t\t\t\t\t\t\t<i class=\"fab fa-pinterest\" aria-hidden=\"true\"><\/i>\t\t\t\t\t\t\t<\/span>\n\t\t\t\t\t\t\t\t\t\t\t\t\t\t\t\t\t\t\t\t<\/div>\n\t\t\t\t\t<\/div>\n\t\t\t\t\t\t\t\t\t<div class=\"elementor-grid-item\" role=\"listitem\">\n\t\t\t\t\t\t<div class=\"elementor-share-btn elementor-share-btn_whatsapp\" role=\"button\" tabindex=\"0\" aria-label=\"Teilen auf whatsapp\">\n\t\t\t\t\t\t\t\t\t\t\t\t\t\t\t<span class=\"elementor-share-btn__icon\">\n\t\t\t\t\t\t\t\t<i class=\"fab fa-whatsapp\" aria-hidden=\"true\"><\/i>\t\t\t\t\t\t\t<\/span>\n\t\t\t\t\t\t\t\t\t\t\t\t\t\t\t\t\t\t\t\t<\/div>\n\t\t\t\t\t<\/div>\n\t\t\t\t\t\t\t\t\t<div class=\"elementor-grid-item\" role=\"listitem\">\n\t\t\t\t\t\t<div class=\"elementor-share-btn elementor-share-btn_telegram\" role=\"button\" tabindex=\"0\" aria-label=\"Teilen auf telegram\">\n\t\t\t\t\t\t\t\t\t\t\t\t\t\t\t<span class=\"elementor-share-btn__icon\">\n\t\t\t\t\t\t\t\t<i class=\"fab fa-telegram\" aria-hidden=\"true\"><\/i>\t\t\t\t\t\t\t<\/span>\n\t\t\t\t\t\t\t\t\t\t\t\t\t\t\t\t\t\t\t\t<\/div>\n\t\t\t\t\t<\/div>\n\t\t\t\t\t\t<\/div>\n\t\t\t\t\t\t<\/div>\n\t\t\t\t<\/div>\n\t\t\t\t\t<\/div>\n\t\t<\/div>\n\t\t\t\t\t<\/div>\n\t\t<\/section>\n\t\t\t\t<section class=\"elementor-section elementor-top-section elementor-element elementor-element-76524d8e elementor-section-boxed elementor-section-height-default elementor-section-height-default\" data-id=\"76524d8e\" data-element_type=\"section\" data-e-type=\"section\">\n\t\t\t\t\t\t<div class=\"elementor-container elementor-column-gap-default\">\n\t\t\t\t\t<div class=\"elementor-column elementor-col-100 elementor-top-column elementor-element elementor-element-18484c3d\" data-id=\"18484c3d\" data-element_type=\"column\" data-e-type=\"column\">\n\t\t\t<div class=\"elementor-widget-wrap elementor-element-populated\">\n\t\t\t\t\t\t<div class=\"elementor-element elementor-element-794d5350 elementor-grid-3 elementor-grid-tablet-2 elementor-grid-mobile-1 elementor-posts--thumbnail-top elementor-widget elementor-widget-posts\" data-id=\"794d5350\" data-element_type=\"widget\" data-e-type=\"widget\" data-settings=\"{&quot;classic_columns&quot;:&quot;3&quot;,&quot;classic_columns_tablet&quot;:&quot;2&quot;,&quot;classic_columns_mobile&quot;:&quot;1&quot;,&quot;classic_row_gap&quot;:{&quot;unit&quot;:&quot;px&quot;,&quot;size&quot;:35,&quot;sizes&quot;:[]},&quot;classic_row_gap_tablet&quot;:{&quot;unit&quot;:&quot;px&quot;,&quot;size&quot;:&quot;&quot;,&quot;sizes&quot;:[]},&quot;classic_row_gap_mobile&quot;:{&quot;unit&quot;:&quot;px&quot;,&quot;size&quot;:&quot;&quot;,&quot;sizes&quot;:[]}}\" data-widget_type=\"posts.classic\">\n\t\t\t\t<div class=\"elementor-widget-container\">\n\t\t\t\t\t\t\t<div class=\"elementor-posts-container elementor-posts elementor-posts--skin-classic elementor-grid\" role=\"list\">\n\t\t\t\t<article class=\"elementor-post elementor-grid-item post-4819 post type-post status-publish format-standard has-post-thumbnail hentry category-gesichtspflege\" role=\"listitem\">\n\t\t\t\t<a class=\"elementor-post__thumbnail__link\" href=\"https:\/\/www.kosmetikkaufhaus.de\/neues\/gesichtspflege-im-sommer-ihr-ultimativer-leitfaden\/\" tabindex=\"-1\" >\n\t\t\t<div class=\"elementor-post__thumbnail\"><img fetchpriority=\"high\" decoding=\"async\" width=\"625\" height=\"625\" src=\"https:\/\/www.kosmetikkaufhaus.de\/neues\/wp-content\/uploads\/2023\/07\/pflege-im-sommer.jpg\" class=\"attachment-large size-large wp-image-5399\" alt=\"\" srcset=\"https:\/\/www.kosmetikkaufhaus.de\/neues\/wp-content\/uploads\/2023\/07\/pflege-im-sommer.jpg 1000w, https:\/\/www.kosmetikkaufhaus.de\/neues\/wp-content\/uploads\/2023\/07\/pflege-im-sommer-300x300.jpg 300w, https:\/\/www.kosmetikkaufhaus.de\/neues\/wp-content\/uploads\/2023\/07\/pflege-im-sommer-150x150.jpg 150w, https:\/\/www.kosmetikkaufhaus.de\/neues\/wp-content\/uploads\/2023\/07\/pflege-im-sommer-768x768.jpg 768w, https:\/\/www.kosmetikkaufhaus.de\/neues\/wp-content\/uploads\/2023\/07\/pflege-im-sommer-624x624.jpg 624w\" sizes=\"(max-width: 625px) 100vw, 625px\" \/><\/div>\n\t\t<\/a>\n\t\t\t\t<div class=\"elementor-post__text\">\n\t\t\t\t<h3 class=\"elementor-post__title\">\n\t\t\t<a href=\"https:\/\/www.kosmetikkaufhaus.de\/neues\/gesichtspflege-im-sommer-ihr-ultimativer-leitfaden\/\" >\n\t\t\t\tGesichtspflege im Sommer: Ihr ultimativer Leitfaden\t\t\t<\/a>\n\t\t<\/h3>\n\t\t\t\t<div class=\"elementor-post__meta-data\">\n\t\t\t\t\t<span class=\"elementor-post-date\">\n\t\t\t5. Juli 2023\t\t<\/span>\n\t\t\t\t<span class=\"elementor-post-avatar\">\n\t\t\tKeine Kommentare\t\t<\/span>\n\t\t\t\t<\/div>\n\t\t\t\t<div class=\"elementor-post__excerpt\">\n\t\t\t<p>Hier sind einige Tipps, wie Sie Ihre Gesichtshaut entsprechend ihrem Typ pflegen und sch\u00fctzen k\u00f6nnen.<\/p>\t\t<\/div>\n\t\t\t\t\t<div class=\"elementor-post__read-more-wrapper\">\n\t\t\n\t\t<a class=\"elementor-post__read-more\" href=\"https:\/\/www.kosmetikkaufhaus.de\/neues\/gesichtspflege-im-sommer-ihr-ultimativer-leitfaden\/\" aria-label=\"Mehr \u00fcber Gesichtspflege im Sommer: Ihr ultimativer Leitfaden\" tabindex=\"-1\" >\n\t\t\tWeiter lesen \u00bb\t\t<\/a>\n\n\t\t\t\t\t<\/div>\n\t\t\t\t<\/div>\n\t\t\t\t<\/article>\n\t\t\t\t<article class=\"elementor-post elementor-grid-item post-4648 post type-post status-publish format-standard has-post-thumbnail hentry category-kosmetik\" role=\"listitem\">\n\t\t\t\t<a class=\"elementor-post__thumbnail__link\" href=\"https:\/\/www.kosmetikkaufhaus.de\/neues\/hautpflege-im-fruehling\/\" tabindex=\"-1\" >\n\t\t\t<div class=\"elementor-post__thumbnail\"><img decoding=\"async\" width=\"625\" height=\"625\" src=\"https:\/\/www.kosmetikkaufhaus.de\/neues\/wp-content\/uploads\/2023\/03\/AdobeStock_545036713-1-1024x1024.jpg\" class=\"attachment-large size-large wp-image-4689\" alt=\"Hautpflege im Fr\u00fchling\" srcset=\"https:\/\/www.kosmetikkaufhaus.de\/neues\/wp-content\/uploads\/2023\/03\/AdobeStock_545036713-1-1024x1024.jpg 1024w, https:\/\/www.kosmetikkaufhaus.de\/neues\/wp-content\/uploads\/2023\/03\/AdobeStock_545036713-1-300x300.jpg 300w, https:\/\/www.kosmetikkaufhaus.de\/neues\/wp-content\/uploads\/2023\/03\/AdobeStock_545036713-1-150x150.jpg 150w, https:\/\/www.kosmetikkaufhaus.de\/neues\/wp-content\/uploads\/2023\/03\/AdobeStock_545036713-1-768x768.jpg 768w, https:\/\/www.kosmetikkaufhaus.de\/neues\/wp-content\/uploads\/2023\/03\/AdobeStock_545036713-1-624x624.jpg 624w, https:\/\/www.kosmetikkaufhaus.de\/neues\/wp-content\/uploads\/2023\/03\/AdobeStock_545036713-1.jpg 1500w\" sizes=\"(max-width: 625px) 100vw, 625px\" \/><\/div>\n\t\t<\/a>\n\t\t\t\t<div class=\"elementor-post__text\">\n\t\t\t\t<h3 class=\"elementor-post__title\">\n\t\t\t<a href=\"https:\/\/www.kosmetikkaufhaus.de\/neues\/hautpflege-im-fruehling\/\" >\n\t\t\t\tHautpflege im Fr\u00fchling\t\t\t<\/a>\n\t\t<\/h3>\n\t\t\t\t<div class=\"elementor-post__meta-data\">\n\t\t\t\t\t<span class=\"elementor-post-date\">\n\t\t\t13. M\u00e4rz 2023\t\t<\/span>\n\t\t\t\t<span class=\"elementor-post-avatar\">\n\t\t\tKeine Kommentare\t\t<\/span>\n\t\t\t\t<\/div>\n\t\t\t\t<div class=\"elementor-post__excerpt\">\n\t\t\t<p>Gesichtspflege \u00a9 Goncharuk film &#8211; stock.adobe.com Hautpflege im Fr\u00fchling Bye,Bye Winterhaut! Das ist jetzt wichtig: Mit dem Einzug des Fr\u00fchlings<\/p>\n\t\t<\/div>\n\t\t\t\t\t<div class=\"elementor-post__read-more-wrapper\">\n\t\t\n\t\t<a class=\"elementor-post__read-more\" href=\"https:\/\/www.kosmetikkaufhaus.de\/neues\/hautpflege-im-fruehling\/\" aria-label=\"Mehr \u00fcber Hautpflege im Fr\u00fchling\" tabindex=\"-1\" >\n\t\t\tWeiter lesen \u00bb\t\t<\/a>\n\n\t\t\t\t\t<\/div>\n\t\t\t\t<\/div>\n\t\t\t\t<\/article>\n\t\t\t\t<article class=\"elementor-post elementor-grid-item post-3799 post type-post status-publish format-standard has-post-thumbnail hentry category-gesichtspflege category-kosmetik\" role=\"listitem\">\n\t\t\t\t<a class=\"elementor-post__thumbnail__link\" href=\"https:\/\/www.kosmetikkaufhaus.de\/neues\/gesichtspflege-im-winter\/\" tabindex=\"-1\" >\n\t\t\t<div class=\"elementor-post__thumbnail\"><img decoding=\"async\" width=\"625\" height=\"313\" src=\"https:\/\/www.kosmetikkaufhaus.de\/neues\/wp-content\/uploads\/2022\/12\/AdobeStock_391335517-1024x512.jpg\" class=\"attachment-large size-large wp-image-3827\" alt=\"Winterpflege Produkte\" srcset=\"https:\/\/www.kosmetikkaufhaus.de\/neues\/wp-content\/uploads\/2022\/12\/AdobeStock_391335517-1024x512.jpg 1024w, https:\/\/www.kosmetikkaufhaus.de\/neues\/wp-content\/uploads\/2022\/12\/AdobeStock_391335517-300x150.jpg 300w, https:\/\/www.kosmetikkaufhaus.de\/neues\/wp-content\/uploads\/2022\/12\/AdobeStock_391335517-768x384.jpg 768w, https:\/\/www.kosmetikkaufhaus.de\/neues\/wp-content\/uploads\/2022\/12\/AdobeStock_391335517-624x312.jpg 624w, https:\/\/www.kosmetikkaufhaus.de\/neues\/wp-content\/uploads\/2022\/12\/AdobeStock_391335517.jpg 1200w\" sizes=\"(max-width: 625px) 100vw, 625px\" \/><\/div>\n\t\t<\/a>\n\t\t\t\t<div class=\"elementor-post__text\">\n\t\t\t\t<h3 class=\"elementor-post__title\">\n\t\t\t<a href=\"https:\/\/www.kosmetikkaufhaus.de\/neues\/gesichtspflege-im-winter\/\" >\n\t\t\t\tGesichtspflege im Winter\t\t\t<\/a>\n\t\t<\/h3>\n\t\t\t\t<div class=\"elementor-post__meta-data\">\n\t\t\t\t\t<span class=\"elementor-post-date\">\n\t\t\t13. Dezember 2022\t\t<\/span>\n\t\t\t\t<span class=\"elementor-post-avatar\">\n\t\t\tKeine Kommentare\t\t<\/span>\n\t\t\t\t<\/div>\n\t\t\t\t<div class=\"elementor-post__excerpt\">\n\t\t\t<p>Gesichtspflege \u00a9 Iryna- stock.adobe.com Gesichtspflege im Winter Darauf sollten Sie jetzt achten: Unsere Haut hat es im Winter nicht leicht:<\/p>\n\t\t<\/div>\n\t\t\t\t\t<div class=\"elementor-post__read-more-wrapper\">\n\t\t\n\t\t<a class=\"elementor-post__read-more\" href=\"https:\/\/www.kosmetikkaufhaus.de\/neues\/gesichtspflege-im-winter\/\" aria-label=\"Mehr \u00fcber Gesichtspflege im Winter\" tabindex=\"-1\" >\n\t\t\tWeiter lesen \u00bb\t\t<\/a>\n\n\t\t\t\t\t<\/div>\n\t\t\t\t<\/div>\n\t\t\t\t<\/article>\n\t\t\t\t<article class=\"elementor-post elementor-grid-item post-3128 post type-post status-publish format-standard has-post-thumbnail hentry category-allgemein category-kosmetik\" role=\"listitem\">\n\t\t\t\t<a class=\"elementor-post__thumbnail__link\" href=\"https:\/\/www.kosmetikkaufhaus.de\/neues\/manikuere\/\" tabindex=\"-1\" >\n\t\t\t<div class=\"elementor-post__thumbnail\"><img loading=\"lazy\" decoding=\"async\" width=\"625\" height=\"352\" src=\"https:\/\/www.kosmetikkaufhaus.de\/neues\/wp-content\/uploads\/2022\/11\/die-perfekte-manikuere-1024x576.jpg\" class=\"attachment-large size-large wp-image-3265\" alt=\"Linke Hand lackiert den Nagel der rechten hand mit Hellrosa Nagellack. Darum verteilt liegen Utensilien f\u00fcr eine Manik\u00fcre.\" srcset=\"https:\/\/www.kosmetikkaufhaus.de\/neues\/wp-content\/uploads\/2022\/11\/die-perfekte-manikuere-1024x576.jpg 1024w, https:\/\/www.kosmetikkaufhaus.de\/neues\/wp-content\/uploads\/2022\/11\/die-perfekte-manikuere-300x169.jpg 300w, https:\/\/www.kosmetikkaufhaus.de\/neues\/wp-content\/uploads\/2022\/11\/die-perfekte-manikuere-768x432.jpg 768w, https:\/\/www.kosmetikkaufhaus.de\/neues\/wp-content\/uploads\/2022\/11\/die-perfekte-manikuere-1536x864.jpg 1536w, https:\/\/www.kosmetikkaufhaus.de\/neues\/wp-content\/uploads\/2022\/11\/die-perfekte-manikuere-624x351.jpg 624w, https:\/\/www.kosmetikkaufhaus.de\/neues\/wp-content\/uploads\/2022\/11\/die-perfekte-manikuere.jpg 2000w\" sizes=\"(max-width: 625px) 100vw, 625px\" \/><\/div>\n\t\t<\/a>\n\t\t\t\t<div class=\"elementor-post__text\">\n\t\t\t\t<h3 class=\"elementor-post__title\">\n\t\t\t<a href=\"https:\/\/www.kosmetikkaufhaus.de\/neues\/manikuere\/\" >\n\t\t\t\tDie perfekte Manik\u00fcre : Anleitung und Tipps\t\t\t<\/a>\n\t\t<\/h3>\n\t\t\t\t<div class=\"elementor-post__meta-data\">\n\t\t\t\t\t<span class=\"elementor-post-date\">\n\t\t\t1. Dezember 2022\t\t<\/span>\n\t\t\t\t<span class=\"elementor-post-avatar\">\n\t\t\tKeine Kommentare\t\t<\/span>\n\t\t\t\t<\/div>\n\t\t\t\t<div class=\"elementor-post__excerpt\">\n\t\t\t<p>Mit unserer Anleitung und unseren Tipps k\u00f6nnen Sie Ihre perfekte Manik\u00fcre ganz einfach zu Hause selbst machen.<\/p>\t\t<\/div>\n\t\t\t\t\t<div class=\"elementor-post__read-more-wrapper\">\n\t\t\n\t\t<a class=\"elementor-post__read-more\" href=\"https:\/\/www.kosmetikkaufhaus.de\/neues\/manikuere\/\" aria-label=\"Mehr \u00fcber Die perfekte Manik\u00fcre : Anleitung und Tipps\" tabindex=\"-1\" >\n\t\t\tWeiter lesen \u00bb\t\t<\/a>\n\n\t\t\t\t\t<\/div>\n\t\t\t\t<\/div>\n\t\t\t\t<\/article>\n\t\t\t\t<article class=\"elementor-post elementor-grid-item post-2960 post type-post status-publish format-standard has-post-thumbnail hentry category-gesichtspflege tag-gesichtspflege tag-haarpflege tag-handpflege tag-herbst tag-lippenpflege tag-trockene-haut\" role=\"listitem\">\n\t\t\t\t<a class=\"elementor-post__thumbnail__link\" href=\"https:\/\/www.kosmetikkaufhaus.de\/neues\/hautpflege-im-herbst\/\" tabindex=\"-1\" >\n\t\t\t<div class=\"elementor-post__thumbnail\"><img loading=\"lazy\" decoding=\"async\" width=\"625\" height=\"309\" src=\"https:\/\/www.kosmetikkaufhaus.de\/neues\/wp-content\/uploads\/2022\/10\/herbstpflege1.jpg\" class=\"attachment-large size-large wp-image-2992\" alt=\"Frau mit schwarzem Hut und roten Lippen. Die Wangen gl\u00e4nzen\" srcset=\"https:\/\/www.kosmetikkaufhaus.de\/neues\/wp-content\/uploads\/2022\/10\/herbstpflege1.jpg 1024w, https:\/\/www.kosmetikkaufhaus.de\/neues\/wp-content\/uploads\/2022\/10\/herbstpflege1-300x149.jpg 300w, https:\/\/www.kosmetikkaufhaus.de\/neues\/wp-content\/uploads\/2022\/10\/herbstpflege1-768x380.jpg 768w, https:\/\/www.kosmetikkaufhaus.de\/neues\/wp-content\/uploads\/2022\/10\/herbstpflege1-624x309.jpg 624w\" sizes=\"(max-width: 625px) 100vw, 625px\" \/><\/div>\n\t\t<\/a>\n\t\t\t\t<div class=\"elementor-post__text\">\n\t\t\t\t<h3 class=\"elementor-post__title\">\n\t\t\t<a href=\"https:\/\/www.kosmetikkaufhaus.de\/neues\/hautpflege-im-herbst\/\" >\n\t\t\t\tHautpflege im Herbst &#8211; darauf kommt es an:\t\t\t<\/a>\n\t\t<\/h3>\n\t\t\t\t<div class=\"elementor-post__meta-data\">\n\t\t\t\t\t<span class=\"elementor-post-date\">\n\t\t\t6. Oktober 2022\t\t<\/span>\n\t\t\t\t<span class=\"elementor-post-avatar\">\n\t\t\tKeine Kommentare\t\t<\/span>\n\t\t\t\t<\/div>\n\t\t\t\t<div class=\"elementor-post__excerpt\">\n\t\t\t<p>Der Herbst ist da und der Wechsel zwischen den Jahreszeiten bedeutet auch eine Umstellung in unserem Alltag. Wie unseren Kleiderschrank\t\t<\/div>\n\t\t\t\t\t<div class=\"elementor-post__read-more-wrapper\">\n\t\t\n\t\t<a class=\"elementor-post__read-more\" href=\"https:\/\/www.kosmetikkaufhaus.de\/neues\/hautpflege-im-herbst\/\" aria-label=\"Mehr \u00fcber Hautpflege im Herbst &#8211; darauf kommt es an:\" tabindex=\"-1\" >\n\t\t\tWeiter lesen \u00bb\t\t<\/a>\n\n\t\t\t\t\t<\/div>\n\t\t\t\t<\/div>\n\t\t\t\t<\/article>\n\t\t\t\t<article class=\"elementor-post elementor-grid-item post-985 post type-post status-publish format-standard has-post-thumbnail hentry category-gesichtspflege tag-gesichtspflege\" role=\"listitem\">\n\t\t\t\t<a class=\"elementor-post__thumbnail__link\" href=\"https:\/\/www.kosmetikkaufhaus.de\/neues\/top-10-anti-aging-wirkstoffe\/\" tabindex=\"-1\" >\n\t\t\t<div class=\"elementor-post__thumbnail\"><img loading=\"lazy\" decoding=\"async\" width=\"625\" height=\"417\" src=\"https:\/\/www.kosmetikkaufhaus.de\/neues\/wp-content\/uploads\/2022\/08\/Top10AntiAgingWirkstoffe1-1024x683.jpg\" class=\"attachment-large size-large wp-image-1596\" alt=\"Drei Tropfen eines Ant-Aging Wirkstoff Konzentrats mit Pipette\" srcset=\"https:\/\/www.kosmetikkaufhaus.de\/neues\/wp-content\/uploads\/2022\/08\/Top10AntiAgingWirkstoffe1-1024x683.jpg 1024w, https:\/\/www.kosmetikkaufhaus.de\/neues\/wp-content\/uploads\/2022\/08\/Top10AntiAgingWirkstoffe1-300x200.jpg 300w, https:\/\/www.kosmetikkaufhaus.de\/neues\/wp-content\/uploads\/2022\/08\/Top10AntiAgingWirkstoffe1-768x512.jpg 768w, https:\/\/www.kosmetikkaufhaus.de\/neues\/wp-content\/uploads\/2022\/08\/Top10AntiAgingWirkstoffe1-1536x1024.jpg 1536w, https:\/\/www.kosmetikkaufhaus.de\/neues\/wp-content\/uploads\/2022\/08\/Top10AntiAgingWirkstoffe1-624x416.jpg 624w, https:\/\/www.kosmetikkaufhaus.de\/neues\/wp-content\/uploads\/2022\/08\/Top10AntiAgingWirkstoffe1.jpg 2048w\" sizes=\"(max-width: 625px) 100vw, 625px\" \/><\/div>\n\t\t<\/a>\n\t\t\t\t<div class=\"elementor-post__text\">\n\t\t\t\t<h3 class=\"elementor-post__title\">\n\t\t\t<a href=\"https:\/\/www.kosmetikkaufhaus.de\/neues\/top-10-anti-aging-wirkstoffe\/\" >\n\t\t\t\tAnti-Aging Wirkstoffe: Die Top 10 Inhaltsstoffe\t\t\t<\/a>\n\t\t<\/h3>\n\t\t\t\t<div class=\"elementor-post__meta-data\">\n\t\t\t\t\t<span class=\"elementor-post-date\">\n\t\t\t26. August 2022\t\t<\/span>\n\t\t\t\t<span class=\"elementor-post-avatar\">\n\t\t\tKeine Kommentare\t\t<\/span>\n\t\t\t\t<\/div>\n\t\t\t\t<div class=\"elementor-post__excerpt\">\n\t\t\t<p>Jede Creme wirbt mit einem anderen Inhaltsstoff, der F\u00e4ltchen einfach wegradieren soll. Doch welche Wirkstoffe helfen nun tats\u00e4chlich? Damit Sie\t\t<\/div>\n\t\t\t\t\t<div class=\"elementor-post__read-more-wrapper\">\n\t\t\n\t\t<a class=\"elementor-post__read-more\" href=\"https:\/\/www.kosmetikkaufhaus.de\/neues\/top-10-anti-aging-wirkstoffe\/\" aria-label=\"Mehr \u00fcber Anti-Aging Wirkstoffe: Die Top 10 Inhaltsstoffe\" tabindex=\"-1\" >\n\t\t\tWeiter lesen \u00bb\t\t<\/a>\n\n\t\t\t\t\t<\/div>\n\t\t\t\t<\/div>\n\t\t\t\t<\/article>\n\t\t\t\t<\/div>\n\t\t\n\t\t\t\t\t\t<\/div>\n\t\t\t\t<\/div>\n\t\t\t\t\t<\/div>\n\t\t<\/div>\n\t\t\t\t\t<\/div>\n\t\t<\/section>\n\t\t\t\t<\/div>\n\t\t","protected":false},"excerpt":{"rendered":"<p>Geschwollene, rote Augen, Tr\u00e4nens\u00e4cke, dunkle Augenringe geschwollene und rote Augen \u2013 der Blick in den Spiegel kann einen morgens schon mal erschrecken. Jetzt nur nicht in Panik verfallen, mit  speziellen Pflegeprodukten und ein paar kleinen Muntermachern werden die Augen wieder auf Vordermann gebracht und einem strahlendem Blick steht nichts mehr im Weg!<\/p>\n","protected":false},"author":1,"featured_media":1823,"comment_status":"closed","ping_status":"open","sticky":false,"template":"elementor_header_footer","format":"standard","meta":{"footnotes":""},"categories":[13],"tags":[82,84,83,70,80,81],"class_list":["post-729","post","type-post","status-publish","format-standard","has-post-thumbnail","hentry","category-gesichtspflege","tag-augencreme","tag-augengel","tag-augenpads","tag-augenpflege","tag-augenringe","tag-dunkle-schatten"],"yoast_head":"<!-- This site is optimized with the Yoast SEO plugin v26.9 - https:\/\/yoast.com\/product\/yoast-seo-wordpress\/ -->\n<title>Stand der Dinge? Augenringe! - kosmetikkaufhaus News<\/title>\n<meta name=\"robots\" content=\"index, follow, max-snippet:-1, max-image-preview:large, max-video-preview:-1\" \/>\n<link rel=\"canonical\" href=\"https:\/\/www.kosmetikkaufhaus.de\/neues\/augenpflege\/\" \/>\n<meta property=\"og:locale\" content=\"de_DE\" \/>\n<meta property=\"og:type\" content=\"article\" \/>\n<meta property=\"og:title\" content=\"Stand der Dinge? Augenringe! - kosmetikkaufhaus News\" \/>\n<meta property=\"og:description\" content=\"Geschwollene, rote Augen, Tr\u00e4nens\u00e4cke, dunkle Augenringe geschwollene und rote Augen \u2013 der Blick in den Spiegel kann einen morgens schon mal erschrecken. Jetzt nur nicht in Panik verfallen, mit speziellen Pflegeprodukten und ein paar kleinen Muntermachern werden die Augen wieder auf Vordermann gebracht und einem strahlendem Blick steht nichts mehr im Weg!\" \/>\n<meta property=\"og:url\" content=\"https:\/\/www.kosmetikkaufhaus.de\/neues\/augenpflege\/\" \/>\n<meta property=\"og:site_name\" content=\"kosmetikkaufhaus News\" \/>\n<meta property=\"article:publisher\" content=\"https:\/\/www.facebook.com\/kosmetikkaufhaus.de\" \/>\n<meta property=\"article:published_time\" content=\"2022-08-09T14:13:35+00:00\" \/>\n<meta property=\"article:modified_time\" content=\"2022-08-16T21:00:28+00:00\" \/>\n<meta property=\"og:image\" content=\"https:\/\/www.kosmetikkaufhaus.de\/neues\/wp-content\/uploads\/2022\/08\/Augenpflege1.jpg\" \/>\n\t<meta property=\"og:image:width\" content=\"2048\" \/>\n\t<meta property=\"og:image:height\" content=\"1031\" \/>\n\t<meta property=\"og:image:type\" content=\"image\/jpeg\" \/>\n<meta name=\"author\" content=\"newsverwaltung\" \/>\n<meta name=\"twitter:card\" content=\"summary_large_image\" \/>\n<meta name=\"twitter:label1\" content=\"Verfasst von\" \/>\n\t<meta name=\"twitter:data1\" content=\"newsverwaltung\" \/>\n\t<meta name=\"twitter:label2\" content=\"Gesch\u00e4tzte Lesezeit\" \/>\n\t<meta name=\"twitter:data2\" content=\"3\u00a0Minuten\" \/>\n<script type=\"application\/ld+json\" class=\"yoast-schema-graph\">{\"@context\":\"https:\/\/schema.org\",\"@graph\":[{\"@type\":\"Article\",\"@id\":\"https:\/\/www.kosmetikkaufhaus.de\/neues\/augenpflege\/#article\",\"isPartOf\":{\"@id\":\"https:\/\/www.kosmetikkaufhaus.de\/neues\/augenpflege\/\"},\"author\":{\"name\":\"newsverwaltung\",\"@id\":\"https:\/\/www.kosmetikkaufhaus.de\/neues\/#\/schema\/person\/554d2fb8c59f3fb3e1a96c0f6376fcea\"},\"headline\":\"Stand der Dinge? Augenringe!\",\"datePublished\":\"2022-08-09T14:13:35+00:00\",\"dateModified\":\"2022-08-16T21:00:28+00:00\",\"mainEntityOfPage\":{\"@id\":\"https:\/\/www.kosmetikkaufhaus.de\/neues\/augenpflege\/\"},\"wordCount\":506,\"publisher\":{\"@id\":\"https:\/\/www.kosmetikkaufhaus.de\/neues\/#organization\"},\"image\":{\"@id\":\"https:\/\/www.kosmetikkaufhaus.de\/neues\/augenpflege\/#primaryimage\"},\"thumbnailUrl\":\"https:\/\/www.kosmetikkaufhaus.de\/neues\/wp-content\/uploads\/2022\/08\/Augenpflege1.jpg\",\"keywords\":[\"Augencreme\",\"Augengel\",\"Augenpads\",\"Augenpflege\",\"Augenringe\",\"dunkle Schatten\"],\"articleSection\":[\"Gesichtspflege\"],\"inLanguage\":\"de\"},{\"@type\":\"WebPage\",\"@id\":\"https:\/\/www.kosmetikkaufhaus.de\/neues\/augenpflege\/\",\"url\":\"https:\/\/www.kosmetikkaufhaus.de\/neues\/augenpflege\/\",\"name\":\"Stand der Dinge? Augenringe! - kosmetikkaufhaus News\",\"isPartOf\":{\"@id\":\"https:\/\/www.kosmetikkaufhaus.de\/neues\/#website\"},\"primaryImageOfPage\":{\"@id\":\"https:\/\/www.kosmetikkaufhaus.de\/neues\/augenpflege\/#primaryimage\"},\"image\":{\"@id\":\"https:\/\/www.kosmetikkaufhaus.de\/neues\/augenpflege\/#primaryimage\"},\"thumbnailUrl\":\"https:\/\/www.kosmetikkaufhaus.de\/neues\/wp-content\/uploads\/2022\/08\/Augenpflege1.jpg\",\"datePublished\":\"2022-08-09T14:13:35+00:00\",\"dateModified\":\"2022-08-16T21:00:28+00:00\",\"breadcrumb\":{\"@id\":\"https:\/\/www.kosmetikkaufhaus.de\/neues\/augenpflege\/#breadcrumb\"},\"inLanguage\":\"de\",\"potentialAction\":[{\"@type\":\"ReadAction\",\"target\":[\"https:\/\/www.kosmetikkaufhaus.de\/neues\/augenpflege\/\"]}]},{\"@type\":\"ImageObject\",\"inLanguage\":\"de\",\"@id\":\"https:\/\/www.kosmetikkaufhaus.de\/neues\/augenpflege\/#primaryimage\",\"url\":\"https:\/\/www.kosmetikkaufhaus.de\/neues\/wp-content\/uploads\/2022\/08\/Augenpflege1.jpg\",\"contentUrl\":\"https:\/\/www.kosmetikkaufhaus.de\/neues\/wp-content\/uploads\/2022\/08\/Augenpflege1.jpg\",\"width\":2048,\"height\":1031,\"caption\":\"Br\u00fcnette Frau, die Augenpads aus unserem Kosmetik Onlineshop auflegt\"},{\"@type\":\"BreadcrumbList\",\"@id\":\"https:\/\/www.kosmetikkaufhaus.de\/neues\/augenpflege\/#breadcrumb\",\"itemListElement\":[{\"@type\":\"ListItem\",\"position\":1,\"name\":\"Startseite\",\"item\":\"https:\/\/www.kosmetikkaufhaus.de\/neues\/\"},{\"@type\":\"ListItem\",\"position\":2,\"name\":\"Stand der Dinge? Augenringe!\"}]},{\"@type\":\"WebSite\",\"@id\":\"https:\/\/www.kosmetikkaufhaus.de\/neues\/#website\",\"url\":\"https:\/\/www.kosmetikkaufhaus.de\/neues\/\",\"name\":\"kosmetikkaufhaus News\",\"description\":\"Eine weitere WordPress-Website\",\"publisher\":{\"@id\":\"https:\/\/www.kosmetikkaufhaus.de\/neues\/#organization\"},\"potentialAction\":[{\"@type\":\"SearchAction\",\"target\":{\"@type\":\"EntryPoint\",\"urlTemplate\":\"https:\/\/www.kosmetikkaufhaus.de\/neues\/?s={search_term_string}\"},\"query-input\":{\"@type\":\"PropertyValueSpecification\",\"valueRequired\":true,\"valueName\":\"search_term_string\"}}],\"inLanguage\":\"de\"},{\"@type\":\"Organization\",\"@id\":\"https:\/\/www.kosmetikkaufhaus.de\/neues\/#organization\",\"name\":\"kosmetikkaufhaus News\",\"url\":\"https:\/\/www.kosmetikkaufhaus.de\/neues\/\",\"logo\":{\"@type\":\"ImageObject\",\"inLanguage\":\"de\",\"@id\":\"https:\/\/www.kosmetikkaufhaus.de\/neues\/#\/schema\/logo\/image\/\",\"url\":\"https:\/\/www.kosmetikkaufhaus.de\/neues\/wp-content\/uploads\/2022\/11\/LogoKKH.png\",\"contentUrl\":\"https:\/\/www.kosmetikkaufhaus.de\/neues\/wp-content\/uploads\/2022\/11\/LogoKKH.png\",\"width\":2833,\"height\":529,\"caption\":\"kosmetikkaufhaus News\"},\"image\":{\"@id\":\"https:\/\/www.kosmetikkaufhaus.de\/neues\/#\/schema\/logo\/image\/\"},\"sameAs\":[\"https:\/\/www.facebook.com\/kosmetikkaufhaus.de\"]},{\"@type\":\"Person\",\"@id\":\"https:\/\/www.kosmetikkaufhaus.de\/neues\/#\/schema\/person\/554d2fb8c59f3fb3e1a96c0f6376fcea\",\"name\":\"newsverwaltung\",\"sameAs\":[\"https:\/\/www.kosmetikkaufhaus.de\/neues\"],\"url\":\"https:\/\/www.kosmetikkaufhaus.de\/neues\/author\/newsverwaltung\/\"}]}<\/script>\n<!-- \/ Yoast SEO plugin. -->","yoast_head_json":{"title":"Stand der Dinge? Augenringe! - kosmetikkaufhaus News","robots":{"index":"index","follow":"follow","max-snippet":"max-snippet:-1","max-image-preview":"max-image-preview:large","max-video-preview":"max-video-preview:-1"},"canonical":"https:\/\/www.kosmetikkaufhaus.de\/neues\/augenpflege\/","og_locale":"de_DE","og_type":"article","og_title":"Stand der Dinge? Augenringe! - kosmetikkaufhaus News","og_description":"Geschwollene, rote Augen, Tr\u00e4nens\u00e4cke, dunkle Augenringe geschwollene und rote Augen \u2013 der Blick in den Spiegel kann einen morgens schon mal erschrecken. Jetzt nur nicht in Panik verfallen, mit speziellen Pflegeprodukten und ein paar kleinen Muntermachern werden die Augen wieder auf Vordermann gebracht und einem strahlendem Blick steht nichts mehr im Weg!","og_url":"https:\/\/www.kosmetikkaufhaus.de\/neues\/augenpflege\/","og_site_name":"kosmetikkaufhaus News","article_publisher":"https:\/\/www.facebook.com\/kosmetikkaufhaus.de","article_published_time":"2022-08-09T14:13:35+00:00","article_modified_time":"2022-08-16T21:00:28+00:00","og_image":[{"width":2048,"height":1031,"url":"https:\/\/www.kosmetikkaufhaus.de\/neues\/wp-content\/uploads\/2022\/08\/Augenpflege1.jpg","type":"image\/jpeg"}],"author":"newsverwaltung","twitter_card":"summary_large_image","twitter_misc":{"Verfasst von":"newsverwaltung","Gesch\u00e4tzte Lesezeit":"3\u00a0Minuten"},"schema":{"@context":"https:\/\/schema.org","@graph":[{"@type":"Article","@id":"https:\/\/www.kosmetikkaufhaus.de\/neues\/augenpflege\/#article","isPartOf":{"@id":"https:\/\/www.kosmetikkaufhaus.de\/neues\/augenpflege\/"},"author":{"name":"newsverwaltung","@id":"https:\/\/www.kosmetikkaufhaus.de\/neues\/#\/schema\/person\/554d2fb8c59f3fb3e1a96c0f6376fcea"},"headline":"Stand der Dinge? Augenringe!","datePublished":"2022-08-09T14:13:35+00:00","dateModified":"2022-08-16T21:00:28+00:00","mainEntityOfPage":{"@id":"https:\/\/www.kosmetikkaufhaus.de\/neues\/augenpflege\/"},"wordCount":506,"publisher":{"@id":"https:\/\/www.kosmetikkaufhaus.de\/neues\/#organization"},"image":{"@id":"https:\/\/www.kosmetikkaufhaus.de\/neues\/augenpflege\/#primaryimage"},"thumbnailUrl":"https:\/\/www.kosmetikkaufhaus.de\/neues\/wp-content\/uploads\/2022\/08\/Augenpflege1.jpg","keywords":["Augencreme","Augengel","Augenpads","Augenpflege","Augenringe","dunkle Schatten"],"articleSection":["Gesichtspflege"],"inLanguage":"de"},{"@type":"WebPage","@id":"https:\/\/www.kosmetikkaufhaus.de\/neues\/augenpflege\/","url":"https:\/\/www.kosmetikkaufhaus.de\/neues\/augenpflege\/","name":"Stand der Dinge? Augenringe! - kosmetikkaufhaus News","isPartOf":{"@id":"https:\/\/www.kosmetikkaufhaus.de\/neues\/#website"},"primaryImageOfPage":{"@id":"https:\/\/www.kosmetikkaufhaus.de\/neues\/augenpflege\/#primaryimage"},"image":{"@id":"https:\/\/www.kosmetikkaufhaus.de\/neues\/augenpflege\/#primaryimage"},"thumbnailUrl":"https:\/\/www.kosmetikkaufhaus.de\/neues\/wp-content\/uploads\/2022\/08\/Augenpflege1.jpg","datePublished":"2022-08-09T14:13:35+00:00","dateModified":"2022-08-16T21:00:28+00:00","breadcrumb":{"@id":"https:\/\/www.kosmetikkaufhaus.de\/neues\/augenpflege\/#breadcrumb"},"inLanguage":"de","potentialAction":[{"@type":"ReadAction","target":["https:\/\/www.kosmetikkaufhaus.de\/neues\/augenpflege\/"]}]},{"@type":"ImageObject","inLanguage":"de","@id":"https:\/\/www.kosmetikkaufhaus.de\/neues\/augenpflege\/#primaryimage","url":"https:\/\/www.kosmetikkaufhaus.de\/neues\/wp-content\/uploads\/2022\/08\/Augenpflege1.jpg","contentUrl":"https:\/\/www.kosmetikkaufhaus.de\/neues\/wp-content\/uploads\/2022\/08\/Augenpflege1.jpg","width":2048,"height":1031,"caption":"Br\u00fcnette Frau, die Augenpads aus unserem Kosmetik Onlineshop auflegt"},{"@type":"BreadcrumbList","@id":"https:\/\/www.kosmetikkaufhaus.de\/neues\/augenpflege\/#breadcrumb","itemListElement":[{"@type":"ListItem","position":1,"name":"Startseite","item":"https:\/\/www.kosmetikkaufhaus.de\/neues\/"},{"@type":"ListItem","position":2,"name":"Stand der Dinge? Augenringe!"}]},{"@type":"WebSite","@id":"https:\/\/www.kosmetikkaufhaus.de\/neues\/#website","url":"https:\/\/www.kosmetikkaufhaus.de\/neues\/","name":"kosmetikkaufhaus News","description":"Eine weitere WordPress-Website","publisher":{"@id":"https:\/\/www.kosmetikkaufhaus.de\/neues\/#organization"},"potentialAction":[{"@type":"SearchAction","target":{"@type":"EntryPoint","urlTemplate":"https:\/\/www.kosmetikkaufhaus.de\/neues\/?s={search_term_string}"},"query-input":{"@type":"PropertyValueSpecification","valueRequired":true,"valueName":"search_term_string"}}],"inLanguage":"de"},{"@type":"Organization","@id":"https:\/\/www.kosmetikkaufhaus.de\/neues\/#organization","name":"kosmetikkaufhaus News","url":"https:\/\/www.kosmetikkaufhaus.de\/neues\/","logo":{"@type":"ImageObject","inLanguage":"de","@id":"https:\/\/www.kosmetikkaufhaus.de\/neues\/#\/schema\/logo\/image\/","url":"https:\/\/www.kosmetikkaufhaus.de\/neues\/wp-content\/uploads\/2022\/11\/LogoKKH.png","contentUrl":"https:\/\/www.kosmetikkaufhaus.de\/neues\/wp-content\/uploads\/2022\/11\/LogoKKH.png","width":2833,"height":529,"caption":"kosmetikkaufhaus News"},"image":{"@id":"https:\/\/www.kosmetikkaufhaus.de\/neues\/#\/schema\/logo\/image\/"},"sameAs":["https:\/\/www.facebook.com\/kosmetikkaufhaus.de"]},{"@type":"Person","@id":"https:\/\/www.kosmetikkaufhaus.de\/neues\/#\/schema\/person\/554d2fb8c59f3fb3e1a96c0f6376fcea","name":"newsverwaltung","sameAs":["https:\/\/www.kosmetikkaufhaus.de\/neues"],"url":"https:\/\/www.kosmetikkaufhaus.de\/neues\/author\/newsverwaltung\/"}]}},"_links":{"self":[{"href":"https:\/\/www.kosmetikkaufhaus.de\/neues\/wp-json\/wp\/v2\/posts\/729","targetHints":{"allow":["GET"]}}],"collection":[{"href":"https:\/\/www.kosmetikkaufhaus.de\/neues\/wp-json\/wp\/v2\/posts"}],"about":[{"href":"https:\/\/www.kosmetikkaufhaus.de\/neues\/wp-json\/wp\/v2\/types\/post"}],"author":[{"embeddable":true,"href":"https:\/\/www.kosmetikkaufhaus.de\/neues\/wp-json\/wp\/v2\/users\/1"}],"replies":[{"embeddable":true,"href":"https:\/\/www.kosmetikkaufhaus.de\/neues\/wp-json\/wp\/v2\/comments?post=729"}],"version-history":[{"count":64,"href":"https:\/\/www.kosmetikkaufhaus.de\/neues\/wp-json\/wp\/v2\/posts\/729\/revisions"}],"predecessor-version":[{"id":2572,"href":"https:\/\/www.kosmetikkaufhaus.de\/neues\/wp-json\/wp\/v2\/posts\/729\/revisions\/2572"}],"wp:featuredmedia":[{"embeddable":true,"href":"https:\/\/www.kosmetikkaufhaus.de\/neues\/wp-json\/wp\/v2\/media\/1823"}],"wp:attachment":[{"href":"https:\/\/www.kosmetikkaufhaus.de\/neues\/wp-json\/wp\/v2\/media?parent=729"}],"wp:term":[{"taxonomy":"category","embeddable":true,"href":"https:\/\/www.kosmetikkaufhaus.de\/neues\/wp-json\/wp\/v2\/categories?post=729"},{"taxonomy":"post_tag","embeddable":true,"href":"https:\/\/www.kosmetikkaufhaus.de\/neues\/wp-json\/wp\/v2\/tags?post=729"}],"curies":[{"name":"wp","href":"https:\/\/api.w.org\/{rel}","templated":true}]}}